{"id":255726,"date":"2020-12-21T08:00:53","date_gmt":"2020-12-21T11:00:53","guid":{"rendered":"https:\/\/www.cnbb.org.br\/?p=255726"},"modified":"2020-12-21T09:50:51","modified_gmt":"2020-12-21T12:50:51","slug":"cnbb-lanca-edital-reformulado-para-a-53a-edicao-dos-premios-de-comunicacao-2019-2020","status":"publish","type":"post","link":"https:\/\/www.cnbb.org.br\/cnbb-lanca-edital-reformulado-para-a-53a-edicao-dos-premios-de-comunicacao-2019-2020\/","title":{"rendered":"CNBB lan\u00e7a edital reformulado para a 53\u00aa edi\u00e7\u00e3o dos Pr\u00eamios de Comunica\u00e7\u00e3o (2019-2020)"},"content":{"rendered":"<p style=\"text-align: justify;\">A Confer\u00eancia Nacional dos Bispos do Brasil (CNBB), por meio de sua Comiss\u00e3o Episcopal Pastoral para a Comunica\u00e7\u00e3o, lan\u00e7a em 25 de novembro, o edital da 53\u00aa edi\u00e7\u00e3o dos Pr\u00eamios de Comunica\u00e7\u00e3o da entidade. Com cerim\u00f4nia de entrega prevista para acontecer em outubro de 2021, na cidade de Bras\u00edlia (DF), a premia\u00e7\u00e3o ter\u00e1 inscri\u00e7\u00f5es abertas entre os dias 22 de fevereiro e 23 de maio de 2021 para trabalhos realizados entre 1 de janeiro de 2019 e 31 de dezembro de 2020.<\/p>\n<p style=\"text-align: justify;\">Em carta, divulgada hoje, a CNBB afirma que, por meio dos pr\u00eamios, reconhece trabalhos que promovem os valores crist\u00e3os em diferentes \u00e1reas da comunica\u00e7\u00e3o no pa\u00eds.\u00a0 A carta \u00e9 assinada pelo arcebispo de Belo Horizonte (MG) e presidente da CNBB, dom Walmor Oliveira de Azevedo, pelo bispo auxiliar de Belo Horizonte e presidente da Comiss\u00e3o para a Comunica\u00e7\u00e3o da CNBB, pelo bispo de Oeiras (PI), respons\u00e1vel pelos pr\u00eamios de Comunica\u00e7\u00e3o da entidade, dom Edilson Soares Nobre, e pelo coordenador dos pr\u00eamios, Rafael Alberto Alves dos Santos<\/p>\n<p style=\"text-align: justify;\">Segundo o novo coordenador dos Pr\u00eamios de Comunica\u00e7\u00e3o da CNBB, Rafael Alberto Alves dos Santos, \u00e9 a primeira vez que os pr\u00eamios v\u00e3o contemplar trabalhos realizados em 2 anos &#8211; 2019 e 2020. O motivo foi o cancelamento da premia\u00e7\u00e3o em 2020 em raz\u00e3o da pandemia do novo Coronav\u00edrus.<\/p>\n<p style=\"text-align: justify;\">Al\u00e9m dos pr\u00eamios tradicionais (Cinema, TV, R\u00e1dio, Internet\/Redes Sociais e Imprensa), a CNBB estreia nesta 53\u00aa edi\u00e7\u00e3o duas novas categorias \u2013 Pesquisas de P\u00f3s-Gradua\u00e7\u00e3o e pr\u00e1ticas e experi\u00eancias da\u00a0 Pastoral da Comunica\u00e7\u00e3o. Em anexo, o novo edital e carta aos profissionais de comunica\u00e7\u00e3o e cultura.<\/p>\n<h3 style=\"text-align: justify;\">Mudan\u00e7as e aprimoramentos<\/h3>\n<figure id=\"attachment_255727\" aria-describedby=\"caption-attachment-255727\" style=\"width: 300px\" class=\"wp-caption alignright\"><img decoding=\"async\" loading=\"lazy\" class=\"wp-image-255727 size-medium\" src=\"https:\/\/www.cnbb.org.br\/wp-content\/uploads\/2020\/11\/Logo-53\u00aa-Edi\u00e7\u00e3o-dos-Pr\u00eamios-de-Comunica\u00e7\u00e3o-300x192.jpg\" alt=\"\" width=\"300\" height=\"192\" srcset=\"https:\/\/www.cnbb.org.br\/wp-content\/uploads\/2020\/11\/Logo-53\u00aa-Edi\u00e7\u00e3o-dos-Pr\u00eamios-de-Comunica\u00e7\u00e3o-300x192.jpg 300w, https:\/\/www.cnbb.org.br\/wp-content\/uploads\/2020\/11\/Logo-53\u00aa-Edi\u00e7\u00e3o-dos-Pr\u00eamios-de-Comunica\u00e7\u00e3o-768x492.jpg 768w, https:\/\/www.cnbb.org.br\/wp-content\/uploads\/2020\/11\/Logo-53\u00aa-Edi\u00e7\u00e3o-dos-Pr\u00eamios-de-Comunica\u00e7\u00e3o-500x320.jpg 500w, https:\/\/www.cnbb.org.br\/wp-content\/uploads\/2020\/11\/Logo-53\u00aa-Edi\u00e7\u00e3o-dos-Pr\u00eamios-de-Comunica\u00e7\u00e3o.jpg 1017w\" sizes=\"(max-width: 300px) 100vw, 300px\" \/><figcaption id=\"caption-attachment-255727\" class=\"wp-caption-text\">Nova logomarca dos Pr\u00eamios de Comunica\u00e7\u00e3o da CNBB.<\/figcaption><\/figure>\n<p>&nbsp;<\/p>\n<p style=\"text-align: justify;\">O coordenador dos pr\u00eamios informa tamb\u00e9m que algumas mudan\u00e7as foram feitas no pr\u00eamio, <a href=\"https:\/\/www.cnbb.org.br\/wp-content\/uploads\/2020\/11\/IDVisual_53PremiosDeComunicacaoCNBB.pdf\">desde a reformula\u00e7\u00e3o da logomarca<\/a> at\u00e9 pequenos ajustes nas categorias.<\/p>\n<p style=\"text-align: justify;\">Por exemplo, antes podiam se inscrever apenas longas acima de 70 minutos e curtas abaixo de 40 minutos. As produ\u00e7\u00f5es entre 40 e 70 minutos ficavam de fora do certame.\u00a0 Agora o novo edital considera \u00a0longa acima de 70 e curta abaixo de 70 minutos.<\/p>\n<p style=\"text-align: justify;\">Est\u00e1 em curso tamb\u00e9m um processo de renova\u00e7\u00e3o das institui\u00e7\u00f5es que comp\u00f5em o j\u00fari t\u00e9cnico dos Pr\u00eamios. Outra mudan\u00e7a, anunciada pela coordena\u00e7\u00e3o dos Pr\u00eamios de Comunica\u00e7\u00e3o da CNBB, \u00e9 na composi\u00e7\u00e3o da comiss\u00e3o eclesial de julgamento das obras que se candidatam. A partir desta edi\u00e7\u00e3o passar\u00e3o a ser 21 bispos, sendo 3 para julgar as obras inscritas em cada categoria.<\/p>\n<p style=\"text-align: justify;\">O site dos pr\u00eamios tamb\u00e9m foi completamente reformulado, a partir da\u00a0 nova identidade visual. Para acessar e obter mais informa\u00e7\u00f5es basta entrar no seguinte endere\u00e7o: <a href=\"https:\/\/premios.cnbb.org.br\/\" target=\"_blank\" rel=\"noopener\">www.premios.cnbb.org.br<\/a><\/p>\n<p>Acesse a carta de lan\u00e7amento do edital: <a href=\"https:\/\/www.cnbb.org.br\/wp-content\/uploads\/2020\/11\/Carta-da-53%C2%AA.-Edic%CC%A7a%CC%83o-de-Pre%CC%82mios-de-Comunicac%CC%A7a%CC%83o-da-CNBB.pdf\">Carta de lan\u00e7amento da 53\u00aa Edi\u00e7\u00e3o<\/a><\/p>\n<p style=\"text-align: justify;\">Acesse o edital aqui: <a href=\"https:\/\/www.cnbb.org.br\/wp-content\/uploads\/2020\/11\/Edital-53%C2%AA-edi%C3%A7%C3%A3o-dos-Pr%C3%AAmios-de-Comunica%C3%A7%C3%A3o-CNBB.pdf\">Edital da 53\u00aa edi\u00e7\u00e3o dos Pr\u00eamios de Comunica\u00e7\u00e3o<\/a><\/p>\n<p>&nbsp;<\/p>\n<p>&nbsp;<\/p>\n<p>&nbsp;<\/p>\n<p>&nbsp;<\/p>\n","protected":false},"excerpt":{"rendered":"<p>A premia\u00e7\u00e3o ter\u00e1 inscri\u00e7\u00f5es abertas entre os dias 22 de fevereiro e 23 de maio de 2021 para trabalhos realizados entre 1 de janeiro de 2019 e 31 de dezembro de 2020. Tamb\u00e9m foram reformulados a nova identidade visual, o site e as comiss\u00f5es e j\u00faris que v\u00e3o eleger os trabalhos selecionados<\/p>\n","protected":false},"author":83,"featured_media":255730,"comment_status":"open","ping_status":"open","sticky":false,"template":"","format":"standard","meta":{"site-sidebar-layout":"default","site-content-layout":"default","ast-global-header-display":"","ast-banner-title-visibility":"","ast-main-header-display":"","ast-hfb-above-header-display":"","ast-hfb-below-header-display":"","ast-hfb-mobile-header-display":"","site-post-title":"","ast-breadcrumbs-content":"","ast-featured-img":"","footer-sml-layout":"","theme-transparent-header-meta":"default","adv-header-id-meta":"","stick-header-meta":"","header-above-stick-meta":"","header-main-stick-meta":"","header-below-stick-meta":""},"categories":[878,50],"tags":[3166,1291],"acf":[],"_links":{"self":[{"href":"https:\/\/www.cnbb.org.br\/cnbb-app\/wp\/v2\/posts\/255726"}],"collection":[{"href":"https:\/\/www.cnbb.org.br\/cnbb-app\/wp\/v2\/posts"}],"about":[{"href":"https:\/\/www.cnbb.org.br\/cnbb-app\/wp\/v2\/types\/post"}],"author":[{"embeddable":true,"href":"https:\/\/www.cnbb.org.br\/cnbb-app\/wp\/v2\/users\/83"}],"replies":[{"embeddable":true,"href":"https:\/\/www.cnbb.org.br\/cnbb-app\/wp\/v2\/comments?post=255726"}],"version-history":[{"count":0,"href":"https:\/\/www.cnbb.org.br\/cnbb-app\/wp\/v2\/posts\/255726\/revisions"}],"wp:featuredmedia":[{"embeddable":true,"href":"https:\/\/www.cnbb.org.br\/cnbb-app\/wp\/v2\/media\/255730"}],"wp:attachment":[{"href":"https:\/\/www.cnbb.org.br\/cnbb-app\/wp\/v2\/media?parent=255726"}],"wp:term":[{"taxonomy":"category","embeddable":true,"href":"https:\/\/www.cnbb.org.br\/cnbb-app\/wp\/v2\/categories?post=255726"},{"taxonomy":"post_tag","embeddable":true,"href":"https:\/\/www.cnbb.org.br\/cnbb-app\/wp\/v2\/tags?post=255726"}],"curies":[{"name":"wp","href":"https:\/\/api.w.org\/{rel}","templated":true}]}}