{"id":25578,"date":"2010-11-05T00:00:00","date_gmt":"2010-11-05T02:00:00","guid":{"rendered":"https:\/\/www.cnbb.org.br\/bento-xvi-fala-sobre-a-vida-consagrada-aos-bispos-do-regional-sul-2\/"},"modified":"2010-11-05T00:00:00","modified_gmt":"2010-11-05T02:00:00","slug":"bento-xvi-fala-sobre-a-vida-consagrada-aos-bispos-do-regional-sul-2","status":"publish","type":"post","link":"https:\/\/www.cnbb.org.br\/bento-xvi-fala-sobre-a-vida-consagrada-aos-bispos-do-regional-sul-2\/","title":{"rendered":"Bento XVI fala sobre a vida consagrada aos bispos do Regional Sul 2"},"content":{"rendered":"<p style=\"text-align: justify\">O papa Bento XVI recebeu, nesta sexta-feira, 5, os bispos do Regional Sul 2 da CNBB (estado do Paran\u00e1), que est\u00e3o em Roma para a visita ad limina desde ontem, 4. O presidente do Regional e arcebispo de Curitiba, dom Moacyr Jos\u00e9 Vitti, saudou o papa que discursou aos bispos sobre a voca\u00e7\u00e3o \u00e0 vida consagrada, ressaltando a pluralidade e a unidade na Igreja.<\/p>\n<p>  <!--more-->  <\/p>\n<p style=\"text-align: justify\">Segundo o papa, na Igreja, \u201ca unidade e a pluralidade n\u00e3o s\u00f3 n\u00e3o se op\u00f5em, mas enriquecem-se reciprocamente na medida em que procuram a edifica\u00e7\u00e3o do \u00fanico Corpo de Cristo, a Igreja, por meio do \u2018amor que une a todos na perfei\u00e7\u00e3o\u2019\u201d.<\/p>\n<p style=\"text-align: justify\">Bento XVI disse que os consagrados e consagradas \u201clembram hoje \u2018uma planta com muitos ramos, que assenta as suas ra\u00edzes no Evangelho e produz abundantes frutos em cada esta\u00e7\u00e3o da Igreja\u2019\u201d.<\/p>\n<p style=\"text-align: justify\">Segundo o papa, a vida consagrada nunca poder\u00e1 faltar nem morrer na Igreja porque \u201cfoi querida pelo pr\u00f3prio Jesus como parcela irremov\u00edvel da sua Igreja\u201d. E fez um  apelo ao compromisso na pastoral vocacional. \u201cSe a vida consagrada \u00e9 um bem de toda a Igreja, algo que interessa a todos, tamb\u00e9m a pastoral que visa promover as voca\u00e7\u00f5es \u00e0 vida consagrada deve ser um empenho sentido por todos: bispos, sacerdotes, consagrados e leigos\u201d, salientou Bento XVI.<\/p>\n<p style=\"text-align: justify\">Leia, abaixo, a \u00edntegra do discurso do papa aos bispos do Regional Sul 2.<\/p>\n<h3 style=\"text-align: justify\">DISCURSO DO PAPA BENTO XVI AOS BISPOS DO REGIONAL SUL 2 DA CNBB EM VISITA AD LIMINA APOSTOLORUM<\/h3>\n<p style=\"text-align: justify\">Quinta-feira, 5 de Novembro de 2010<\/p>\n<p style=\"text-align: justify\">Venerados irm\u00e3os no episcopado,<\/p>\n<p style=\"text-align: justify\">\u00abO Deus da esperan\u00e7a vos encha de toda a alegria e paz em vossa vida de f\u00e9, para que abundeis na esperan\u00e7a pelo poder do Esp\u00edrito Santo\u00bb (Rm 15, 13) a fim de guiar o vosso povo \u00e0 plenitude da salva\u00e7\u00e3o em Cristo. De cora\u00e7\u00e3o sa\u00fado a todos e cada um de v\u00f3s, amados Pastores do Regional Sul 2 em Visita ad limina Apostolorum, e agrade\u00e7o as palavras que me dirigiu o vosso Presidente, Dom Moacyr, fazendo-se int\u00e9rprete dos sentimentos de comunh\u00e3o que vos unem ao Sucessor de Pedro. Por isso vos estou grato. Esta casa \u00e9 tamb\u00e9m a vossa: sede bem-vindos! Nela podeis experimentar a universalidade da Igreja de Cristo que se estende at\u00e9 aos extremos confins da terra.<\/p>\n<p style=\"text-align: justify\">Por sua vez, cada uma das vossas Igrejas particulares, queridos Bispos, \u00e9 o generoso ponto de chegada de uma miss\u00e3o universal, o aflorar \u00abaqui e agora\u00bb da Igreja universal. Neste caso, a justa rela\u00e7\u00e3o entre \u00abuniversal\u00bb e \u00abparticular\u00bb verifica-se n\u00e3o quando o universal retrocede diante do particular, mas quando o particular se abre ao universal e se deixa atrair e valorizar por ele. Na id\u00e9ia divina, a Igreja \u00e9 uma s\u00f3: o Corpo de Cristo, a Esposa do Cordeiro, a Jerusal\u00e9m do Alto, esta Cidade definitiva que seria o objetivo mais profundo da cria\u00e7\u00e3o querida como o lugar onde se realiza a vontade de Deus e a terra se torna c\u00e9u. Recordo-vos estes princ\u00edpios, n\u00e3o porque os ignoreis, mas porque nos ajudam a bem situar as pessoas consagradas na Igreja. Com efeito, nesta, a unidade e a pluralidade n\u00e3o s\u00f3 n\u00e3o se op\u00f5em, mas enriquecem-se reciprocamente na medida em que procuram a edifica\u00e7\u00e3o do \u00fanico Corpo de Cristo, a Igreja, por meio do \u00abamor que une a todos na perfei\u00e7\u00e3o\u00bb (Cl 3, 14).<\/p>\n<p style=\"text-align: justify\">Por\u00e7\u00e3o eleita do Povo de Deus, os consagrados e consagradas lembram hoje \u00abuma planta com muitos ramos, que assenta as suas ra\u00edzes no Evangelho e produz abundantes frutos em cada esta\u00e7\u00e3o da Igreja\u00bb (Exort. ap. Vita consecrata, 5). Sendo a caridade o primeiro fruto do Esp\u00edrito (cf. Gl 5, 22) e o maior de todos os carismas (cf. 1 Cor 12, 31), a comunidade religiosa enriquece a Igreja de que \u00e9 parte viva, antes de tudo com o seu amor: ama a sua Igreja particular, enriquece-a com seus carismas e abre-a a uma dimens\u00e3o mais universal. As delicadas rela\u00e7\u00f5es entre as exig\u00eancias pastorais da Igreja particular e a especificidade carism\u00e1tica da comunidade religiosa foram tratadas pelo documento Mutuae relationes, do qual est\u00e1 longe tanto a id\u00e9ia de isolamento e de independ\u00eancia da comunidade religiosa em rela\u00e7\u00e3o \u00e0 Igreja particular, como a da sua pr\u00e1tica absor\u00e7\u00e3o no \u00e2mbito da Igreja particular. \u00abComo a comunidade religiosa n\u00e3o pode agir independentemente ou como alternativa ou, menos ainda, contra as diretrizes e a pastoral da Igreja particular, assim a Igreja particular n\u00e3o pode dispor a seu bel-prazer, segundo as suas necessidades, da comunidade religiosa ou de alguns dos seus membros\u00bb (Doc. Vida fraterna em comunidade, 60).<\/p>\n<p style=\"text-align: justify\">Perante a diminui\u00e7\u00e3o dos membros em muitos Institutos e o seu envelhecimento, evidente em algumas partes do mundo, muitos se interrogam se a vida consagrada seja ainda hoje uma proposta capaz de atrair os jovens e as jovens. Bem sabemos, queridos Bispos, que as v\u00e1rias Fam\u00edlias religiosas desde a vida mon\u00e1stica at\u00e9 \u00e0s congrega\u00e7\u00f5es religiosas e sociedades de vida apost\u00f3lica, desde os institutos seculares at\u00e9 \u00e0s novas formas de consagra\u00e7\u00e3o tiveram a sua origem na hist\u00f3ria, mas a vida consagrada como tal teve origem com o pr\u00f3prio Senhor que escolheu para Si esta forma de vida virgem, pobre e obediente. Por isso a vida consagrada nunca poder\u00e1 faltar nem morrer na Igreja: foi querida pelo pr\u00f3prio Jesus como parcela irremov\u00edvel da sua Igreja. Daqui o apelo ao compromisso geral na pastoral vocacional: se a vida consagrada \u00e9 um bem de toda a Igreja, algo que interessa a todos, tamb\u00e9m a pastoral que visa promover as voca\u00e7\u00f5es \u00e0 vida consagrada deve ser um empenho sentido por todos: Bispos, sacerdotes, consagrados e leigos.<\/p>\n<p style=\"text-align: justify\">Entretanto, como afirma o decreto conciliar Perfectae caritatis, \u00aba conveniente renova\u00e7\u00e3o dos Institutos depende sobretudo da forma\u00e7\u00e3o dos membros\u00bb (n. 18). Trata-se de uma afirma\u00e7\u00e3o fundamental para toda a forma de vida consagrada. A capacidade formativa de um Instituto, quer na sua fase inicial quer nas fases sucessivas, est\u00e1 no centro de todo o processo de renova\u00e7\u00e3o. \u00abDe fato, se a vida consagrada \u00e9, em si mesma, uma progressiva assimila\u00e7\u00e3o dos sentimentos de Cristo, resulta evidente que um tal caminho ter\u00e1 de durar a vida inteira para permear toda a pessoa (&#8230;) e torn\u00e1-la semelhante ao Filho que Se entrega ao Pai pela humanidade. Assim entendida, a forma\u00e7\u00e3o j\u00e1 n\u00e3o \u00e9 apenas um tempo pedag\u00f3gico de prepara\u00e7\u00e3o para os votos, mas representa um modo teol\u00f3gico de pensar a pr\u00f3pria vida consagrada, que em si mesma \u00e9 uma forma\u00e7\u00e3o jamais terminada, uma participa\u00e7\u00e3o na a\u00e7\u00e3o do Pai que, atrav\u00e9s do Esp\u00edrito plasma no cora\u00e7\u00e3o os sentimentos do Filho\u00bb (Instr. Partir de Cristo, 15).<\/p>\n<p style=\"text-align: justify\">Pelo modo que considerardes mais oportuno, venerados irm\u00e3os, fazei chegar \u00e0s vossas comunidades de consagrados e consagradas, independentemente do servi\u00e7o claustral ou apost\u00f3lico que est\u00e3o desempenhando, a viva gratid\u00e3o do Papa que de todas e todos se recorda nas suas ora\u00e7\u00f5es, lembrando em especial os idosos e doentes, quantos atravessam momentos de crise e de solid\u00e3o, quem sofre e se sente confuso e tamb\u00e9m os jovens e as jovens que hoje batem \u00e0 porta das suas Casas e pedem para se entregar a Jesus Cristo na radicalidade do Evangelho. Agora, invocando o celeste patroc\u00ednio de Maria, modelo perfeito de consagra\u00e7\u00e3o a Cristo, confirmo-vos mais uma vez a minha estima fraterna e concedo-vos, extensiva a todos os fi\u00e9is confiados aos vossos cuidados pastorais, uma propiciadora B\u00ean\u00e7\u00e3o Apost\u00f3lica.<\/p>\n","protected":false},"excerpt":{"rendered":"<p>O papa Bento XVI recebeu, nesta sexta-feira, 5, os bispos do Regional Sul 2 da CNBB (estado do Paran\u00e1), que est\u00e3o em Roma para a visita ad limina desde ontem, 4. O presidente do Regional e arcebispo de Curitiba, dom Moacyr Jos\u00e9 Vitti, saudou o papa que discursou aos bispos sobre a voca\u00e7\u00e3o \u00e0 vida &hellip;<\/p>\n<p class=\"read-more\"> <a class=\"\" href=\"https:\/\/www.cnbb.org.br\/bento-xvi-fala-sobre-a-vida-consagrada-aos-bispos-do-regional-sul-2\/\"> <span class=\"screen-reader-text\">Bento XVI fala sobre a vida consagrada aos bispos do Regional Sul 2<\/span> Leia mais &raquo;<\/a><\/p>\n","protected":false},"author":83,"featured_media":18714,"comment_status":"open","ping_status":"open","sticky":false,"template":"","format":"standard","meta":{"site-sidebar-layout":"default","site-content-layout":"default","ast-global-header-display":"","ast-banner-title-visibility":"","ast-main-header-display":"","ast-hfb-above-header-display":"","ast-hfb-below-header-display":"","ast-hfb-mobile-header-display":"","site-post-title":"","ast-breadcrumbs-content":"","ast-featured-img":"","footer-sml-layout":"","theme-transparent-header-meta":"","adv-header-id-meta":"","stick-header-meta":"","header-above-stick-meta":"","header-main-stick-meta":"","header-below-stick-meta":""},"categories":[769,781],"tags":[],"acf":[],"_links":{"self":[{"href":"https:\/\/www.cnbb.org.br\/cnbb-app\/wp\/v2\/posts\/25578"}],"collection":[{"href":"https:\/\/www.cnbb.org.br\/cnbb-app\/wp\/v2\/posts"}],"about":[{"href":"https:\/\/www.cnbb.org.br\/cnbb-app\/wp\/v2\/types\/post"}],"author":[{"embeddable":true,"href":"https:\/\/www.cnbb.org.br\/cnbb-app\/wp\/v2\/users\/83"}],"replies":[{"embeddable":true,"href":"https:\/\/www.cnbb.org.br\/cnbb-app\/wp\/v2\/comments?post=25578"}],"version-history":[{"count":0,"href":"https:\/\/www.cnbb.org.br\/cnbb-app\/wp\/v2\/posts\/25578\/revisions"}],"wp:featuredmedia":[{"embeddable":true,"href":"https:\/\/www.cnbb.org.br\/cnbb-app\/wp\/v2\/media\/18714"}],"wp:attachment":[{"href":"https:\/\/www.cnbb.org.br\/cnbb-app\/wp\/v2\/media?parent=25578"}],"wp:term":[{"taxonomy":"category","embeddable":true,"href":"https:\/\/www.cnbb.org.br\/cnbb-app\/wp\/v2\/categories?post=25578"},{"taxonomy":"post_tag","embeddable":true,"href":"https:\/\/www.cnbb.org.br\/cnbb-app\/wp\/v2\/tags?post=25578"}],"curies":[{"name":"wp","href":"https:\/\/api.w.org\/{rel}","templated":true}]}}