{"id":255864,"date":"2020-11-27T15:47:26","date_gmt":"2020-11-27T18:47:26","guid":{"rendered":"https:\/\/www.cnbb.org.br\/?p=255864"},"modified":"2020-11-27T15:47:26","modified_gmt":"2020-11-27T18:47:26","slug":"pastoral-familiar-manifesta-pesar-pelo-falecimento-de-um-de-seus-primeiros-coordenadores","status":"publish","type":"post","link":"https:\/\/www.cnbb.org.br\/pastoral-familiar-manifesta-pesar-pelo-falecimento-de-um-de-seus-primeiros-coordenadores\/","title":{"rendered":"Pastoral Familiar manifesta pesar pelo falecimento de um de seus primeiros coordenadores"},"content":{"rendered":"<p>A Comiss\u00e3o Nacional da Pastoral Familiar (CNPF) divulgou nota de pesar pelo falecimento de Kleber Ant\u00f4nio Ferreira, aos 82 anos, nesta sexta-feira, 27 de novembro de 2020, em Porto Alegre (RS). Kleber e sua esposa, Laureci, foram o primeiro casal coordenador da Comiss\u00e3o Nacional da Pastoral Familiar (CNPF), quando houve a estrutura\u00e7\u00e3o do trabalho evangelizador voltado \u00e0s fam\u00edlias no ent\u00e3o Setor Fam\u00edlia da Confer\u00eancia Nacional dos Bispos do Brasil (CNBB), em 1989.<\/p>\n<p>&#8220;Gratid\u00e3o pelo testemunho de amor \u00e0 fam\u00edlia e por ter colaborado com tanto afinco para fazer da Pastoral Familiar &#8216;prioridade b\u00e1sica, sentida, real e atuante&#8217;, como pediram os bispos em Santo Domingo (1992). A atua\u00e7\u00e3o de Kleber como crist\u00e3o leigo, na fam\u00edlia e na Igreja, sinalizou em nosso tempo o &#8216;compromisso da Nova Evangeliza\u00e7\u00e3o&#8217;. Verdadeiramente, ele foi um baluarte, um precursor, um motivador da Pastoral Familiar em todo o Brasil&#8221;, l\u00ea-se no texto que cita a Confer\u00eancia de Santo Domingo, h\u00e1 28 anos.<\/p>\n<p><a href=\"http:\/\/site.cnpf.org.br\/noticias\/familia\/nota-de-pesar-pelo-falecimento-de-kleber-ferreira-batista\/\" target=\"_blank\" rel=\"noopener\">Leia a nota na \u00edntegra.<\/a><\/p>\n<p>O bispo de Rio Grande (RS) e presidente da Comiss\u00e3o Episcopal Pastoral para a Vida e a Fam\u00edlia da CNBB, dom Ricardo Hoepers, divulgou v\u00eddeo comentando o falecimento do agente de pastoral.<\/p>\n<div class=\"ast-oembed-container\" style=\"height: 100%;\">\n<div style=\"max-width: 1333px;\">\n<div style=\"left: 0; width: 100%; height: 0; position: relative; padding-bottom: 56.25%;\"><iframe title=\"Comunicado | Falecimento de Kleber Ferreira\" src=\"https:\/\/www.youtube.com\/embed\/RNcnoLEl-rA?rel=0\" style=\"border: 0; top: 0; left: 0; width: 100%; height: 100%; position: absolute;\" allowfullscreen scrolling=\"no\" allow=\"encrypted-media; accelerometer; clipboard-write; gyroscope; picture-in-picture\"><\/iframe><\/div>\n<\/div>\n<\/div>\n","protected":false},"excerpt":{"rendered":"<p>A Comiss\u00e3o Nacional da Pastoral Familiar (CNPF) divulgou nota de pesar pelo falecimento de Kleber Ant\u00f4nio Ferreira, aos 82 anos, nesta sexta-feira, 27 de novembro de 2020, em Porto Alegre (RS). Kleber e sua esposa, Laureci, foram o primeiro casal coordenador da Comiss\u00e3o Nacional da Pastoral Familiar (CNPF), quando houve a estrutura\u00e7\u00e3o do trabalho evangelizador &hellip;<\/p>\n<p class=\"read-more\"> <a class=\"\" href=\"https:\/\/www.cnbb.org.br\/pastoral-familiar-manifesta-pesar-pelo-falecimento-de-um-de-seus-primeiros-coordenadores\/\"> <span class=\"screen-reader-text\">Pastoral Familiar manifesta pesar pelo falecimento de um de seus primeiros coordenadores<\/span> Leia mais &raquo;<\/a><\/p>\n","protected":false},"author":83,"featured_media":255865,"comment_status":"open","ping_status":"open","sticky":false,"template":"","format":"standard","meta":{"site-sidebar-layout":"default","site-content-layout":"default","ast-global-header-display":"","ast-banner-title-visibility":"","ast-main-header-display":"","ast-hfb-above-header-display":"","ast-hfb-below-header-display":"","ast-hfb-mobile-header-display":"","site-post-title":"","ast-breadcrumbs-content":"","ast-featured-img":"","footer-sml-layout":"","theme-transparent-header-meta":"default","adv-header-id-meta":"","stick-header-meta":"","header-above-stick-meta":"","header-main-stick-meta":"","header-below-stick-meta":""},"categories":[806],"tags":[],"acf":[],"_links":{"self":[{"href":"https:\/\/www.cnbb.org.br\/cnbb-app\/wp\/v2\/posts\/255864"}],"collection":[{"href":"https:\/\/www.cnbb.org.br\/cnbb-app\/wp\/v2\/posts"}],"about":[{"href":"https:\/\/www.cnbb.org.br\/cnbb-app\/wp\/v2\/types\/post"}],"author":[{"embeddable":true,"href":"https:\/\/www.cnbb.org.br\/cnbb-app\/wp\/v2\/users\/83"}],"replies":[{"embeddable":true,"href":"https:\/\/www.cnbb.org.br\/cnbb-app\/wp\/v2\/comments?post=255864"}],"version-history":[{"count":0,"href":"https:\/\/www.cnbb.org.br\/cnbb-app\/wp\/v2\/posts\/255864\/revisions"}],"wp:featuredmedia":[{"embeddable":true,"href":"https:\/\/www.cnbb.org.br\/cnbb-app\/wp\/v2\/media\/255865"}],"wp:attachment":[{"href":"https:\/\/www.cnbb.org.br\/cnbb-app\/wp\/v2\/media?parent=255864"}],"wp:term":[{"taxonomy":"category","embeddable":true,"href":"https:\/\/www.cnbb.org.br\/cnbb-app\/wp\/v2\/categories?post=255864"},{"taxonomy":"post_tag","embeddable":true,"href":"https:\/\/www.cnbb.org.br\/cnbb-app\/wp\/v2\/tags?post=255864"}],"curies":[{"name":"wp","href":"https:\/\/api.w.org\/{rel}","templated":true}]}}