{"id":255867,"date":"2020-11-27T15:52:15","date_gmt":"2020-11-27T18:52:15","guid":{"rendered":"https:\/\/www.cnbb.org.br\/?p=255867"},"modified":"2020-11-27T15:54:58","modified_gmt":"2020-11-27T18:54:58","slug":"viver-e-celebrar-com-esperanca","status":"publish","type":"post","link":"https:\/\/www.cnbb.org.br\/viver-e-celebrar-com-esperanca\/","title":{"rendered":"Viver e celebrar com esperan\u00e7a"},"content":{"rendered":"<p style=\"text-align: right;\"><strong>Dom Jos\u00e9 Gislon<\/strong><br \/>\n<strong>Bispo de Caxias do Sul (RS)<\/strong><\/p>\n<p style=\"text-align: justify;\"><strong>\u00a0<\/strong><\/p>\n<p style=\"text-align: justify;\">Queridos irm\u00e3os e irm\u00e3s em Jesus Cristo, estamos iniciando o tempo do Advento, em prepara\u00e7\u00e3o \u00e0 celebra\u00e7\u00e3o do Santo Natal. A Igreja convida seus filhos e filhas \u00e0 refletirem sobre o verdadeiro significado deste tempo de espera, que n\u00e3o pode ser vivido isoladamente, mas colocando-o em rela\u00e7\u00e3o com a nossa vida de f\u00e9, de homens e mulheres que acolheram o Senhor e buscam uma convers\u00e3o de vida cont\u00ednua, procurando trazer o Evangelho para a vida, conduzindo-a segundo os ensinamentos da Palavra do Senhor e da Igreja.<\/p>\n<p style=\"text-align: justify;\">Espiritualmente, o Tempo do Advento \u00e9 prepara\u00e7\u00e3o para um encontro; aquele entre Deus e o homem na pessoa hist\u00f3rica de Jesus, que celebramos no dia 25 de dezembro; aquele entre Deus e a humanidade, atrav\u00e9s de Jesus Cristo; aquele definitivo, no fim dos tempos, quando o Cristo Glorioso voltar\u00e1.<\/p>\n<p style=\"text-align: justify;\">A chave para compreendermos aquilo que acontecer\u00e1 est\u00e1 em n\u00f3s e no nosso modo de vivermos este tempo de espera e esperan\u00e7a. Precisamos ser vigilantes e nos revestir da luz de Deus, para acolhermos a luz do mundo: Cristo Jesus. Sem essa Luz, a nossa vida permanecer\u00e1 envolta em trevas, n\u00e3o teremos a esperan\u00e7a de ver um novo dia, onde a justi\u00e7a e a paz se encontrar\u00e3o, e a humanidade, redimida pela miseric\u00f3rdia do Pai, cantar\u00e1 um hino de louvor ao Deus alt\u00edssimo, como fez Maria, a serva fiel do Senhor.<\/p>\n<p style=\"text-align: justify;\">Para Deus nada \u00e9 imposs\u00edvel, nos recorda o profeta Isa\u00edas, \u201cporque a sua gra\u00e7a pode suscitar a vida l\u00e1 onde a morte e o pecado j\u00e1 haviam hasteado a bandeira da vit\u00f3ria\u201d. \u00c9 do sil\u00eancio do deserto que renasce a esperan\u00e7a na vida, daqueles que, em Israel, esperavam a vinda do Messias. Jo\u00e3o Batista \u00e9 o homem do deserto e da \u00e1gua. A \u00e1gua \u00e9 por excel\u00eancia o sinal de vida; o deserto \u00e9 o lugar do sil\u00eancio, onde a \u00fanica voz que se ouve \u00e9 aquela do vento batendo nas rochas. Mas foi este cen\u00e1rio que Deus escolheu para falar ao seu povo. No Sinai, Deus concluiu uma alian\u00e7a com seu povo e doou a Lei. Mas tamb\u00e9m escolheu a \u00e1gua para exprimir o novo nascimento do homem; n\u00e3o foi por acaso que Ele escolheu o deserto para fazer um pacto de amor com o seu povo, apenas libertado da escravid\u00e3o no Egito. E \u00e9 no deserto que Jo\u00e3o Batista anuncia a nova alian\u00e7a. \u00c9 um anuncio feito com paix\u00e3o e sobriedade, que derruba as falsas seguran\u00e7as de quem quer viver sem f\u00e9, sem a paix\u00e3o da convers\u00e3o, que leva a descobrir a for\u00e7a do amor, no encontro com o Senhor da vida.<\/p>\n<p style=\"text-align: justify;\">\u00c0s vezes, acreditamos em tantas coisas que n\u00e3o fazem bem para a nossa vida espiritual, ou acreditamos em tudo aquilo que passa diante dos nossos olhos, mas n\u00e3o sabemos ver e reconhecer os sinais de esperan\u00e7a que Deus semeia no mundo. Para v\u00ea-los precisamos de uma luz potente, que ilumina tudo, precisamos da luz de Deus, da luz do Esp\u00edrito Santo, e, ao mesmo tempo, nos colocarmos a caminho, confiando nesta luz que nos guia, como fizeram Maria, a m\u00e3e de Jesus, os Ap\u00f3stolos, os m\u00e1rtires e os Santos que nos precederam na f\u00e9.<\/p>\n","protected":false},"excerpt":{"rendered":"<p>Dom Jos\u00e9 Gislon Bispo de Caxias do Sul (RS) \u00a0 Queridos irm\u00e3os e irm\u00e3s em Jesus Cristo, estamos iniciando o tempo do Advento, em prepara\u00e7\u00e3o \u00e0 celebra\u00e7\u00e3o do Santo Natal. A Igreja convida seus filhos e filhas \u00e0 refletirem sobre o verdadeiro significado deste tempo de espera, que n\u00e3o pode ser vivido isoladamente, mas colocando-o &hellip;<\/p>\n<p class=\"read-more\"> <a class=\"\" href=\"https:\/\/www.cnbb.org.br\/viver-e-celebrar-com-esperanca\/\"> <span class=\"screen-reader-text\">Viver e celebrar com esperan\u00e7a<\/span> Leia mais &raquo;<\/a><\/p>\n","protected":false},"author":20,"featured_media":0,"comment_status":"open","ping_status":"open","sticky":false,"template":"","format":"standard","meta":{"site-sidebar-layout":"default","site-content-layout":"default","ast-global-header-display":"","ast-banner-title-visibility":"","ast-main-header-display":"","ast-hfb-above-header-display":"","ast-hfb-below-header-display":"","ast-hfb-mobile-header-display":"","site-post-title":"","ast-breadcrumbs-content":"","ast-featured-img":"","footer-sml-layout":"","theme-transparent-header-meta":"default","adv-header-id-meta":"","stick-header-meta":"","header-above-stick-meta":"","header-main-stick-meta":"","header-below-stick-meta":""},"categories":[758],"tags":[],"acf":[],"_links":{"self":[{"href":"https:\/\/www.cnbb.org.br\/cnbb-app\/wp\/v2\/posts\/255867"}],"collection":[{"href":"https:\/\/www.cnbb.org.br\/cnbb-app\/wp\/v2\/posts"}],"about":[{"href":"https:\/\/www.cnbb.org.br\/cnbb-app\/wp\/v2\/types\/post"}],"author":[{"embeddable":true,"href":"https:\/\/www.cnbb.org.br\/cnbb-app\/wp\/v2\/users\/20"}],"replies":[{"embeddable":true,"href":"https:\/\/www.cnbb.org.br\/cnbb-app\/wp\/v2\/comments?post=255867"}],"version-history":[{"count":0,"href":"https:\/\/www.cnbb.org.br\/cnbb-app\/wp\/v2\/posts\/255867\/revisions"}],"wp:attachment":[{"href":"https:\/\/www.cnbb.org.br\/cnbb-app\/wp\/v2\/media?parent=255867"}],"wp:term":[{"taxonomy":"category","embeddable":true,"href":"https:\/\/www.cnbb.org.br\/cnbb-app\/wp\/v2\/categories?post=255867"},{"taxonomy":"post_tag","embeddable":true,"href":"https:\/\/www.cnbb.org.br\/cnbb-app\/wp\/v2\/tags?post=255867"}],"curies":[{"name":"wp","href":"https:\/\/api.w.org\/{rel}","templated":true}]}}