{"id":255898,"date":"2020-12-01T09:18:16","date_gmt":"2020-12-01T12:18:16","guid":{"rendered":"https:\/\/www.cnbb.org.br\/?p=255898"},"modified":"2020-12-01T09:23:05","modified_gmt":"2020-12-01T12:23:05","slug":"juventude-desafios-e-tarefas","status":"publish","type":"post","link":"https:\/\/www.cnbb.org.br\/juventude-desafios-e-tarefas\/","title":{"rendered":"Juventude: desafios e tarefas"},"content":{"rendered":"<p style=\"text-align: right;\"><strong>Cardeal Sergio da Rocha<br \/>\nArcebispo de Salvador (BA)<br \/>\n<\/strong><\/p>\n<p>&nbsp;<\/p>\n<p style=\"text-align: justify;\">A atual situa\u00e7\u00e3o da juventude tem sido objeto de muitos estudos e de in\u00fameras iniciativas por institui\u00e7\u00f5es da sociedade civil, \u00f3rg\u00e3os p\u00fablicos e Igrejas, reconhecendo valores e apontando graves problemas, mas, acima de tudo, mostrando ser poss\u00edvel ultrapassar o n\u00edvel do discurso traduzindo-o em a\u00e7\u00f5es efetivas pela juventude.<\/p>\n<p style=\"text-align: justify;\">\u00a0S\u00e3o divulgados, frequentemente, tristes not\u00edcias e dados alarmantes sobre a juventude, como consumo e tr\u00e1fico de drogas, alcoolismo, viol\u00eancia e criminalidade, com um n\u00famero assustador de dependentes de drogas, de menores infratores e de presidi\u00e1rios jovens. \u00c9 urgente adotar respostas mais abrangentes e efetivas, especialmente pol\u00edticas p\u00fablicas voltadas para a juventude, para o enfrentamento dos problemas, que n\u00e3o se reduzem a quest\u00f5es te\u00f3ricas. A vida de jovens est\u00e1 em causa, trazendo sofrimento para as fam\u00edlias e repercutindo duramente na sociedade.<\/p>\n<p style=\"text-align: justify;\">A\u00e7\u00f5es efetivas e duradouras n\u00e3o podem ser pensadas sem os pr\u00f3prios jovens e sem a devida considera\u00e7\u00e3o do contexto sociocultural no qual est\u00e3o inseridos. Embora reconhecendo o seu potencial de transforma\u00e7\u00e3o social, \u00e9 preciso ter presente que no universo juvenil repercutem problemas sociais antigos e novos.<\/p>\n<p style=\"text-align: justify;\">Neste quadro complexo surge inevitavelmente a pergunta sobre o que fazer. Dentre as muitas posturas a serem cultivadas e tarefas a serem concretizadas, algumas necessitam de especial aten\u00e7\u00e3o: 1\u00ba &#8211; Os jovens devem assumir a sua condi\u00e7\u00e3o de sujeitos construtores da vida e da hist\u00f3ria; para tanto, \u00e9 necess\u00e1rio valorizar suas potencialidades, abrir espa\u00e7os para a sua participa\u00e7\u00e3o nos diversos campos, confiando-lhes responsabilidades, e estimulando o caminhar juntos. 2\u00ba &#8211; A juventude necessita de forma\u00e7\u00e3o que n\u00e3o se reduza \u00e0 capacita\u00e7\u00e3o para o mercado de trabalho, mas contemple uma educa\u00e7\u00e3o integral, que inclua as diversas dimens\u00f5es da pessoa humana: humano-afetiva, intelectual, social, \u00e9tica e religiosa. Nesta perspectiva, destacam-se a educa\u00e7\u00e3o para a liberdade respons\u00e1vel, respeitando-se o direito de ser jovem, e a reflex\u00e3o sobre o sentido da vida, que encontra a sua resposta mais profunda no \u00e2mbito espiritual. A forma\u00e7\u00e3o \u00e9tica e religiosa n\u00e3o pode ficar exclu\u00edda do universo juvenil; ao contr\u00e1rio, torna-se ainda mais relevante num contexto sociocultural de crise de sentido e de relativismo. 3\u00ba &#8211; Educadores e assessores s\u00e3o muito necess\u00e1rios para atuarem junto aos jovens, especialmente, no meio daqueles que est\u00e3o em situa\u00e7\u00e3o de maior vulnerabilidade. A forma\u00e7\u00e3o de educadores e assessores para trabalhar com a juventude \u00e9 uma das principais tarefas na atualidade, nas comunidades e espa\u00e7os juvenis.<\/p>\n<p style=\"text-align: justify;\">Apesar das graves dificuldades, n\u00e3o faltam sinais de esperan\u00e7a e de vida nova, com a participa\u00e7\u00e3o dedicada e respons\u00e1vel dos pr\u00f3prios jovens no enfrentamento dos problemas.<\/p>\n<p>&nbsp;<\/p>\n<p>&nbsp;<\/p>\n<p>&nbsp;<\/p>\n<p><em>\u00a0\u00a0\u00a0\u00a0\u00a0\u00a0\u00a0\u00a0\u00a0\u00a0\u00a0 \u00a0\u00a0\u00a0\u00a0\u00a0\u00a0\u00a0\u00a0\u00a0\u00a0\u00a0 \u00a0\u00a0\u00a0\u00a0\u00a0\u00a0\u00a0\u00a0\u00a0\u00a0\u00a0\u00a0\u00a0\u00a0\u00a0\u00a0\u00a0\u00a0\u00a0\u00a0\u00a0\u00a0\u00a0\u00a0\u00a0\u00a0\u00a0 <\/em><\/p>\n<p>&nbsp;<\/p>\n<p>&nbsp;<\/p>\n","protected":false},"excerpt":{"rendered":"<p>Cardeal Sergio da Rocha Arcebispo de Salvador (BA) &nbsp; A atual situa\u00e7\u00e3o da juventude tem sido objeto de muitos estudos e de in\u00fameras iniciativas por institui\u00e7\u00f5es da sociedade civil, \u00f3rg\u00e3os p\u00fablicos e Igrejas, reconhecendo valores e apontando graves problemas, mas, acima de tudo, mostrando ser poss\u00edvel ultrapassar o n\u00edvel do discurso traduzindo-o em a\u00e7\u00f5es efetivas &hellip;<\/p>\n<p class=\"read-more\"> <a class=\"\" href=\"https:\/\/www.cnbb.org.br\/juventude-desafios-e-tarefas\/\"> <span class=\"screen-reader-text\">Juventude: desafios e tarefas<\/span> Leia mais &raquo;<\/a><\/p>\n","protected":false},"author":78,"featured_media":0,"comment_status":"open","ping_status":"open","sticky":false,"template":"","format":"standard","meta":{"site-sidebar-layout":"default","site-content-layout":"default","ast-global-header-display":"","ast-banner-title-visibility":"","ast-main-header-display":"","ast-hfb-above-header-display":"","ast-hfb-below-header-display":"","ast-hfb-mobile-header-display":"","site-post-title":"","ast-breadcrumbs-content":"","ast-featured-img":"","footer-sml-layout":"","theme-transparent-header-meta":"default","adv-header-id-meta":"","stick-header-meta":"","header-above-stick-meta":"","header-main-stick-meta":"","header-below-stick-meta":""},"categories":[758],"tags":[],"acf":[],"_links":{"self":[{"href":"https:\/\/www.cnbb.org.br\/cnbb-app\/wp\/v2\/posts\/255898"}],"collection":[{"href":"https:\/\/www.cnbb.org.br\/cnbb-app\/wp\/v2\/posts"}],"about":[{"href":"https:\/\/www.cnbb.org.br\/cnbb-app\/wp\/v2\/types\/post"}],"author":[{"embeddable":true,"href":"https:\/\/www.cnbb.org.br\/cnbb-app\/wp\/v2\/users\/78"}],"replies":[{"embeddable":true,"href":"https:\/\/www.cnbb.org.br\/cnbb-app\/wp\/v2\/comments?post=255898"}],"version-history":[{"count":0,"href":"https:\/\/www.cnbb.org.br\/cnbb-app\/wp\/v2\/posts\/255898\/revisions"}],"wp:attachment":[{"href":"https:\/\/www.cnbb.org.br\/cnbb-app\/wp\/v2\/media?parent=255898"}],"wp:term":[{"taxonomy":"category","embeddable":true,"href":"https:\/\/www.cnbb.org.br\/cnbb-app\/wp\/v2\/categories?post=255898"},{"taxonomy":"post_tag","embeddable":true,"href":"https:\/\/www.cnbb.org.br\/cnbb-app\/wp\/v2\/tags?post=255898"}],"curies":[{"name":"wp","href":"https:\/\/api.w.org\/{rel}","templated":true}]}}