{"id":255918,"date":"2020-12-01T10:42:52","date_gmt":"2020-12-01T13:42:52","guid":{"rendered":"https:\/\/www.cnbb.org.br\/?p=255918"},"modified":"2020-12-01T10:43:25","modified_gmt":"2020-12-01T13:43:25","slug":"presepio-admiravel-sinal","status":"publish","type":"post","link":"https:\/\/www.cnbb.org.br\/presepio-admiravel-sinal\/","title":{"rendered":"Pres\u00e9pio &#8211; Admir\u00e1vel sinal"},"content":{"rendered":"<p style=\"text-align: right;\"><strong>Dom Alo\u00edsio Alberto Dilli <\/strong><br \/>\n<strong>Bispo de Santa Cruz do Sul<\/strong><\/p>\n<p style=\"text-align: justify;\"><strong><\/p>\n<p>PRES\u00c9PIO &#8211; ADMIR\u00c1VEL SINAL &#8211; 01<\/strong><\/p>\n<p style=\"text-align: justify;\">Caros diocesanos. No dia 01 de dezembro do ano passado, o Papa Francisco emitiu uma Carta Pastoral, chamada <em>Admir\u00e1vel Sinal<\/em>, referindo-se ao rico significado e valor do pres\u00e9pio crist\u00e3o, celebrado pela primeira vez, em Greccio \u2013 It\u00e1lia (1223), por S\u00e3o Francisco de Assis. O Papa afirma que o pres\u00e9pio \u00e9 um evangelho vivo sobre o mist\u00e9rio da encarna\u00e7\u00e3o, pelo qual Deus assume a condi\u00e7\u00e3o humana a fim de encontrar-se conosco e assim n\u00f3s possamos unir-nos a Ele, fazendo a experi\u00eancia de seu amor por n\u00f3s. A liturgia do Natal nos ajuda a vivenciar este mist\u00e9rio, quando reza: \u201c<em>\u00d3 Deus, que admiravelmente criastes o ser humano e mais admiravelmente restabelecestes a sua dignidade, dai-nos participar da divindade do vosso Filho, que se dignou assumir a nossa humanidade<\/em>\u201d (Ora\u00e7\u00e3o do Dia &#8211; Missa do Dia). Ou ainda: \u201c<em>Acolhei, \u00f3 Deus, a oferenda da festa de hoje, na qual o c\u00e9u e a terra trocam os seus dons, e dai-nos participar da divindade daquele que uniu a v\u00f3s a nossa humanidade<\/em>\u201d (Ora\u00e7\u00e3o Sobre as Oferendas &#8211; Missa da Noite).<\/p>\n<p style=\"text-align: justify;\">A origem do pres\u00e9pio, atribu\u00edda a S\u00e3o Francisco de Assis, se espelha no pr\u00f3prio Evangelho de Lucas, ao afirmar que, completados os dias de Maria dar \u00e0 luz, \u201c<em>teve o seu filho primog\u00eanito, que envolveu em panos e colocou numa manjedoura, por n\u00e3o haver lugar para eles na hospedaria<\/em>\u201d (Lc 2, 7). Jesus \u00e9 colocado numa manjedoura, que em latim \u00e9 chamada <em>praesepium<\/em>, donde vem a palavra <em>pres\u00e9pio<\/em>, lugar onde os animais v\u00e3o comer. O objetivo do Papa, ao escrever esta carta \u00e9 incentivar esta rica espiritualidade popular, apoiando a tradi\u00e7\u00e3o bonita das fam\u00edlias de prepararem o pres\u00e9pio, nos dias que antecedem o Natal, e tamb\u00e9m o costume de o armarem em lugares de trabalho, em escolas, hospitais, estabelecimentos prisionais, pra\u00e7as.<\/p>\n<p style=\"text-align: justify;\">Para entendermos melhor como nasceu a tradi\u00e7\u00e3o do pres\u00e9pio, voltemos nosso pensamento para 1223, no lugar chamado Greccio, onde h\u00e1 um rochedo, com grutas. Francisco de Assis desejava ver com os pr\u00f3prios olhos a humildade e a pobreza do Menino nascido e deitado na palha de uma manjedoura, entre o boi e o burro. Por isso, o santo de Assis pede a um amigo, de nome <em>Jo\u00e3o<\/em>, para preparar tudo, semelhante ao que aconteceu em Bel\u00e9m: boi, burro, manjedoura com palha. No dia 25 de dezembro chegaram muitos frades, assim como homens e mulheres da regi\u00e3o, com flores e tochas para iluminar a noite. Os presentes vivem uma alegria indescrit\u00edvel. O sacerdote celebra a Eucaristia e Francisco proclama o Evangelho (cf. 1Cel 85). O bi\u00f3grafo Celano destaca algumas caracter\u00edsticas desse primeiro pres\u00e9pio: o Pres\u00e9pio de Greccio \u00e9 tamb\u00e9m formado pelas pessoas que estavam presentes; uma delas viu na manjedoura o pr\u00f3prio Menino Jesus; todos voltaram para casa cheios de inef\u00e1vel alegria; \u201c<em>O Menino que tinha sido relegado ao esquecimento nos cora\u00e7\u00f5es de muitos, neles ele ressuscitou<\/em>\u201d (1Cel 86). Igualmente, todos n\u00f3s desejamos ser figuras participantes do pres\u00e9pio, ao celebrarmos os mist\u00e9rios do Natal; tamb\u00e9m hoje, Jesus se faz presente e quer reavivar a nossa f\u00e9, causando inef\u00e1vel alegria que nos faz cantar <em>Noite Feliz!.<\/em><\/p>\n<p style=\"text-align: justify;\">Por que o pres\u00e9pio causa tanto enlevo e nos comove? Porque Deus manifesta sua ternura: abaixa-se at\u00e9 nossa pequenez; em Jesus, o Pai deu-nos um Irm\u00e3o e um Amigo que est\u00e1 sempre ao nosso lado; deu-nos o seu Filho, que nos perdoa e ergue do pecado. O pres\u00e9pio ajuda a imaginar as v\u00e1rias cenas, estimula os afetos, convida a sentir-nos envolvidos na hist\u00f3ria da salva\u00e7\u00e3o, tornando-a viva e atual para n\u00f3s; \u00e9 um convite a seguirmos sua pobreza e humildade e um apelo a encontr\u00e1-lo e servi-lo nos irm\u00e3os\/\u00e3s.<\/p>\n<p>&nbsp;<\/p>\n<p><em>\u00a0<\/em><\/p>\n","protected":false},"excerpt":{"rendered":"<p>Dom Alo\u00edsio Alberto Dilli Bispo de Santa Cruz do Sul PRES\u00c9PIO &#8211; ADMIR\u00c1VEL SINAL &#8211; 01 Caros diocesanos. No dia 01 de dezembro do ano passado, o Papa Francisco emitiu uma Carta Pastoral, chamada Admir\u00e1vel Sinal, referindo-se ao rico significado e valor do pres\u00e9pio crist\u00e3o, celebrado pela primeira vez, em Greccio \u2013 It\u00e1lia (1223), por &hellip;<\/p>\n<p class=\"read-more\"> <a class=\"\" href=\"https:\/\/www.cnbb.org.br\/presepio-admiravel-sinal\/\"> <span class=\"screen-reader-text\">Pres\u00e9pio &#8211; Admir\u00e1vel sinal<\/span> Leia mais &raquo;<\/a><\/p>\n","protected":false},"author":33,"featured_media":0,"comment_status":"open","ping_status":"open","sticky":false,"template":"","format":"standard","meta":{"site-sidebar-layout":"default","site-content-layout":"default","ast-global-header-display":"","ast-banner-title-visibility":"","ast-main-header-display":"","ast-hfb-above-header-display":"","ast-hfb-below-header-display":"","ast-hfb-mobile-header-display":"","site-post-title":"","ast-breadcrumbs-content":"","ast-featured-img":"","footer-sml-layout":"","theme-transparent-header-meta":"default","adv-header-id-meta":"","stick-header-meta":"","header-above-stick-meta":"","header-main-stick-meta":"","header-below-stick-meta":""},"categories":[758],"tags":[],"acf":[],"_links":{"self":[{"href":"https:\/\/www.cnbb.org.br\/cnbb-app\/wp\/v2\/posts\/255918"}],"collection":[{"href":"https:\/\/www.cnbb.org.br\/cnbb-app\/wp\/v2\/posts"}],"about":[{"href":"https:\/\/www.cnbb.org.br\/cnbb-app\/wp\/v2\/types\/post"}],"author":[{"embeddable":true,"href":"https:\/\/www.cnbb.org.br\/cnbb-app\/wp\/v2\/users\/33"}],"replies":[{"embeddable":true,"href":"https:\/\/www.cnbb.org.br\/cnbb-app\/wp\/v2\/comments?post=255918"}],"version-history":[{"count":0,"href":"https:\/\/www.cnbb.org.br\/cnbb-app\/wp\/v2\/posts\/255918\/revisions"}],"wp:attachment":[{"href":"https:\/\/www.cnbb.org.br\/cnbb-app\/wp\/v2\/media?parent=255918"}],"wp:term":[{"taxonomy":"category","embeddable":true,"href":"https:\/\/www.cnbb.org.br\/cnbb-app\/wp\/v2\/categories?post=255918"},{"taxonomy":"post_tag","embeddable":true,"href":"https:\/\/www.cnbb.org.br\/cnbb-app\/wp\/v2\/tags?post=255918"}],"curies":[{"name":"wp","href":"https:\/\/api.w.org\/{rel}","templated":true}]}}