{"id":255924,"date":"2020-12-01T17:30:44","date_gmt":"2020-12-01T20:30:44","guid":{"rendered":"https:\/\/www.cnbb.org.br\/?p=255924"},"modified":"2020-12-01T11:30:56","modified_gmt":"2020-12-01T14:30:56","slug":"terco-da-esperanca-e-da-solidariedade-nesta-quarta-feira-sera-direto-de-belem-pa","status":"publish","type":"post","link":"https:\/\/www.cnbb.org.br\/terco-da-esperanca-e-da-solidariedade-nesta-quarta-feira-sera-direto-de-belem-pa\/","title":{"rendered":"Ter\u00e7o da Esperan\u00e7a e da Solidariedade nesta quarta-feira ser\u00e1 direto de Bel\u00e9m (PA)"},"content":{"rendered":"<p style=\"text-align: justify;\">A Confer\u00eancia Nacional dos Bispos do Brasil (CNBB) continua com sua iniciativa que une todo o Brasil em ora\u00e7\u00e3o diante da emerg\u00eancia de sa\u00fade causada pela pandemia da Covid-19. Nesta quarta-feira, 2 de dezembro, a partir das 15h30, vai ao ar mais uma edi\u00e7\u00e3o do Ter\u00e7o da Esperan\u00e7a e da Solidariedade, direto de Bel\u00e9m (PA).<\/p>\n<p style=\"text-align: justify;\">O ter\u00e7o ser\u00e1 gerado pela TV Nazar\u00e9 a partir da Igreja de Nossa Senhora do Perpetuo Socorro, em Bel\u00e9m do Par\u00e1, templo sob os cuidados dos padres Redentoristas. A transmiss\u00e3o ser\u00e1 feita pelas emissoras de r\u00e1dio e TV de inspira\u00e7\u00e3o cat\u00f3lica e tamb\u00e9m pelas redes sociais da CNBB.<\/p>\n<h3 style=\"text-align: justify;\">Divulgue<\/h3>\n<p style=\"text-align: justify;\"><img decoding=\"async\" loading=\"lazy\" class=\"size-medium wp-image-255925 aligncenter\" src=\"https:\/\/www.cnbb.org.br\/wp-content\/uploads\/2020\/12\/Ter\u00e7o-da-Esperan\u00e7a-e-da-Solidariedade-02122020-1-300x172.jpeg\" alt=\"\" width=\"300\" height=\"172\" srcset=\"https:\/\/www.cnbb.org.br\/wp-content\/uploads\/2020\/12\/Ter\u00e7o-da-Esperan\u00e7a-e-da-Solidariedade-02122020-1-300x172.jpeg 300w, https:\/\/www.cnbb.org.br\/wp-content\/uploads\/2020\/12\/Ter\u00e7o-da-Esperan\u00e7a-e-da-Solidariedade-02122020-1-1024x588.jpeg 1024w, https:\/\/www.cnbb.org.br\/wp-content\/uploads\/2020\/12\/Ter\u00e7o-da-Esperan\u00e7a-e-da-Solidariedade-02122020-1-768x441.jpeg 768w, https:\/\/www.cnbb.org.br\/wp-content\/uploads\/2020\/12\/Ter\u00e7o-da-Esperan\u00e7a-e-da-Solidariedade-02122020-1-500x287.jpeg 500w, https:\/\/www.cnbb.org.br\/wp-content\/uploads\/2020\/12\/Ter\u00e7o-da-Esperan\u00e7a-e-da-Solidariedade-02122020-1-700x400.jpeg 700w, https:\/\/www.cnbb.org.br\/wp-content\/uploads\/2020\/12\/Ter\u00e7o-da-Esperan\u00e7a-e-da-Solidariedade-02122020-1.jpeg 1280w\" sizes=\"(max-width: 300px) 100vw, 300px\" \/><\/p>\n<p style=\"text-align: justify;\"><img decoding=\"async\" loading=\"lazy\" class=\"size-medium wp-image-255926 aligncenter\" src=\"https:\/\/www.cnbb.org.br\/wp-content\/uploads\/2020\/12\/Ter\u00e7o-da-Esperan\u00e7a-e-da-Solidariedade-02122020-2-300x300.jpeg\" alt=\"\" width=\"300\" height=\"300\" srcset=\"https:\/\/www.cnbb.org.br\/wp-content\/uploads\/2020\/12\/Ter\u00e7o-da-Esperan\u00e7a-e-da-Solidariedade-02122020-2-300x300.jpeg 300w, https:\/\/www.cnbb.org.br\/wp-content\/uploads\/2020\/12\/Ter\u00e7o-da-Esperan\u00e7a-e-da-Solidariedade-02122020-2-1024x1024.jpeg 1024w, https:\/\/www.cnbb.org.br\/wp-content\/uploads\/2020\/12\/Ter\u00e7o-da-Esperan\u00e7a-e-da-Solidariedade-02122020-2-150x150.jpeg 150w, https:\/\/www.cnbb.org.br\/wp-content\/uploads\/2020\/12\/Ter\u00e7o-da-Esperan\u00e7a-e-da-Solidariedade-02122020-2-768x768.jpeg 768w, https:\/\/www.cnbb.org.br\/wp-content\/uploads\/2020\/12\/Ter\u00e7o-da-Esperan\u00e7a-e-da-Solidariedade-02122020-2-800x800.jpeg 800w, https:\/\/www.cnbb.org.br\/wp-content\/uploads\/2020\/12\/Ter\u00e7o-da-Esperan\u00e7a-e-da-Solidariedade-02122020-2-500x500.jpeg 500w, https:\/\/www.cnbb.org.br\/wp-content\/uploads\/2020\/12\/Ter\u00e7o-da-Esperan\u00e7a-e-da-Solidariedade-02122020-2.jpeg 1080w\" sizes=\"(max-width: 300px) 100vw, 300px\" \/><\/p>\n<p style=\"text-align: justify;\"><img decoding=\"async\" loading=\"lazy\" class=\"size-medium wp-image-255927 aligncenter\" src=\"https:\/\/www.cnbb.org.br\/wp-content\/uploads\/2020\/12\/Ter\u00e7o-da-Esperan\u00e7a-e-da-Solidariedade-02122020-3-169x300.jpeg\" alt=\"\" width=\"169\" height=\"300\" srcset=\"https:\/\/www.cnbb.org.br\/wp-content\/uploads\/2020\/12\/Ter\u00e7o-da-Esperan\u00e7a-e-da-Solidariedade-02122020-3-169x300.jpeg 169w, https:\/\/www.cnbb.org.br\/wp-content\/uploads\/2020\/12\/Ter\u00e7o-da-Esperan\u00e7a-e-da-Solidariedade-02122020-3-575x1024.jpeg 575w, https:\/\/www.cnbb.org.br\/wp-content\/uploads\/2020\/12\/Ter\u00e7o-da-Esperan\u00e7a-e-da-Solidariedade-02122020-3-500x890.jpeg 500w, https:\/\/www.cnbb.org.br\/wp-content\/uploads\/2020\/12\/Ter\u00e7o-da-Esperan\u00e7a-e-da-Solidariedade-02122020-3.jpeg 607w\" sizes=\"(max-width: 169px) 100vw, 169px\" \/><\/p>\n<p style=\"text-align: justify;\">\n<h3 style=\"text-align: justify;\">Acompanhe<\/h3>\n<p style=\"text-align: justify;\"><a href=\"https:\/\/www.facebook.com\/cnbbnacional\" target=\"_blank\" rel=\"noopener\">Facebook<\/a><\/p>\n<div class=\"kvgmc6g5 cxmmr5t8 oygrvhab hcukyx3x c1et5uql ii04i59q\" style=\"text-align: justify;\">\n<p><a href=\"https:\/\/twitter.com\/CNBBNacional\" target=\"_blank\" rel=\"noopener\">Twitter<\/a><\/p>\n<p><a href=\"https:\/\/www.youtube.com\/user\/CNBBNacionalBrasilia\" target=\"_blank\" rel=\"noopener\">Youtube<\/a><\/p>\n<\/div>\n<p style=\"text-align: justify;\">\n<p style=\"text-align: justify;\">\n<p style=\"text-align: justify;\">\n","protected":false},"excerpt":{"rendered":"<p>A Confer\u00eancia Nacional dos Bispos do Brasil (CNBB) continua com sua iniciativa que une todo o Brasil em ora\u00e7\u00e3o diante da emerg\u00eancia de sa\u00fade causada pela pandemia da Covid-19. Nesta quarta-feira, 2 de dezembro, a partir das 15h30, vai ao ar mais uma edi\u00e7\u00e3o do Ter\u00e7o da Esperan\u00e7a e da Solidariedade, direto de Bel\u00e9m (PA). &hellip;<\/p>\n<p class=\"read-more\"> <a class=\"\" href=\"https:\/\/www.cnbb.org.br\/terco-da-esperanca-e-da-solidariedade-nesta-quarta-feira-sera-direto-de-belem-pa\/\"> <span class=\"screen-reader-text\">Ter\u00e7o da Esperan\u00e7a e da Solidariedade nesta quarta-feira ser\u00e1 direto de Bel\u00e9m (PA)<\/span> Leia mais &raquo;<\/a><\/p>\n","protected":false},"author":83,"featured_media":255925,"comment_status":"open","ping_status":"open","sticky":false,"template":"","format":"standard","meta":{"site-sidebar-layout":"default","site-content-layout":"default","ast-global-header-display":"","ast-banner-title-visibility":"","ast-main-header-display":"","ast-hfb-above-header-display":"","ast-hfb-below-header-display":"","ast-hfb-mobile-header-display":"","site-post-title":"","ast-breadcrumbs-content":"","ast-featured-img":"","footer-sml-layout":"","theme-transparent-header-meta":"default","adv-header-id-meta":"","stick-header-meta":"","header-above-stick-meta":"","header-main-stick-meta":"","header-below-stick-meta":""},"categories":[1841,1869],"tags":[1853],"acf":[],"_links":{"self":[{"href":"https:\/\/www.cnbb.org.br\/cnbb-app\/wp\/v2\/posts\/255924"}],"collection":[{"href":"https:\/\/www.cnbb.org.br\/cnbb-app\/wp\/v2\/posts"}],"about":[{"href":"https:\/\/www.cnbb.org.br\/cnbb-app\/wp\/v2\/types\/post"}],"author":[{"embeddable":true,"href":"https:\/\/www.cnbb.org.br\/cnbb-app\/wp\/v2\/users\/83"}],"replies":[{"embeddable":true,"href":"https:\/\/www.cnbb.org.br\/cnbb-app\/wp\/v2\/comments?post=255924"}],"version-history":[{"count":0,"href":"https:\/\/www.cnbb.org.br\/cnbb-app\/wp\/v2\/posts\/255924\/revisions"}],"wp:featuredmedia":[{"embeddable":true,"href":"https:\/\/www.cnbb.org.br\/cnbb-app\/wp\/v2\/media\/255925"}],"wp:attachment":[{"href":"https:\/\/www.cnbb.org.br\/cnbb-app\/wp\/v2\/media?parent=255924"}],"wp:term":[{"taxonomy":"category","embeddable":true,"href":"https:\/\/www.cnbb.org.br\/cnbb-app\/wp\/v2\/categories?post=255924"},{"taxonomy":"post_tag","embeddable":true,"href":"https:\/\/www.cnbb.org.br\/cnbb-app\/wp\/v2\/tags?post=255924"}],"curies":[{"name":"wp","href":"https:\/\/api.w.org\/{rel}","templated":true}]}}