{"id":25593,"date":"2011-03-16T00:00:00","date_gmt":"2011-03-16T03:00:00","guid":{"rendered":"https:\/\/www.cnbb.org.br\/eleita-a-nova-presidencia-do-regional-sul-2-da-cnbb\/"},"modified":"2011-03-16T00:00:00","modified_gmt":"2011-03-16T03:00:00","slug":"eleita-a-nova-presidencia-do-regional-sul-2-da-cnbb","status":"publish","type":"post","link":"https:\/\/www.cnbb.org.br\/eleita-a-nova-presidencia-do-regional-sul-2-da-cnbb\/","title":{"rendered":"Eleita a nova presid\u00eancia do Regional Sul 2 da CNBB"},"content":{"rendered":"<p style=\"text-align: justify\">Na manh\u00e3 de ter\u00e7a-feira, 14, em S\u00e3o Jos\u00e9 dos Pinhais (PR), em Assembleia dos bispos do Regional Sul 2 da CNBB (Paran\u00e1), foi eleita a nova presid\u00eancia do Regional.<\/p>\n<p>  <!--more-->  <\/p>\n<p style=\"text-align: justify\">Os eleitos foram: presidente, dom Jo\u00e3o Bosco de Sousa, bispo de Uni\u00e3o da Vit\u00f3ria (ao centro da foto); vice-presidente, dom Mauro Aparecido dos Santos, arcebispo de Cascavel (\u00e0 direita da foto) e secret\u00e1rio, dom Rafael Biernaski, bispo auxiliar de Curitiba (\u00e0 esquerda da foto).<\/p>\n<p style=\"text-align: justify\">A nova presid\u00eancia tomar\u00e1 posse em maio, durante a 49\u00aa Assembleia Geral da CNBB, que acontecer\u00e1 em Aparecida (SP).<\/p>\n<p style=\"text-align: justify\">A Assembleia dos bispos do Paran\u00e1 come\u00e7ou no dia 13 com a celebra\u00e7\u00e3o eucar\u00edstica da Dedica\u00e7\u00e3o da Catedral de S\u00e3o Jos\u00e9 dos Pinhais.<\/p>\n<p style=\"text-align: justify\">A pauta consistiu na apresenta\u00e7\u00e3o do relat\u00f3rio da Presid\u00eancia do Regional das principais atividades desenvolvidas; elei\u00e7\u00e3o da nova Presid\u00eancia e os representantes do Regional no Conselho Permanente da CNBB; avalia\u00e7\u00e3o e reestrutura\u00e7\u00e3o da pastoral ind\u00edgena no estado que conta com mais de 60 comunidades ind\u00edgenas de diversas etnias; estrat\u00e9gias de atua\u00e7\u00e3o da Pastoral da AIDS; Educa\u00e7\u00e3o no estado do Paran\u00e1 e suas defici\u00eancias; defini\u00e7\u00e3o da tem\u00e1tica e local da pr\u00f3xima Assembleia do Povo de Deus que acontecer\u00e1 em setembro e outras tem\u00e1ticas internas da vida do Regional.<\/p>\n<p style=\"text-align: justify\">Ao todo participaram 21 bispos do Regional. Todos os anos a Assembleia acontece na sede de uma diocese diferente.<\/p>\n","protected":false},"excerpt":{"rendered":"<p>Na manh\u00e3 de ter\u00e7a-feira, 14, em S\u00e3o Jos\u00e9 dos Pinhais (PR), em Assembleia dos bispos do Regional Sul 2 da CNBB (Paran\u00e1), foi eleita a nova presid\u00eancia do Regional.<\/p>\n","protected":false},"author":83,"featured_media":25594,"comment_status":"open","ping_status":"open","sticky":false,"template":"","format":"standard","meta":{"site-sidebar-layout":"default","site-content-layout":"default","ast-global-header-display":"","ast-banner-title-visibility":"","ast-main-header-display":"","ast-hfb-above-header-display":"","ast-hfb-below-header-display":"","ast-hfb-mobile-header-display":"","site-post-title":"","ast-breadcrumbs-content":"","ast-featured-img":"","footer-sml-layout":"","theme-transparent-header-meta":"","adv-header-id-meta":"","stick-header-meta":"","header-above-stick-meta":"","header-main-stick-meta":"","header-below-stick-meta":""},"categories":[769,781],"tags":[],"acf":[],"_links":{"self":[{"href":"https:\/\/www.cnbb.org.br\/cnbb-app\/wp\/v2\/posts\/25593"}],"collection":[{"href":"https:\/\/www.cnbb.org.br\/cnbb-app\/wp\/v2\/posts"}],"about":[{"href":"https:\/\/www.cnbb.org.br\/cnbb-app\/wp\/v2\/types\/post"}],"author":[{"embeddable":true,"href":"https:\/\/www.cnbb.org.br\/cnbb-app\/wp\/v2\/users\/83"}],"replies":[{"embeddable":true,"href":"https:\/\/www.cnbb.org.br\/cnbb-app\/wp\/v2\/comments?post=25593"}],"version-history":[{"count":0,"href":"https:\/\/www.cnbb.org.br\/cnbb-app\/wp\/v2\/posts\/25593\/revisions"}],"wp:featuredmedia":[{"embeddable":true,"href":"https:\/\/www.cnbb.org.br\/cnbb-app\/wp\/v2\/media\/25594"}],"wp:attachment":[{"href":"https:\/\/www.cnbb.org.br\/cnbb-app\/wp\/v2\/media?parent=25593"}],"wp:term":[{"taxonomy":"category","embeddable":true,"href":"https:\/\/www.cnbb.org.br\/cnbb-app\/wp\/v2\/categories?post=25593"},{"taxonomy":"post_tag","embeddable":true,"href":"https:\/\/www.cnbb.org.br\/cnbb-app\/wp\/v2\/tags?post=25593"}],"curies":[{"name":"wp","href":"https:\/\/api.w.org\/{rel}","templated":true}]}}