{"id":255976,"date":"2020-12-02T13:16:50","date_gmt":"2020-12-02T16:16:50","guid":{"rendered":"https:\/\/www.cnbb.org.br\/?p=255976"},"modified":"2020-12-02T13:18:11","modified_gmt":"2020-12-02T16:18:11","slug":"bispo-de-pemba-faz-apelo-pelo-fim-da-guerra-em-cabo-delgado","status":"publish","type":"post","link":"https:\/\/www.cnbb.org.br\/bispo-de-pemba-faz-apelo-pelo-fim-da-guerra-em-cabo-delgado\/","title":{"rendered":"Bispo de Pemba, dom Luiz Fernando Lisboa, faz apelo pelo fim da guerra em Cabo Delgado"},"content":{"rendered":"<p>&nbsp;<\/p>\n<blockquote>\n<div class=\"article__subTitle\" style=\"text-align: justify;\">&#8220;Uma guerra que j\u00e1 dura tr\u00eas anos, que come\u00e7ou com um ataque a uma delegacia, prosseguiu nas aldeias distantes, depois passou para os vilarejos maiores, e por fim chegou \u00e0s cidades, que se esvaziaram gradualmente\u201d, disse dom Luiz Fernando Lisboa.<\/div>\n<\/blockquote>\n<div class=\"article__text \">\n<p style=\"text-align: justify;\">O bispo de Pemba, dom Luiz Fernando Lisboa, fez mais um apelo pelo fim da guerra no norte de Mo\u00e7ambique, que j\u00e1 causou mais de 2 mil mortos e mais de 500 mil deslocados. Numa entrevista \u00e0 funda\u00e7\u00e3o Ajuda \u00e0 Igreja que Sofre Portugal, o prelado destaca a situa\u00e7\u00e3o catastr\u00f3fica em que vive Cabo Delgado, alvo constante de ataques de grupos terroristas, que afirmam pertencer a Daesh, o autoproclamado Estado isl\u00e2mico.<\/p>\n<\/div>\n<div class=\"article__innerTitle\">\n<!--[if lt IE 9]><script>document.createElement('audio');<\/script><![endif]-->\n\t<div class=\"wp-playlist wp-audio-playlist wp-playlist-light\">\n\t\t\t<div class=\"wp-playlist-current-item\"><\/div>\n\t\t<audio controls=\"controls\" preload=\"none\" width=\"640\"\n\t\t\t><\/audio>\n\t<div class=\"wp-playlist-next\"><\/div>\n\t<div class=\"wp-playlist-prev\"><\/div>\n\t<noscript>\n\t<ol>\n\t\t<li><a href='https:\/\/www.cnbb.org.br\/wp-content\/uploads\/2020\/12\/135806554_F135806554.mp3'>Dom Luiz<\/a><\/li>\t<\/ol>\n\t<\/noscript>\n\t<script type=\"application\/json\" class=\"wp-playlist-script\">{\"type\":\"audio\",\"tracklist\":true,\"tracknumbers\":true,\"images\":true,\"artists\":true,\"tracks\":[{\"src\":\"https:\\\/\\\/www.cnbb.org.br\\\/wp-content\\\/uploads\\\/2020\\\/12\\\/135806554_F135806554.mp3\",\"type\":\"audio\\\/mpeg\",\"title\":\"Dom Luiz\",\"caption\":\"\",\"description\":\"\\\"135806554_F135806554\\\".\",\"meta\":{\"length_formatted\":\"3:20\"},\"image\":{\"src\":\"https:\\\/\\\/www.cnbb.org.br\\\/wp-includes\\\/images\\\/media\\\/audio.png\",\"width\":48,\"height\":64},\"thumb\":{\"src\":\"https:\\\/\\\/www.cnbb.org.br\\\/wp-includes\\\/images\\\/media\\\/audio.png\",\"width\":48,\"height\":64}}]}<\/script>\n<\/div>\n\t\n<\/div>\n<div class=\"article__text \">\n<p style=\"text-align: justify;\">\u201cUma guerra que j\u00e1 dura tr\u00eas anos, que come\u00e7ou com um ataque a uma delegacia, prosseguiu nas aldeias distantes, depois passou para os vilarejos maiores, e por fim chegou \u00e0s cidades, que se esvaziaram gradualmente\u201d, disse o bispo.<\/p>\n<p style=\"text-align: justify;\">\u201cMais de quinhentas mil pessoas deslocadas que precisam de tudo! Alimento, roupas, rem\u00e9dios, panelas, aten\u00e7\u00e3o, um lugar para viver, tudo\u201d, afirma o prelado. \u201c\u00c9 uma guerra que trouxe muito sofrimento para todos n\u00f3s\u201d, e piorou uma situa\u00e7\u00e3o j\u00e1 complexa.<\/p>\n<p style=\"text-align: justify;\">O bispo assinala que os habitantes de Cabo Delgado est\u00e3o cansados dessa viol\u00eancia. \u201cO que o povo mo\u00e7ambicano mais deseja \u00e9 a paz. Mo\u00e7ambique j\u00e1 enfrentou duas guerras e, aqui em Cabo Delgado, estamos enfrentando a terceira. As pessoas est\u00e3o cansadas, est\u00e3o sofrendo muito com esta guerra. O povo de Cabo Delgado, em Mo\u00e7ambique, quer a paz, anseia pela paz\u201d, disse ainda o bispo de Pemba.<\/p>\n<p style=\"text-align: justify;\">A entrevista com dom Lisboa foi feita ap\u00f3s o ataque \u00e0 miss\u00e3o de Nangologo no \u00faltimo fim de semana, a segunda miss\u00e3o mais importante da diocese. Segundo o prelado, a igreja, a casa dos sacerdotes, a casa das religiosas, a r\u00e1dio da comunidade e o ambulat\u00f3rio foram totalmente destru\u00eddos e as pessoas foram obrigadas a fugir, atrav\u00e9s da floresta, para outras cidades e para Pemba. \u201cAjudamos muitas pessoas, enviando dinheiro para que pudessem fugir para lugares mais seguros\u201d, disse o bispo.<\/p>\n<p style=\"text-align: justify;\">No entanto, n\u00e3o obstante a destrui\u00e7\u00e3o da miss\u00e3o, dom Lisboa faz quest\u00e3o de salientar que n\u00e3o se pode falar de guerra contra os crist\u00e3os. \u201cOs crist\u00e3os n\u00e3o s\u00e3o o alvo principal dos terroristas.\u201d \u201cMuitas igrejas importantes foram queimadas, mas o mesmo destino foi reservado para as mesquitas. Al\u00e9m de catequistas e l\u00edderes comunit\u00e1rios, tamb\u00e9m foram mortos um l\u00edder mu\u00e7ulmano e outros l\u00edderes. Al\u00e9m disso, dentre os l\u00edderes religiosos, em Cabo Delgado, nunca houve nenhum problema, e os pr\u00f3prios mu\u00e7ulmanos tomaram dist\u00e2ncia desta guerra, n\u00e3o aceitando que se falasse de guerra de religi\u00e3o\u201d, sublinha dom Lisboa.<\/p>\n<p style=\"text-align: justify;\">Neste contexto dif\u00edcil, a Igreja est\u00e1 comprometida com a constru\u00e7\u00e3o da paz, constru\u00e7\u00e3o que precisa do envolvimento n\u00e3o s\u00f3 do povo de Mo\u00e7ambique, mas tamb\u00e9m da Comunidade internacional.<\/p>\n<p style=\"text-align: justify;\">\u201cO que n\u00f3s religiosos pedimos \u00e9 a paz. \u00c9 muito pedir a paz? Este \u00e9 o trabalho da Igreja\u201d, ressalta.<\/p>\n<p style=\"text-align: justify;\">Por fim, recordando que numa guerra n\u00e3o h\u00e1 vencedores, mas apenas pessoas que, embora perdedoras, pensam que podem ter lucro, o bispo de Pemba conclui a entrevista agradecendo a todos os benfeitores de AIS que sempre ajudaram Mo\u00e7ambique, mesmo antes do in\u00edcio dos ataques terroristas.<\/p>\n<\/div>\n<h4 style=\"text-align: justify;\"><strong>Cristo Redentor iluminado tamb\u00e9m pela situa\u00e7\u00e3o em Mo\u00e7ambique<\/strong><\/h4>\n<p style=\"text-align: justify;\">Este ano, em novembro, o Cristo Redentor esteve iluminado em vermelho com o objetivo de chamar a aten\u00e7\u00e3o para a situa\u00e7\u00e3o que se vive na prov\u00edncia de Cabo Delgado, Mo\u00e7ambique. Desde 2017 a regi\u00e3o sofre os ataques de um grupo terrorista autodenominado Estado Isl\u00e2mico na \u00c1frica Central. Estima-se que mais de 2.000 pessoas foram mortas e mais de 500.000 tenham sido deslocadas por conta da viol\u00eancia extrema perpetrada pelo grupo.<\/p>\n<p><img decoding=\"async\" loading=\"lazy\" class=\"size-medium wp-image-255650 alignright\" src=\"https:\/\/www.cnbb.org.br\/wp-content\/uploads\/2020\/11\/Cristo-Vermelho-300x189.jpg\" alt=\"\" width=\"300\" height=\"189\" srcset=\"https:\/\/www.cnbb.org.br\/wp-content\/uploads\/2020\/11\/Cristo-Vermelho-300x189.jpg 300w, https:\/\/www.cnbb.org.br\/wp-content\/uploads\/2020\/11\/Cristo-Vermelho-1024x647.jpg 1024w, https:\/\/www.cnbb.org.br\/wp-content\/uploads\/2020\/11\/Cristo-Vermelho-768x485.jpg 768w, https:\/\/www.cnbb.org.br\/wp-content\/uploads\/2020\/11\/Cristo-Vermelho-1536x970.jpg 1536w, https:\/\/www.cnbb.org.br\/wp-content\/uploads\/2020\/11\/Cristo-Vermelho-500x316.jpg 500w, https:\/\/www.cnbb.org.br\/wp-content\/uploads\/2020\/11\/Cristo-Vermelho.jpg 1710w\" sizes=\"(max-width: 300px) 100vw, 300px\" \/><\/p>\n<p style=\"text-align: justify;\">A a\u00e7\u00e3o intitulada &#8220;Red Wednesday (Quarta vermelha)&#8221; \u2013 \u00e9 da ACN (Ajuda \u00e0 Igreja que sofre) e foi simb\u00f3lica cujo objetivo era iluminar em vermelho igrejas, edif\u00edcios p\u00fablicos e monumentos em todo o mundo, como o Cristo Redentor, com o intuito de chamar a aten\u00e7\u00e3o para a situa\u00e7\u00e3o dos crist\u00e3os perseguidos. ACN \u00e9 o acr\u00f4nimo do nome em ingl\u00eas \u201cAid to the Church in Need&#8221;, que mant\u00e9m o significo da miss\u00e3o recebida desde sua funda\u00e7\u00e3o: Ajuda \u00e0 Igreja que Sofre.<\/p>\n<p style=\"text-align: justify;\">A ACN est\u00e1 ajudando a regi\u00e3o com projetos de ajuda emergencial, uma vez que o n\u00famero de deslocados aumenta a cada dia. S\u00e3o pessoas que fugiram apenas com a roupa do corpo e sofrem fome e desidrata\u00e7\u00e3o. Saiba mais em: <a href=\"https:\/\/www.acn.org.br\/\" target=\"_blank\" rel=\"noopener\">https:\/\/www.acn.org.br\/.\u00a0<\/a><\/p>\n<p>&nbsp;<\/p>\n<div class=\"article__text \">\n<pre style=\"text-align: justify;\">Com informa\u00e7\u00f5es e foto do Vatican News Service - AP\/MJ<\/pre>\n<p>&nbsp;<\/p>\n<\/div>\n","protected":false},"excerpt":{"rendered":"<p>Numa entrevista \u00e0 funda\u00e7\u00e3o Ajuda \u00e0 Igreja que Sofre Portugal, o prelado destacou a situa\u00e7\u00e3o catastr\u00f3fica em que vive Cabo Delgado, alvo constante de ataques de grupos terroristas, que afirmam pertencer a Daesh, o Estado isl\u00e2mico<\/p>\n","protected":false},"author":83,"featured_media":255985,"comment_status":"open","ping_status":"open","sticky":false,"template":"","format":"standard","meta":{"site-sidebar-layout":"default","site-content-layout":"default","ast-global-header-display":"","ast-banner-title-visibility":"","ast-main-header-display":"","ast-hfb-above-header-display":"","ast-hfb-below-header-display":"","ast-hfb-mobile-header-display":"","site-post-title":"","ast-breadcrumbs-content":"","ast-featured-img":"","footer-sml-layout":"","theme-transparent-header-meta":"default","adv-header-id-meta":"","stick-header-meta":"","header-above-stick-meta":"","header-main-stick-meta":"","header-below-stick-meta":""},"categories":[50,1851],"tags":[3157,2104,2105],"acf":[],"_links":{"self":[{"href":"https:\/\/www.cnbb.org.br\/cnbb-app\/wp\/v2\/posts\/255976"}],"collection":[{"href":"https:\/\/www.cnbb.org.br\/cnbb-app\/wp\/v2\/posts"}],"about":[{"href":"https:\/\/www.cnbb.org.br\/cnbb-app\/wp\/v2\/types\/post"}],"author":[{"embeddable":true,"href":"https:\/\/www.cnbb.org.br\/cnbb-app\/wp\/v2\/users\/83"}],"replies":[{"embeddable":true,"href":"https:\/\/www.cnbb.org.br\/cnbb-app\/wp\/v2\/comments?post=255976"}],"version-history":[{"count":0,"href":"https:\/\/www.cnbb.org.br\/cnbb-app\/wp\/v2\/posts\/255976\/revisions"}],"wp:featuredmedia":[{"embeddable":true,"href":"https:\/\/www.cnbb.org.br\/cnbb-app\/wp\/v2\/media\/255985"}],"wp:attachment":[{"href":"https:\/\/www.cnbb.org.br\/cnbb-app\/wp\/v2\/media?parent=255976"}],"wp:term":[{"taxonomy":"category","embeddable":true,"href":"https:\/\/www.cnbb.org.br\/cnbb-app\/wp\/v2\/categories?post=255976"},{"taxonomy":"post_tag","embeddable":true,"href":"https:\/\/www.cnbb.org.br\/cnbb-app\/wp\/v2\/tags?post=255976"}],"curies":[{"name":"wp","href":"https:\/\/api.w.org\/{rel}","templated":true}]}}