{"id":256020,"date":"2020-12-03T11:03:37","date_gmt":"2020-12-03T14:03:37","guid":{"rendered":"https:\/\/www.cnbb.org.br\/?p=256020"},"modified":"2020-12-03T11:04:15","modified_gmt":"2020-12-03T14:04:15","slug":"vem-senhor-jesus-3","status":"publish","type":"post","link":"https:\/\/www.cnbb.org.br\/vem-senhor-jesus-3\/","title":{"rendered":"Vem, Senhor Jesus!"},"content":{"rendered":"<p style=\"text-align: right;\"><strong>Dom Vital Corbellini<\/strong><br \/>\n<strong> Bispo de Marab\u00e1 (PA)<\/strong><\/p>\n<p>&nbsp;<\/p>\n<p style=\"text-align: justify;\">A partir da Sagrada Escritura, os santos padres, os primeiros escritores crist\u00e3os colocaram a import\u00e2ncia da vinda de Deus, como sendo a vida nova que veio do alto para o ser humano e era uma prece ao Senhor, para que redimisse a realidade humana, criada por Ele. Mas este \u00e9 o desejo de todas as pessoas para que venha o Messias em nossos cora\u00e7\u00f5es, fam\u00edlias, comunidades, sociedade. Veremos a seguir pontos desta vinda a partir de alguns padres da Igreja.<\/p>\n<p style=\"text-align: justify;\">S\u00e3o Greg\u00f3rio de Nissa, bispo na \u00c1sia Menor, do s\u00e9culo IV, afirmou a alegria de subir a montanha assim como fez Mois\u00e9s. A nossa vida \u00e9 uma subida \u00e0 escada daquilo que \u00e9 e ser\u00e1 bonito por natureza. O ardente desejo de ver o Senhor pelo Natal \u00e9 pr\u00f3prio da vida humana na qual nunca deixa o desejo de v\u00ea-lo<a href=\"#_ftn1\" name=\"_ftnref1\">[1]<\/a>.<\/p>\n<p style=\"text-align: justify;\">S\u00e3o Jo\u00e3o Cris\u00f3stomo, Bispo de Constantinopla, dos s\u00e9culos IV e V, afirmou a expectativa pela vinda do Senhor nas quais as pessoas s\u00e3o convidadas a desprender-se das realidades vis\u00edveis para desejar aos bens futuros. \u00c9 claro que dever\u00e1 trabalhar as coisas presentes em vista das eternas. Como n\u00e3o se sabe o dia e nem a hora, S\u00e3o Jo\u00e3o falou da necessidade de viver na terra o mesmo modo de viver do c\u00e9u. Para isso \u00e9 preciso fazer da terra um c\u00e9u, fazendo da vida um caminho de paz e de amor, vivendo um pouco, aqui, como se j\u00e1 estiv\u00e9ssemos nas realidades divinas<a href=\"#_ftn2\" name=\"_ftnref2\">[2]<\/a>.<\/p>\n<p style=\"text-align: justify;\">Em suas homilias, Pseudo Mac\u00e1rio, padre do deserto, final do s\u00e9culo IV, afirmou que n\u00f3s somos prisioneiros do desejo do Senhor. Se as pessoas s\u00e3o tomadas por desejos de gl\u00f3ria do rei humano, muito mais deve estar presente nas pessoas que esperam o Senhor pela sua vinda, para a unidade do rei celeste, de unidade da beleza, da gl\u00f3ria inef\u00e1vel, da magnific\u00eancia incorrupt\u00edvel do verdadeiro e eterno Rei, o Cristo que se tornou pessoa humana igual a n\u00f3s, em tudo, menos o pecado<a href=\"#_ftn3\" name=\"_ftnref3\">[3]<\/a>.<\/p>\n<p style=\"text-align: justify;\">Santo Agostinho, bispo de Hipona, dos s\u00e9culos IV e V, tinha presente que n\u00f3s somos caminhantes neste mundo. O cora\u00e7\u00e3o humano deseja a gl\u00f3ria inef\u00e1vel. O desejo \u00e9 o mais intimo ref\u00fagio do cora\u00e7\u00e3o. Para acender em n\u00f3s o desejo da realidade que Cristo quer nos dar, por ocasi\u00e3o de sua vinda, cooperam a Escritura divina, a assembl\u00e9ia lit\u00fargica, as celebra\u00e7\u00f5es dos sacramentos, o batismo, o canto dos louvores de Deus, a nossa prega\u00e7\u00e3o, e o desejo de ver a Deus, no seu Filho Jesus Cristo. Somos caminhantes, porque esta vida \u00e9 apenas uma pousada. Se no mundo crescem as tenta\u00e7\u00f5es, mais poderoso \u00e9 Aquele que criou o mundo e que vir\u00e1 em nossa realidade<a href=\"#_ftn4\" name=\"_ftnref4\">[4]<\/a>. Como o cervo anseia \u00e0s fontes das \u00e1guas, assim tamb\u00e9m a nossa alma anseia pelo Senhor, nosso Deus (cfr. Sl 41). Aqui entra a import\u00e2ncia de a Igreja fazer a prepara\u00e7\u00e3o para a vinda do Senhor em nossas vidas e que \u00e9 preciso aguardar com f\u00e9 e amor a vinda do Senhor<a href=\"#_ftn5\" name=\"_ftnref5\">[5]<\/a>.<\/p>\n<p style=\"text-align: justify;\">Teodoro de Mopsu\u00e9stia, Bispo da S\u00edria, s\u00e9culo V, afirmou a prece que a pessoa humana faz no Pai nosso que se refere ao nome de Deus para que seja santificado e venha o seu Reino. Para isso h\u00e1 a necessidade de comportar-se conforme a palavra de dignos filhos de Deus para esta vinda. Se de fato n\u00f3s nos comportarmos bem, confirmaremos que somos filhos de Deus e que somos dignos da liberdade do Pai nosso. N\u00f3s tamb\u00e9m pedimos na prece do Pai nosso que venha o seu reino, de modo que Ele se faz presente em Jesus Cristo e na vida que levamos no amor, para um dia habitar para sempre no seu Reino<a href=\"#_ftn6\" name=\"_ftnref6\">[6]<\/a>.<\/p>\n<p style=\"text-align: justify;\">Os padres da Igreja colocaram a import\u00e2ncia do desejo humano pela vinda do Senhor neste tempo do advento, tempo novo, de gra\u00e7a e de responsabilidade humana. Se \u00e9 preciso a prepara\u00e7\u00e3o externa, \u00e9 tamb\u00e9m importante a interna, do cora\u00e7\u00e3o para que o Senhor nas\u00e7a em nossas vidas, pensamentos e boas obras.<\/p>\n<p style=\"text-align: justify;\"><a href=\"#_ftnref1\" name=\"_ftn1\">[1]<\/a> Cfr. Gregorio di Nissa, <em>La vita de Mos\u00e8<\/em>, 2,227.231-233. In: <em>Nuove Letture dei giorni, testi dei padri d\u00b4oriente e d\u00b4occidente per tutti i tempi liturgici<\/em>. Scelta a cura dei fratelli e delle sorelle della Comunit\u00e0 di Bose. Edizioni QIQAJON, Comunit\u00e0 di Bose. 2012, Magnano (BI), pgs. 23-24.<\/p>\n<p style=\"text-align: justify;\"><a href=\"#_ftnref2\" name=\"_ftn2\">[2]<\/a> Cfr. Giovanni Crisostomo, <em>Omelie sul Vangelo di Matte<\/em> 19,4-5. In: <em>Nuove Letture dei giorni, testi dei padri d\u00b4oriente e d\u00b4occidente per tutti i tempi liturgici<\/em>, In: <em>Idem<\/em>, pg. 24-25.<\/p>\n<p style=\"text-align: justify;\"><a href=\"#_ftnref3\" name=\"_ftn3\">[3]<\/a> Cfr. <em>Pseudo-Macario<\/em>, <em>Omelie<\/em> 5,6-7. In: <em>Idem<\/em>, pgs. 25-26.<\/p>\n<p style=\"text-align: justify;\"><a href=\"#_ftnref4\" name=\"_ftn4\">[4]<\/a> Cfr. Agostino di Ippona, <em>Commento al Vangelo di Giovanni<\/em> 40,10. In:<em> Idem<\/em>, pgs. 27-28.<\/p>\n<p style=\"text-align: justify;\"><a href=\"#_ftnref5\" name=\"_ftn5\">[5]<\/a> Cfr. Agostino di Ippona, <em>Esposizioni sui salmi<\/em> 41,1.4-5. In: <em>Idem<\/em>, pgs. 28-29.<\/p>\n<p style=\"text-align: justify;\"><a href=\"#_ftnref6\" name=\"_ftn6\">[6]<\/a> Cfr. Teodoro di Mopsuestia, <em>Omelie catechetiche<\/em> 11, 10-11. In: <em>Idem<\/em>, pgs. 29-30.<\/p>\n","protected":false},"excerpt":{"rendered":"<p>Dom Vital Corbellini Bispo de Marab\u00e1 (PA) &nbsp; A partir da Sagrada Escritura, os santos padres, os primeiros escritores crist\u00e3os colocaram a import\u00e2ncia da vinda de Deus, como sendo a vida nova que veio do alto para o ser humano e era uma prece ao Senhor, para que redimisse a realidade humana, criada por Ele. &hellip;<\/p>\n<p class=\"read-more\"> <a class=\"\" href=\"https:\/\/www.cnbb.org.br\/vem-senhor-jesus-3\/\"> <span class=\"screen-reader-text\">Vem, Senhor Jesus!<\/span> Leia mais &raquo;<\/a><\/p>\n","protected":false},"author":16,"featured_media":0,"comment_status":"open","ping_status":"open","sticky":false,"template":"","format":"standard","meta":{"site-sidebar-layout":"default","site-content-layout":"default","ast-global-header-display":"","ast-banner-title-visibility":"","ast-main-header-display":"","ast-hfb-above-header-display":"","ast-hfb-below-header-display":"","ast-hfb-mobile-header-display":"","site-post-title":"","ast-breadcrumbs-content":"","ast-featured-img":"","footer-sml-layout":"","theme-transparent-header-meta":"default","adv-header-id-meta":"","stick-header-meta":"","header-above-stick-meta":"","header-main-stick-meta":"","header-below-stick-meta":""},"categories":[758],"tags":[],"acf":[],"_links":{"self":[{"href":"https:\/\/www.cnbb.org.br\/cnbb-app\/wp\/v2\/posts\/256020"}],"collection":[{"href":"https:\/\/www.cnbb.org.br\/cnbb-app\/wp\/v2\/posts"}],"about":[{"href":"https:\/\/www.cnbb.org.br\/cnbb-app\/wp\/v2\/types\/post"}],"author":[{"embeddable":true,"href":"https:\/\/www.cnbb.org.br\/cnbb-app\/wp\/v2\/users\/16"}],"replies":[{"embeddable":true,"href":"https:\/\/www.cnbb.org.br\/cnbb-app\/wp\/v2\/comments?post=256020"}],"version-history":[{"count":0,"href":"https:\/\/www.cnbb.org.br\/cnbb-app\/wp\/v2\/posts\/256020\/revisions"}],"wp:attachment":[{"href":"https:\/\/www.cnbb.org.br\/cnbb-app\/wp\/v2\/media?parent=256020"}],"wp:term":[{"taxonomy":"category","embeddable":true,"href":"https:\/\/www.cnbb.org.br\/cnbb-app\/wp\/v2\/categories?post=256020"},{"taxonomy":"post_tag","embeddable":true,"href":"https:\/\/www.cnbb.org.br\/cnbb-app\/wp\/v2\/tags?post=256020"}],"curies":[{"name":"wp","href":"https:\/\/api.w.org\/{rel}","templated":true}]}}