{"id":256077,"date":"2020-12-04T10:42:08","date_gmt":"2020-12-04T13:42:08","guid":{"rendered":"https:\/\/www.cnbb.org.br\/?p=256077"},"modified":"2020-12-04T10:42:36","modified_gmt":"2020-12-04T13:42:36","slug":"preparai-o-caminho","status":"publish","type":"post","link":"https:\/\/www.cnbb.org.br\/preparai-o-caminho\/","title":{"rendered":"Preparai o caminho"},"content":{"rendered":"<p style=\"text-align: right;\"><strong>Dom Rodolfo Lu\u00eds Weber<br \/>\nArcebispo de Passo Fundo<\/p>\n<p><\/strong><\/p>\n<p style=\"text-align: justify;\">H\u00e1 uma semana iniciamos o tempo lit\u00fargico do Advento como prepara\u00e7\u00e3o para o Santo Natal. Tempo que convida para redescobrir e aprofundar a rela\u00e7\u00e3o pessoal com Deus. A vinda de Jesus, celebrada no Natal, revela o primeiro plano do movimento de Deus rumo \u00e0 humanidade. Agora, os visitados s\u00e3o convidados a responder com abertura, com expectativa, com busca e ades\u00e3o livre.<\/p>\n<p style=\"text-align: justify;\">A liturgia oferece personagens relevantes na prepara\u00e7\u00e3o da vinda hist\u00f3rica de Jesus. Neste segundo domingo do Advento destaca-se Jo\u00e3o Batista (Marcos 1,1-8). O evangelista Marcos, sem se preocupar com as origens de Jo\u00e3o Batista, simplesmente diz que ele \u201capareceu no deserto, pregando um batismo de convers\u00e3o para o perd\u00e3o dos pecados\u201d. Por\u00e9m, Marcos recorda o que estava escrito em Isa\u00edas 40,1-5.9-11. \u201cGrita uma voz: \u201cPreparai no deserto o caminho do Senhor, aplainai na solid\u00e3o a estrada de nosso Deus. (&#8230;) Sobe a um alto monte, tu, que trazes a boa-nova a Si\u00e3o\u201d.<\/p>\n<p style=\"text-align: justify;\">Jo\u00e3o Batista exerce o seu minist\u00e9rio no deserto e seu modo de viver era austero, tanto na vestimenta como no alimento. O deserto designa o lugar geogr\u00e1fico, mas tamb\u00e9m tem um valor simb\u00f3lico. No deserto, para sobreviver, se pensa em primeiro lugar naquilo que \u00e9 essencial: \u00e1gua e alimento. O sup\u00e9rfluo, a abund\u00e2ncia, o excesso fica em segundo plano. O estilo de Jo\u00e3o Batista chama todos os crist\u00e3os a escolher a sobriedade como modelo de vida, tamb\u00e9m nas festas de Natal. A sobriedade de consumir tamb\u00e9m revela compromisso com a ecologia integral.<\/p>\n<p style=\"text-align: justify;\">Jo\u00e3o Batista tamb\u00e9m indica o caminho para recuperar o essencial. A sobriedade do estilo de vida conduz para a mudan\u00e7a interior, para a convers\u00e3o. Enquanto nos preparamos para o Natal \u00e9 importante que olhemos para n\u00f3s pr\u00f3prios e fa\u00e7amos um exame sincero da vida. \u00c9 ir ao deserto em sentido simb\u00f3lico. A refer\u00eancia para examinar a vida pessoal e o mundo \u00e9 a Palavra de Deus. A sua leitura, escuta permanente, reflex\u00e3o v\u00e3o iluminando os recantos obscuros e projetando raios de luz. A luz \u00e9 um dos grandes s\u00edmbolos do Natal. Jo\u00e3o Batista como voz \u201cforte\u201d alertava que sem mudan\u00e7a do que h\u00e1 de errado, n\u00e3o \u00e9 poss\u00edvel surgirem novas pessoas e nem que a \u201cservid\u00e3o acabou e a expia\u00e7\u00e3o das culpas foi cumprida\u201d (Is. 40,2). Portanto, o Batista \u00e9 rigoroso em seu ensinamento moral pois toca na raiz da origem do mal.<\/p>\n<p style=\"text-align: justify;\">Jo\u00e3o Batista indica claramente a meta onde quer conduzir os ouvintes que \u00e9 alcan\u00e7ar Jesus Cristo. Diante do quem vir\u00e1, \u201cn\u00e3o sou digno de me abaixar e desamarrar suas sand\u00e1lias\u201d. Todo o Advento com sua riqueza lit\u00fargica, seus muitos s\u00edmbolos, costumes tem a finalidade para conduzir a Jesus. No meio de tanto riqueza e variedade de manifesta\u00e7\u00f5es natalinas deve ser constantemente redescoberto o essencial e a pureza da f\u00e9.\u00a0 O Menino Jesus n\u00e3o pode ser um detalhe do conjunto, mas o ponto de partida e de chegada.<\/p>\n<p style=\"text-align: justify;\">O estilo austero, provocador e um tanto r\u00edgido de S\u00e3o Jo\u00e3o Batista pretende suscitar a esperan\u00e7a e fazer as pessoas sonharem quem uma realidade nova. Ele n\u00e3o veio anunciar a destrui\u00e7\u00e3o, mas apontar para Algu\u00e9m muito especial. A Carta de S\u00e3o Pedro, da liturgia dominical do segundo Domingo do Advento, expressa-se assim: \u201cO que esperamos de acordo com a sua promessa, s\u00e3o novos c\u00e9us e uma nova terra, onde habitar\u00e1 a justi\u00e7a. Car\u00edssimos, vivendo nessa esperan\u00e7a, esfor\u00e7ai-vos para que ele vos encontre numa vida pura e sem mancha e em paz (2 Pedro 3,13-14).<\/p>\n<p>&nbsp;<\/p>\n<p>&nbsp;<\/p>\n","protected":false},"excerpt":{"rendered":"<p>Dom Rodolfo Lu\u00eds Weber Arcebispo de Passo Fundo H\u00e1 uma semana iniciamos o tempo lit\u00fargico do Advento como prepara\u00e7\u00e3o para o Santo Natal. Tempo que convida para redescobrir e aprofundar a rela\u00e7\u00e3o pessoal com Deus. A vinda de Jesus, celebrada no Natal, revela o primeiro plano do movimento de Deus rumo \u00e0 humanidade. Agora, os &hellip;<\/p>\n<p class=\"read-more\"> <a class=\"\" href=\"https:\/\/www.cnbb.org.br\/preparai-o-caminho\/\"> <span class=\"screen-reader-text\">Preparai o caminho<\/span> Leia mais &raquo;<\/a><\/p>\n","protected":false},"author":27,"featured_media":0,"comment_status":"open","ping_status":"open","sticky":false,"template":"","format":"standard","meta":{"site-sidebar-layout":"default","site-content-layout":"default","ast-global-header-display":"","ast-banner-title-visibility":"","ast-main-header-display":"","ast-hfb-above-header-display":"","ast-hfb-below-header-display":"","ast-hfb-mobile-header-display":"","site-post-title":"","ast-breadcrumbs-content":"","ast-featured-img":"","footer-sml-layout":"","theme-transparent-header-meta":"default","adv-header-id-meta":"","stick-header-meta":"","header-above-stick-meta":"","header-main-stick-meta":"","header-below-stick-meta":""},"categories":[758],"tags":[],"acf":[],"_links":{"self":[{"href":"https:\/\/www.cnbb.org.br\/cnbb-app\/wp\/v2\/posts\/256077"}],"collection":[{"href":"https:\/\/www.cnbb.org.br\/cnbb-app\/wp\/v2\/posts"}],"about":[{"href":"https:\/\/www.cnbb.org.br\/cnbb-app\/wp\/v2\/types\/post"}],"author":[{"embeddable":true,"href":"https:\/\/www.cnbb.org.br\/cnbb-app\/wp\/v2\/users\/27"}],"replies":[{"embeddable":true,"href":"https:\/\/www.cnbb.org.br\/cnbb-app\/wp\/v2\/comments?post=256077"}],"version-history":[{"count":0,"href":"https:\/\/www.cnbb.org.br\/cnbb-app\/wp\/v2\/posts\/256077\/revisions"}],"wp:attachment":[{"href":"https:\/\/www.cnbb.org.br\/cnbb-app\/wp\/v2\/media?parent=256077"}],"wp:term":[{"taxonomy":"category","embeddable":true,"href":"https:\/\/www.cnbb.org.br\/cnbb-app\/wp\/v2\/categories?post=256077"},{"taxonomy":"post_tag","embeddable":true,"href":"https:\/\/www.cnbb.org.br\/cnbb-app\/wp\/v2\/tags?post=256077"}],"curies":[{"name":"wp","href":"https:\/\/api.w.org\/{rel}","templated":true}]}}