{"id":256108,"date":"2020-12-04T13:22:09","date_gmt":"2020-12-04T16:22:09","guid":{"rendered":"https:\/\/www.cnbb.org.br\/?p=256108"},"modified":"2020-12-04T13:22:58","modified_gmt":"2020-12-04T16:22:58","slug":"dia-do-orientador-educacional-homenageia-aqueles-que-auxiliam-alunos-no-processo-de-aprendizagem","status":"publish","type":"post","link":"https:\/\/www.cnbb.org.br\/dia-do-orientador-educacional-homenageia-aqueles-que-auxiliam-alunos-no-processo-de-aprendizagem\/","title":{"rendered":"Dia do orientador educacional homenageia aqueles que auxiliam alunos no processo de aprendizagem"},"content":{"rendered":"<p style=\"text-align: justify;\">Nesta sexta-feira, 4 de dezembro, celebra-se o\u00a0<strong>Dia do Orientador Profissional<\/strong>\u00a0(ou Dia do Orientador Educacional). A data homenageia o profissional que se dedica a auxiliar os alunos durante o processo de aprendizagem.<\/p>\n<p style=\"text-align: justify;\">Segundo o padre Danilo Pinto, assessor da Comiss\u00e3o para a Cultura e Educa\u00e7\u00e3o da Confer\u00eancia Nacional dos Bispos do Brasil (CNBB), o orientador educacional &#8211; diferente do orientador pedag\u00f3gico -, atua num contexto no qual participam dois mundos: aquele que est\u00e1 entre a fam\u00edlia e entre a escola.<\/p>\n<p style=\"text-align: justify;\">Para ele, o orientador educacional tem o papel de fazer com que a din\u00e2mica de ensino-aprendizagem da qual cuida o orientador pedag\u00f3gico e toda a equipe de professores aconte\u00e7a de um modo integrado. \u201cO orientador educacional tem essa tarefa tamb\u00e9m de conciliar uma educa\u00e7\u00e3o que seja mais integrada, mais humana, mais integral e que envolvam os diversos aspectos daquele que passa por esse processo de ensino-aprendizagem\u201d, salienta padre Danilo.<\/p>\n<p style=\"text-align: justify;\">Ainda de acordo ele, a figura do orientador educacional tem um papel ainda mais importante nesse tempo, dentro do contexto eclesial em que o Papa nos convida a formar um Pacto Global pela Educa\u00e7\u00e3o. A iniciativa objetiva, dentre outras coisas, a pensar uma educa\u00e7\u00e3o que seja mais dial\u00f3gica, baseada nas necessidades da sociedade e que envolva um processo educativo que comprometa toda a sociedade. \u00a0\u201cE eu penso que o orientador deve ser um grande agente desse Pacto\u201d, finaliza padre Danilo.<\/p>\n<h3 style=\"text-align: justify;\"><strong>Atua\u00e7\u00e3o<\/strong><\/h3>\n<p style=\"text-align: justify;\">Normalmente, os orientadores profissionais atuam nas escolas, subordinados \u00e0 dire\u00e7\u00e3o ou supervis\u00e3o pedag\u00f3gica da institui\u00e7\u00e3o, dando aconselhamento aos alunos e preparando a\u00e7\u00f5es que auxiliem os jovens a escolher o melhor caminho profissional para os seus futuros.<\/p>\n<p style=\"text-align: justify;\">Por norma, os orientadores profissionais s\u00e3o formados em pedagogia. Em alguns casos, tamb\u00e9m atuam nos chamados Centros de Orienta\u00e7\u00e3o Profissional, localizados nas ag\u00eancias de empregos em todo o pa\u00eds.<\/p>\n<p style=\"text-align: justify;\">De acordo com a lei, esta profiss\u00e3o \u00e9 reconhecida sob o nome de\u00a0Orientador Educacional, atrav\u00e9s da lei n\u00ba 5.564, de 21 de dezembro de 1968, e regulamentada pelo decreto n\u00ba 72.846\/73.<\/p>\n<h3 style=\"text-align: justify;\"><strong>Orientador vocacional<\/strong><\/h3>\n<p style=\"text-align: justify;\">O padre Juarez Destro, assessor da Comiss\u00e3o para os Minist\u00e9rios Ordenados e a Vida Consagrada da CNBB, disse que tamb\u00e9m pode-se afirmar que \u00e9 o Dia do Orientador Vocacional.<\/p>\n<p style=\"text-align: justify;\">Para ele, essa figura \u00e9 aquela que deseja com que o cidad\u00e3o desperte para os valores do amor, da justi\u00e7a, da paz. \u201cUma sociedade vai ser sempre constru\u00edda dentro desses valores, ent\u00e3o o grande objetivo do orientador seja ele vocacional, profissional, educacional \u00e9 justamente formar pessoas que vivam a sua profiss\u00e3o ou voca\u00e7\u00e3o com muita alegria, prazer\u201d, disse.<\/p>\n<p style=\"text-align: justify;\">O assessor salientou a import\u00e2ncia de os orientadores ajudarem os jovens, os adultos a abra\u00e7arem sua profiss\u00e3o ou sua voca\u00e7\u00e3o. \u00a0\u201cE para que exer\u00e7am isso com alegria no dia a dia ajudando a construir um mundo melhor\u201d, finalizou.<\/p>\n<p>&nbsp;<\/p>\n<pre>Foto de capa: chezbeate\/Pixabay<\/pre>\n<p>&nbsp;<\/p>\n","protected":false},"excerpt":{"rendered":"<p>Nesta sexta-feira, 4 de dezembro, celebra-se o\u00a0Dia do Orientador Profissional\u00a0(ou Dia do Orientador Educacional). A data homenageia o profissional que se dedica a auxiliar os alunos durante o processo de aprendizagem. Assessores da CNBB falam sobre a import\u00e2ncia desta fun\u00e7\u00e3o<\/p>\n","protected":false},"author":83,"featured_media":256110,"comment_status":"open","ping_status":"open","sticky":false,"template":"","format":"standard","meta":{"site-sidebar-layout":"default","site-content-layout":"default","ast-global-header-display":"","ast-banner-title-visibility":"","ast-main-header-display":"","ast-hfb-above-header-display":"","ast-hfb-below-header-display":"","ast-hfb-mobile-header-display":"","site-post-title":"","ast-breadcrumbs-content":"","ast-featured-img":"","footer-sml-layout":"","theme-transparent-header-meta":"default","adv-header-id-meta":"","stick-header-meta":"","header-above-stick-meta":"","header-main-stick-meta":"","header-below-stick-meta":""},"categories":[50,1851],"tags":[3191,3192,3193],"acf":[],"_links":{"self":[{"href":"https:\/\/www.cnbb.org.br\/cnbb-app\/wp\/v2\/posts\/256108"}],"collection":[{"href":"https:\/\/www.cnbb.org.br\/cnbb-app\/wp\/v2\/posts"}],"about":[{"href":"https:\/\/www.cnbb.org.br\/cnbb-app\/wp\/v2\/types\/post"}],"author":[{"embeddable":true,"href":"https:\/\/www.cnbb.org.br\/cnbb-app\/wp\/v2\/users\/83"}],"replies":[{"embeddable":true,"href":"https:\/\/www.cnbb.org.br\/cnbb-app\/wp\/v2\/comments?post=256108"}],"version-history":[{"count":0,"href":"https:\/\/www.cnbb.org.br\/cnbb-app\/wp\/v2\/posts\/256108\/revisions"}],"wp:featuredmedia":[{"embeddable":true,"href":"https:\/\/www.cnbb.org.br\/cnbb-app\/wp\/v2\/media\/256110"}],"wp:attachment":[{"href":"https:\/\/www.cnbb.org.br\/cnbb-app\/wp\/v2\/media?parent=256108"}],"wp:term":[{"taxonomy":"category","embeddable":true,"href":"https:\/\/www.cnbb.org.br\/cnbb-app\/wp\/v2\/categories?post=256108"},{"taxonomy":"post_tag","embeddable":true,"href":"https:\/\/www.cnbb.org.br\/cnbb-app\/wp\/v2\/tags?post=256108"}],"curies":[{"name":"wp","href":"https:\/\/api.w.org\/{rel}","templated":true}]}}