{"id":256141,"date":"2020-12-07T10:40:19","date_gmt":"2020-12-07T13:40:19","guid":{"rendered":"https:\/\/www.cnbb.org.br\/?p=256141"},"modified":"2020-12-07T12:14:17","modified_gmt":"2020-12-07T15:14:17","slug":"o-papa-a-conversao-e-uma-graca-a-ser-pedida-a-deus-com-forca","status":"publish","type":"post","link":"https:\/\/www.cnbb.org.br\/o-papa-a-conversao-e-uma-graca-a-ser-pedida-a-deus-com-forca\/","title":{"rendered":"O Papa: a convers\u00e3o \u00e9 uma gra\u00e7a, a ser pedida a Deus com for\u00e7a"},"content":{"rendered":"<p style=\"text-align: justify;\">No Angelus deste domigo, 6 de dezembro, o Papa Francisco celebrou a figura e a obra de Jo\u00e3o Batista, que nos mostrou um itiner\u00e1rio de f\u00e9, semelhante ao que o Advento prop\u00f5e. Trata-se de um\u00a0<i>caminho de convers\u00e3o<\/i>.<\/p>\n<div style=\"text-align: justify;\">\n<div class=\"article__embed article__embed--unwrap article__embed--dark\">\n<div class=\"article__innerTitle\"><span style=\"font-size: 16px;\">Francisco explicou, antes de tudo, o que \u00e9 convers\u00e3o:<\/span><\/div>\n<\/div>\n<\/div>\n<div style=\"text-align: justify;\">\n<div class=\"article__embed article__embed--border embed_style\">\n<blockquote><p>\u201cNa B\u00edblia, significa primeiro mudar a dire\u00e7\u00e3o e a orienta\u00e7\u00e3o; e depois tamb\u00e9m mudar a maneira de pensar. Na vida moral e espiritual, converter meios de passar do mal ao bem, do pecado ao amor de Deus\u201d<\/p><\/blockquote>\n<\/div>\n<\/div>\n<p style=\"text-align: justify;\">A convers\u00e3o, explicou o Papa \u201cenvolve a dor pelos pecados cometidos, o desejo de se livrar deles, o prop\u00f3sito de exclu\u00ed-los da pr\u00f3pria vida para sempre. Para excluir o pecado, \u00e9 preciso tamb\u00e9m rejeitar tudo o que est\u00e1 ligado a ele: a mentalidade mundana, a superestima\u00e7\u00e3o do conforto, do prazer, do bem-estar, das riquezas\u201d.<\/p>\n<div style=\"text-align: justify;\">\n<aside class=\"article__readmore\">\n<div class=\"teaser--labelEvidence teaser teaser--type-angelus \">\n<article>\n<div class=\"teaser__labelWrapper\"><\/div>\n<div class=\"teaser__contentWrapper\">\n<h6 class=\"teaser__title\"><b style=\"font-size: 1.7em; font-style: inherit;\">Aspectos da convers\u00e3o<\/b><\/h6>\n<\/div>\n<\/article>\n<\/div>\n<\/aside>\n<\/div>\n<p style=\"text-align: justify;\">E para exemplificar citou novamente Jo\u00e3o Batista que era \u201cum homem austero, que renuncia ao sup\u00e9rfluo e busca o essencial\u201d. Recordando: \u201cAqui est\u00e1 o primeiro aspecto da convers\u00e3o:\u00a0<i>desapego ao pecado e \u00e0 mundaniza\u00e7\u00e3o\u201d,\u00a0<\/i>em seguida cita o outro aspecto: \u201c\u00e9 a\u00a0<i>busca de Deus e de seu reino&#8221;<\/i>.<\/p>\n<div style=\"text-align: justify;\">\n<div class=\"article__embed article__embed--border embed_style\">\n<blockquote><p>\u201cO abandono do conforto e da mentalidade mundana n\u00e3o \u00e9 por si s\u00f3 um objetivo, mas visa alcan\u00e7ar algo maior, ou seja, o reino de Deus, a comunh\u00e3o com Deus, a amizade com Deus\u201d<\/p><\/blockquote>\n<\/div>\n<\/div>\n<h2 style=\"text-align: justify;\"><b>Nossa fraqueza<\/b><\/h2>\n<p style=\"text-align: justify;\">\u201cMas isso n\u00e3o \u00e9 f\u00e1cil\u201d, adverte o Papa, \u201cporque h\u00e1 tantos la\u00e7os que nos mant\u00eam pr\u00f3ximos ao pecado: volubilidade, des\u00e2nimo, mal\u00edcia, ambientes nocivos, maus exemplos\u201d. \u201c\u00c0s vezes o impulso que sentimos para com o Senhor \u00e9 muito fraco e parece quase como se Deus silenciasse\u201d. E Francisco adverte o perigo nesta situa\u00e7\u00e3o: \u201cse \u00e9 tentado a dizer que \u00e9 imposs\u00edvel se converter verdadeiramente, e em vez de se converter do mundo para Deus, corre-se o risco de permanecer na &#8216;areia movedi\u00e7a&#8217; de uma exist\u00eancia med\u00edocre\u201d.<\/p>\n<h2 style=\"text-align: justify;\"><b>O que pode ser feito em tais casos?<\/b><\/h2>\n<div style=\"text-align: justify;\">\n<div class=\"article__embed article__embed--border embed_style\">\n<blockquote><p>\u201cAntes de tudo lembremo-nos de que a convers\u00e3o \u00e9 uma gra\u00e7a, portanto, deve ser pedida a Deus com for\u00e7a\u201d<\/p><\/blockquote>\n<\/div>\n<\/div>\n<p style=\"text-align: justify;\">&#8220;N\u00f3s nos convertemos verdadeiramente &#8211; continua o Pont\u00edfice &#8211; na medida em que nos abrimos \u00e0 beleza, \u00e0 bondade, \u00e0 ternura de Deus. Ent\u00e3o deixamos o que \u00e9 falso e ef\u00eamero, para o que \u00e9 verdadeiro, belo e dura para sempre&#8221;.<\/p>\n<div>\n<aside class=\"article__readmore\">\n<div class=\"teaser--labelEvidence teaser teaser--type-foto \">\n<article>\n<div class=\"teaser__labelWrapper\" style=\"text-align: justify;\"><\/div>\n<div class=\"teaser__contentWrapper\">\n<p class=\"teaser__title\" style=\"text-align: justify;\"><span style=\"font-size: 16px;\">Por fim o Papa concluiu recordando a pr\u00f3xima celebra\u00e7\u00e3o de Maria Imaculada invocando sua ajuda para nos \u201cdesapegarmos cada vez mais cada vez mais do pecado e da mundaniza\u00e7\u00e3o, para nos abrirmos a Deus, \u00e0 Sua palavra, ao Seu amor que regenera e salva\u201d.<\/span><\/p>\n<pre><em>Texto: Jane Nogara \u2013 Vatican News<\/em><\/pre>\n<\/div>\n<\/article>\n<\/div>\n<\/aside>\n<\/div>\n","protected":false},"excerpt":{"rendered":"<p>No domingo, 6 de dezembro, na ora\u00e7\u00e3o mariana do Angelus o Papa Francisco recordou a figura e a obra de Jo\u00e3o Batista e o caminho de convers\u00e3o para este Advento. O Papa falou sobre dois aspectos da convers\u00e3o: &#8220;desapego ao pecado e \u00e0 mundaniza\u00e7\u00e3o, e busca de Deus e do seu reino\u201d<\/p>\n","protected":false},"author":83,"featured_media":256142,"comment_status":"open","ping_status":"open","sticky":false,"template":"","format":"standard","meta":{"site-sidebar-layout":"default","site-content-layout":"default","ast-global-header-display":"","ast-banner-title-visibility":"","ast-main-header-display":"","ast-hfb-above-header-display":"","ast-hfb-below-header-display":"","ast-hfb-mobile-header-display":"","site-post-title":"","ast-breadcrumbs-content":"","ast-featured-img":"","footer-sml-layout":"","theme-transparent-header-meta":"default","adv-header-id-meta":"","stick-header-meta":"","header-above-stick-meta":"","header-main-stick-meta":"","header-below-stick-meta":""},"categories":[50,784],"tags":[],"acf":[],"_links":{"self":[{"href":"https:\/\/www.cnbb.org.br\/cnbb-app\/wp\/v2\/posts\/256141"}],"collection":[{"href":"https:\/\/www.cnbb.org.br\/cnbb-app\/wp\/v2\/posts"}],"about":[{"href":"https:\/\/www.cnbb.org.br\/cnbb-app\/wp\/v2\/types\/post"}],"author":[{"embeddable":true,"href":"https:\/\/www.cnbb.org.br\/cnbb-app\/wp\/v2\/users\/83"}],"replies":[{"embeddable":true,"href":"https:\/\/www.cnbb.org.br\/cnbb-app\/wp\/v2\/comments?post=256141"}],"version-history":[{"count":0,"href":"https:\/\/www.cnbb.org.br\/cnbb-app\/wp\/v2\/posts\/256141\/revisions"}],"wp:featuredmedia":[{"embeddable":true,"href":"https:\/\/www.cnbb.org.br\/cnbb-app\/wp\/v2\/media\/256142"}],"wp:attachment":[{"href":"https:\/\/www.cnbb.org.br\/cnbb-app\/wp\/v2\/media?parent=256141"}],"wp:term":[{"taxonomy":"category","embeddable":true,"href":"https:\/\/www.cnbb.org.br\/cnbb-app\/wp\/v2\/categories?post=256141"},{"taxonomy":"post_tag","embeddable":true,"href":"https:\/\/www.cnbb.org.br\/cnbb-app\/wp\/v2\/tags?post=256141"}],"curies":[{"name":"wp","href":"https:\/\/api.w.org\/{rel}","templated":true}]}}