{"id":256143,"date":"2020-12-06T10:42:30","date_gmt":"2020-12-06T13:42:30","guid":{"rendered":"https:\/\/www.cnbb.org.br\/?p=256143"},"modified":"2020-12-07T10:43:05","modified_gmt":"2020-12-07T13:43:05","slug":"segundo-domingo-do-advento","status":"publish","type":"post","link":"https:\/\/www.cnbb.org.br\/segundo-domingo-do-advento\/","title":{"rendered":"Segundo domingo do Advento"},"content":{"rendered":"<p style=\"text-align: right;\"><strong>Dom Eurico dos Santos Veloso<br \/>\n<\/strong><strong>Arcebispo Em\u00e9rito de Juiz de Fora (MG)<\/strong><\/p>\n<p style=\"text-align: justify;\">\n<p><strong>SEGUNDO DOMINGO DO ADVENTO ANO B<\/strong><\/p>\n<p style=\"text-align: justify;\"><em>\u201cEis o vosso Deus, eis que o Senhor Deus vem com poder, seu bra\u00e7o tudo domina: eis, com ele, sua conquista, eis \u00e0 sua frente a vit\u00f3ria\u201d. (Is 40,9-10)<\/em><\/p>\n<p style=\"text-align: justify;\"><em>\u00a0\u00a0\u00a0\u00a0\u00a0\u00a0\u00a0\u00a0 <\/em>Ao celebrar o Segundo Domingo do Advento, avan\u00e7amos mais um passo para rememorar a Primeira Vinda do Salvador. E, a Liturgia de hoje, tamb\u00e9m enfatiza sobre o reencontro da criatura com o Criador, apontando a prepara\u00e7\u00e3o do caminho para o alcance da salva\u00e7\u00e3o, a todos n\u00f3s que esperamos veementemente a alvorada do Novo C\u00e9u e da Nova Terra, pois Aquele que <em>\u201cvos batizar\u00e1 com o Esp\u00edrito Santo\u201d(cf.Mc 1,8b) <\/em>est\u00e1 pr\u00f3ximo.<\/p>\n<p style=\"text-align: justify;\">A Primeira Leitura, retirada do Livro do Profeta Isa\u00edas (Is 40,1-5.9-11 ), o profeta anuncia <em>\u201co festivo do retorno j\u00e1 pr\u00f3ximo do povo da Babil\u00f4nia para Jerusalem. \u00c9 uma verdadeira explos\u00e3o de alegria, n\u00e3o tanto pelo acontecimento hist\u00f3rico em si, quando pelos motivos invis\u00edveis ligados \u00e0 liberta\u00e7\u00e3o; fala-se do perd\u00e3o completo dos pecados agora expiados e do restabelecimento da amizade entre o povo e Deus, que agora volta como pastor entre seu rebanho\u201d (cf. Missal da Assembleia Crist\u00e3)<\/em><\/p>\n<p style=\"text-align: justify;\">\u00a0No Evangelho de Marcos (Mc 1,1-8) \u00e9 conferida a Jo\u00e3o Batista a profecia do livro Profeta Isa\u00edas: \u201c<em>Eis que envio meu mensageiro \u00e0 tua frente, para preparar o teu caminho. Esta \u00e9 a voz daquele que grita no deserto: &#8216;Preparai o caminho do Senhor, endireitai suas estradas!\u201d (cf. Mc 1,2b-3)<\/em>. Ora, o in\u00edcio do an\u00fancio prof\u00e9tico de Jo\u00e3o Batista \u00e9 a prepara\u00e7\u00e3o para \u00c0quele que, nas palavras do pr\u00f3prio Jo\u00e3o Batista: \u201c<em>Eu nem sou digno de me abaixar para desamarrar suas sand\u00e1lias\u201d (cf. Mc 1,7c), <\/em>possa trazer a salva\u00e7\u00e3o a todos e, principalmente, \u201c<em>ele<\/em> (o Messias)<em> vos batizar\u00e1 com o Esp\u00edrito Santo\u201d(cf. Mc 1,8b).<\/em><\/p>\n<p style=\"text-align: justify;\">A Segunda Leitura, dada pela Segunda Carta de S\u00e3o Pedro (2Pd 3,8-14), o Ap\u00f3stolo encoraja-nos a viver na vigil\u00e2ncia e imerso na paci\u00eancia do retorno do Salvador, afinal n\u00e3o sabemos o dia e a hora. Por\u00e9m, tal \u201cdemora\u201d \u00e9 a chance para que todos tenham a chance de vivenciar a convers\u00e3o, afinal <em>\u201cEle est\u00e1 usando de paci\u00eancia para convosco. Pois n\u00e3o deseja que algu\u00e9m se perca, ao contr\u00e1rio, quer que todos venham a converter-se\u201d<\/em> <em>(cf. 2Pd 3,9).<\/em> Portanto, que possamos nos esfor\u00e7ar para que Ele nos encontre numa vida pura e sem mancha.<\/p>\n<p style=\"text-align: justify;\">Enfim, imersos na Palavra da Liturgia deste domingo, possamos nos comprometer a intensificar a nossa f\u00e9 e nossa esperan\u00e7a na Vinda Gloriosa de Jesus. E nas palavras do Salmista: <em>\u201cEst\u00e1 perto a salva\u00e7\u00e3o dos que o temem, e a gl\u00f3ria habitar\u00e1 em nossa terra\u201d (cf. Sl 84,10).<\/em><\/p>\n<p style=\"text-align: justify;\"><em>Maranatha! Vem Senhor Jesus!<\/em><\/p>\n<p style=\"text-align: justify;\"><em>Sauda\u00e7\u00f5es em Cristo!<\/em><\/p>\n<p><em>\u00a0<\/em><\/p>\n<p>&nbsp;<\/p>\n","protected":false},"excerpt":{"rendered":"<p>Dom Eurico dos Santos Veloso Arcebispo Em\u00e9rito de Juiz de Fora (MG) SEGUNDO DOMINGO DO ADVENTO ANO B \u201cEis o vosso Deus, eis que o Senhor Deus vem com poder, seu bra\u00e7o tudo domina: eis, com ele, sua conquista, eis \u00e0 sua frente a vit\u00f3ria\u201d. (Is 40,9-10) \u00a0\u00a0\u00a0\u00a0\u00a0\u00a0\u00a0\u00a0 Ao celebrar o Segundo Domingo do Advento, &hellip;<\/p>\n<p class=\"read-more\"> <a class=\"\" href=\"https:\/\/www.cnbb.org.br\/segundo-domingo-do-advento\/\"> <span class=\"screen-reader-text\">Segundo domingo do Advento<\/span> Leia mais &raquo;<\/a><\/p>\n","protected":false},"author":73,"featured_media":0,"comment_status":"open","ping_status":"open","sticky":false,"template":"","format":"standard","meta":{"site-sidebar-layout":"default","site-content-layout":"default","ast-global-header-display":"","ast-banner-title-visibility":"","ast-main-header-display":"","ast-hfb-above-header-display":"","ast-hfb-below-header-display":"","ast-hfb-mobile-header-display":"","site-post-title":"","ast-breadcrumbs-content":"","ast-featured-img":"","footer-sml-layout":"","theme-transparent-header-meta":"default","adv-header-id-meta":"","stick-header-meta":"","header-above-stick-meta":"","header-main-stick-meta":"","header-below-stick-meta":""},"categories":[758],"tags":[],"acf":[],"_links":{"self":[{"href":"https:\/\/www.cnbb.org.br\/cnbb-app\/wp\/v2\/posts\/256143"}],"collection":[{"href":"https:\/\/www.cnbb.org.br\/cnbb-app\/wp\/v2\/posts"}],"about":[{"href":"https:\/\/www.cnbb.org.br\/cnbb-app\/wp\/v2\/types\/post"}],"author":[{"embeddable":true,"href":"https:\/\/www.cnbb.org.br\/cnbb-app\/wp\/v2\/users\/73"}],"replies":[{"embeddable":true,"href":"https:\/\/www.cnbb.org.br\/cnbb-app\/wp\/v2\/comments?post=256143"}],"version-history":[{"count":0,"href":"https:\/\/www.cnbb.org.br\/cnbb-app\/wp\/v2\/posts\/256143\/revisions"}],"wp:attachment":[{"href":"https:\/\/www.cnbb.org.br\/cnbb-app\/wp\/v2\/media?parent=256143"}],"wp:term":[{"taxonomy":"category","embeddable":true,"href":"https:\/\/www.cnbb.org.br\/cnbb-app\/wp\/v2\/categories?post=256143"},{"taxonomy":"post_tag","embeddable":true,"href":"https:\/\/www.cnbb.org.br\/cnbb-app\/wp\/v2\/tags?post=256143"}],"curies":[{"name":"wp","href":"https:\/\/api.w.org\/{rel}","templated":true}]}}