{"id":256226,"date":"2020-12-08T12:38:50","date_gmt":"2020-12-08T15:38:50","guid":{"rendered":"https:\/\/www.cnbb.org.br\/?p=256226"},"modified":"2020-12-08T12:38:50","modified_gmt":"2020-12-08T15:38:50","slug":"solenidade-da-imaculada-conceicao-exorta-dom-orani","status":"publish","type":"post","link":"https:\/\/www.cnbb.org.br\/solenidade-da-imaculada-conceicao-exorta-dom-orani\/","title":{"rendered":"&#8220;Celebremos com grande alegria e j\u00fabilo no cora\u00e7\u00e3o a Solenidade da Imaculada Concei\u00e7\u00e3o&#8221;, exorta dom Orani"},"content":{"rendered":"<p style=\"text-align: justify;\">No dia 8 de dezembro \u00e9 celebrada a Solenidade de Nossa Senhora Imaculada Concei\u00e7\u00e3o: este \u00e9 um dos quatro dogmas marianos e por meio dele professa-se que Nossa Senhora foi concebida sem a mancha do pecado original.<\/p>\n<blockquote>\n<p style=\"text-align: justify;\">&#8220;Nenhuma m\u00e1cula de pecado lhe atingiu durante a sua vida, pois Ela foi agraciada e escolhida por Deus para ser a M\u00e3e de Jesus&#8221;, afirma o cardeal Orani Jo\u00e3o Tempesta.<\/p>\n<\/blockquote>\n<p style=\"text-align: justify;\">Segundo o cardeal Orani Jo\u00e3o Tempesta, arcebispo do Rio de Janeiro, o dogma da Imaculada Concei\u00e7\u00e3o foi proclamado no dia 08 de dezembro de 1854 pelo papa Pio IX, atrav\u00e9s da Bula <em>Ineffabillis Deus<\/em>. &#8220;Junto com esse dogma da Imaculada Concei\u00e7\u00e3o, existem outros tr\u00eas proclamados pela Igreja, que s\u00e3o: M\u00e3e de Deus, Assun\u00e7\u00e3o de Nossa Senhora e virgindade perp\u00e9tua. A Igreja declara solenemente que o dogma \u00e9 a f\u00e9 que vem da revela\u00e7\u00e3o e faz parte do tesouro da igreja e que precisa ser explicitado&#8221;, elucida o cardeal.<\/p>\n<p style=\"text-align: justify;\">Antes mesmo de ser proclamado o dogma da Imaculada Concei\u00e7\u00e3o em 1854, a pr\u00f3pria Virgem Maria aparece a Santa Catarina Labour\u00e9 (1830) e lhe faz um pedido que se fizesse medalhas de Nossa Senhora com a ora\u00e7\u00e3o: \u201c<em>\u00d3 Maria concebida sem pecado, rogai por n\u00f3s que recorremos a v\u00f3s\u201d. <\/em>Essa invoca\u00e7\u00e3o se espalhou e se difundiu e depois de alguns anos foi proclamado o dogma por Pio IX. &#8220;\u00c9 comum recitarmos essa invoca\u00e7\u00e3o ao final de cada dezena do ter\u00e7o, acreditando e reconhecendo que Maria foi concebida sem pecado e n\u00e3o traz em si a mancha do pecado original e que ela nos ajude a vencer todo o pecado&#8221;, afirma dom Orani.<\/p>\n<p style=\"text-align: justify;\">Dom Orani explica ainda que a\u00a0pr\u00f3pria Virgem Maria, na sua apari\u00e7\u00e3o em Lourdes, em 1858, confirmou a defini\u00e7\u00e3o dogm\u00e1tica e a f\u00e9 do povo dizendo para Santa Bernadete e para todos n\u00f3s: \u201cEu Sou a Imaculada Concei\u00e7\u00e3o\u201d.<\/p>\n<blockquote>\n<p style=\"text-align: justify;\">&#8220;A imagem de Nossa Senhora que aparece em Lourdes \u00e9 a da Imaculada Concei\u00e7\u00e3o e recebe o t\u00edtulo de Nossa Senhora de Lourdes por ter aparecido na cidade de Lourdes, mas \u00e9 a mesma M\u00e3e de Jesus, Imaculada Concei\u00e7\u00e3o&#8221;, salienta dom Orani.<\/p>\n<\/blockquote>\n<p style=\"text-align: justify;\">Os dogmas s\u00e3o verdades de f\u00e9, que o Magist\u00e9rio da Igreja atrav\u00e9s do do Papa, por meio de estudos, ou Conc\u00edlio se re\u00fanem e discutem as verdades por tr\u00e1s daquilo que foi apresentado e se pode ser proclamado como dogma. Normalmente junto com o dogma \u00e9 publicado um documento que comprove aquilo que a Igreja est\u00e1 proclamando, assim como ocorreu com a Bula <em>Ineffabillis Deus,<\/em> que foi proclamada como fruto da proclama\u00e7\u00e3o do dogma da Imaculada Concei\u00e7\u00e3o.<\/p>\n<p style=\"text-align: justify;\">A Igreja desde o princ\u00edpio reconheceu que Nossa Senhora era Imaculada, ou seja, sem a mancha do pecado original, mas somente em 1854 foi proclamado esse dogma, como verdade de f\u00e9.<\/p>\n<blockquote>\n<p style=\"text-align: justify;\">&#8220;A Igreja apresenta os dogmas como verdade de f\u00e9. Portanto para estarmos em comunh\u00e3o com a Igreja e sendo fi\u00e9is ao batismo que recebemos devemos acreditar e aceitar esses dogmas como verdade de f\u00e9&#8221;.<\/p>\n<\/blockquote>\n<p style=\"text-align: justify;\">Para dom Orani, ao comemorar a Solenidade da Imaculada Concei\u00e7\u00e3o celebra-se mais do que a mem\u00f3ria de um santo, \u00e9 um dia solene, de preceito, ou seja, que deve-se participar da celebra\u00e7\u00e3o Eucar\u00edstica. &#8220;Mesmo caindo em um dia de semana comum e n\u00e3o sendo feriado aqui no Brasil, devemos fazer o esfor\u00e7o de ir \u00e0 celebra\u00e7\u00e3o Eucar\u00edstica. Em algumas partes do mundo \u00e9 feriado nesse dia, para que os fi\u00e9is possam participar melhor da celebra\u00e7\u00e3o Eucar\u00edstica. A Virgem Maria \u00e9 a Rainha de todos os santos, a M\u00e3e de Deus e devemos ir \u00e0 Igreja pedir que ela nos ajude na luta contra o pecado&#8221;, salienta o cardeal.<\/p>\n<p style=\"text-align: justify;\">A Solenidade da Imaculada Concei\u00e7\u00e3o \u00e9 celebrada num m\u00eas prop\u00edcio para os crist\u00e3os cat\u00f3licos, pois a data se celebra em meio ao tempo do advento, pr\u00f3ximo ao Natal do Senhor. Dentro de alguns dias a Virgem concebida sem a mancha do pecado original, daria luz ao Salvador, por isso \u00e9 um m\u00eas festivo para a Igreja. Primeiro celebra-se a grande festa da M\u00e3e de Jesus e logo em seguida o a grande festa do nascimento de seu Filho.<\/p>\n<blockquote>\n<p style=\"text-align: justify;\">&#8220;Portanto meus irm\u00e3os e irm\u00e3s celebremos com grande alegria e j\u00fabilo no cora\u00e7\u00e3o a Solenidade da Imaculada Concei\u00e7\u00e3o, que possamos fazer um esfor\u00e7o de participarmos da celebra\u00e7\u00e3o Eucar\u00edstica nesse dia. E tenhamos a certeza que Nossa Senhora nos ajudar\u00e1 na luta contra o pecado. Preparemos o nosso cora\u00e7\u00e3o para que dentro de mais alguns dias possamos celebrar com o mesmo j\u00fabilo e alegria o Natal do Senhor Jesus&#8221;, exorta o cardeal.<\/p>\n<\/blockquote>\n<h3>Ora\u00e7\u00e3o \u00e0 Imaculada Concei\u00e7\u00e3o<\/h3>\n<p style=\"text-align: justify;\"><em>Santa Maria,<br \/>\nRainha dos c\u00e9us,<br \/>\nM\u00e3e de nosso Senhor Jesus Cristo,<br \/>\nSenhora do mundo,<br \/>\nque a nenhum pecador desamparais nem desprezais;<\/em><\/p>\n<p style=\"text-align: justify;\"><em>Lan\u00e7ai sobre mim vosso olhar Imaculado<br \/>\ne alcan\u00e7ai-me de Vosso amado Filho<br \/>\no perd\u00e3o de todos os meus pecados,<br \/>\npara que eu, que agora venero com devo\u00e7\u00e3o<br \/>\na Vossa santa e Imaculada Concei\u00e7\u00e3o,<br \/>\nmere\u00e7a alcan\u00e7ar o pr\u00eamio da vida plena nos c\u00e9us.<\/em><\/p>\n<p style=\"text-align: justify;\"><em>Por interm\u00e9dio do vosso Filho, Jesus Cristo, Nosso Senhor,<br \/>\nque, com o Pai e o Esp\u00edrito Santo, vive e reina para sempre.<\/em><\/p>\n<p style=\"text-align: justify;\"><em>\u00a0Nossa Senhora Imaculada Concei\u00e7\u00e3o, rogai por n\u00f3s! <\/em><\/p>\n<p style=\"text-align: justify;\">Am\u00e9m.<\/p>\n<p>&nbsp;<\/p>\n<p>&nbsp;<\/p>\n<p>&nbsp;<\/p>\n","protected":false},"excerpt":{"rendered":"<p>No dia 8 de dezembro celebra-se a Solenidade de Nossa Senhora Imaculada Concei\u00e7\u00e3o: este \u00e9 um dos quatro dogmas marianos e por meio dele professa-se que Nossa Senhora foi concebida sem a mancha do pecado original. O cardeal Orani Jo\u00e3o Tempesta fala sobre a data<\/p>\n","protected":false},"author":83,"featured_media":256231,"comment_status":"open","ping_status":"open","sticky":false,"template":"","format":"standard","meta":{"site-sidebar-layout":"default","site-content-layout":"default","ast-global-header-display":"","ast-banner-title-visibility":"","ast-main-header-display":"","ast-hfb-above-header-display":"","ast-hfb-below-header-display":"","ast-hfb-mobile-header-display":"","site-post-title":"","ast-breadcrumbs-content":"","ast-featured-img":"","footer-sml-layout":"","theme-transparent-header-meta":"default","adv-header-id-meta":"","stick-header-meta":"","header-above-stick-meta":"","header-main-stick-meta":"","header-below-stick-meta":""},"categories":[50,1851],"tags":[3199,3198,2451],"acf":[],"_links":{"self":[{"href":"https:\/\/www.cnbb.org.br\/cnbb-app\/wp\/v2\/posts\/256226"}],"collection":[{"href":"https:\/\/www.cnbb.org.br\/cnbb-app\/wp\/v2\/posts"}],"about":[{"href":"https:\/\/www.cnbb.org.br\/cnbb-app\/wp\/v2\/types\/post"}],"author":[{"embeddable":true,"href":"https:\/\/www.cnbb.org.br\/cnbb-app\/wp\/v2\/users\/83"}],"replies":[{"embeddable":true,"href":"https:\/\/www.cnbb.org.br\/cnbb-app\/wp\/v2\/comments?post=256226"}],"version-history":[{"count":0,"href":"https:\/\/www.cnbb.org.br\/cnbb-app\/wp\/v2\/posts\/256226\/revisions"}],"wp:featuredmedia":[{"embeddable":true,"href":"https:\/\/www.cnbb.org.br\/cnbb-app\/wp\/v2\/media\/256231"}],"wp:attachment":[{"href":"https:\/\/www.cnbb.org.br\/cnbb-app\/wp\/v2\/media?parent=256226"}],"wp:term":[{"taxonomy":"category","embeddable":true,"href":"https:\/\/www.cnbb.org.br\/cnbb-app\/wp\/v2\/categories?post=256226"},{"taxonomy":"post_tag","embeddable":true,"href":"https:\/\/www.cnbb.org.br\/cnbb-app\/wp\/v2\/tags?post=256226"}],"curies":[{"name":"wp","href":"https:\/\/api.w.org\/{rel}","templated":true}]}}