{"id":25632,"date":"2012-04-30T00:00:00","date_gmt":"2012-04-30T03:00:00","guid":{"rendered":"https:\/\/www.cnbb.org.br\/arquidiocese-de-maringa-da-inicio-ao-projeto-escola-catequetica-com-mil-catequistas-inscritos\/"},"modified":"2012-04-30T00:00:00","modified_gmt":"2012-04-30T03:00:00","slug":"arquidiocese-de-maringa-da-inicio-ao-projeto-escola-catequetica-com-mil-catequistas-inscritos","status":"publish","type":"post","link":"https:\/\/www.cnbb.org.br\/arquidiocese-de-maringa-da-inicio-ao-projeto-escola-catequetica-com-mil-catequistas-inscritos\/","title":{"rendered":"Arquidiocese de Maring\u00e1 d\u00e1 in\u00edcio ao projeto \u201cEscola Catequ\u00e9tica\u201d com mil catequistas inscritos"},"content":{"rendered":"<p style=\"text-align: justify\">A arquidiocese de Maring\u00e1 (PR) inicia, no m\u00eas de abril, a Escola Catequ\u00e9tica. O objetivo \u00e9 capacitar e formar os catequistas para que em 2013 tenha in\u00edcio a Inicia\u00e7\u00e3o \u00e0 Vida Crist\u00e3 com as crian\u00e7as e adolescentes da catequese.<\/p>\n<p>  <!--more-->  <\/p>\n<p style=\"text-align: justify\">\u201cPara que isso aconte\u00e7a de forma mais plena e satisfat\u00f3ria, sentimos a necessidade de, primeiramente, fazer esse caminho de forma\u00e7\u00e3o no estilo catecumenal juntamente com os pr\u00f3prios catequistas, pois acreditamos que se eles j\u00e1 tiverem feito a experi\u00eancia da Inicia\u00e7\u00e3o Crist\u00e3 ser\u00e1 mais f\u00e1cil para implantar esse projeto nas par\u00f3quias\u201d, considera o padre Sandro Ferreira, assessor da Pastoral Catequ\u00e9tica na arquidiocese de Maring\u00e1.<\/p>\n<p style=\"text-align: justify\">A escola funcionar\u00e1 em formato de oficinas em que os professores construir\u00e3o o caminho juntamente com os alunos. Para isso, ser\u00e3o divididas turmas de acordo com cada etapa da catequese. Por exemplo: haver\u00e1 salas para catequistas iniciantes, catequistas com mais experi\u00eancia na caminhada, catequistas da Primeira Eucaristia, da Crisma, coordenadores paroquiais, pr\u00e9-evangeliza\u00e7\u00e3o e, ainda, turmas espec\u00edficas que contemplam o projeto p\u00f3s-crisma. Para isso haver\u00e1 forma\u00e7\u00e3o para os articuladores do p\u00f3s-crisma e tamb\u00e9m para adolescentes, seja aqueles que j\u00e1 est\u00e3o nos Grupos de Viv\u00eancia P\u00f3s-Crisma ou os que est\u00e3o na 6\u00aa etapa da catequese.<\/p>\n<p style=\"text-align: justify\">Para facilitar a participa\u00e7\u00e3o dos catequistas de todas as 55 par\u00f3quias da arquidiocese, a escola ser\u00e1 realizada em quatro locais distintos com datas e calend\u00e1rio espec\u00edficos: Regi\u00e3o Pastoral Castelo Branco (in\u00edcio: 15\/04); Regi\u00e3o Pastoral Paranacity (in\u00edcio: 22\/04); Regi\u00f5es Pastorais Catedral, Nossa Senhora Aparecida, Santa Cruz, S\u00e3o Jos\u00e9 Oper\u00e1rio e Sarandi-Nossa Senhora das Gra\u00e7as (in\u00edcio: 22\/04 no Col\u00e9gio Santo In\u00e1cio) e Regi\u00e3o Pastoral Jandaia do Sul (in\u00edcio: 06\/05). S\u00e3o aproximadamente mil alunos (catequistas) inscritos nesta escola.<\/p>\n<p style=\"text-align: justify\">Para o padre Sandro Ferreira \u201cisso mostra o interesse e a necessidade de uma forma\u00e7\u00e3o mais adequada. A m\u00edstica que nortear\u00e1 todos os trabalhos \u00e9 a da Sant\u00edssima Trindade, trabalhando e construindo juntos a caminhada catequ\u00e9tica de nossa arquidiocese\u201d, finaliza.<\/p>\n","protected":false},"excerpt":{"rendered":"<p>A arquidiocese de Maring\u00e1 (PR) inicia, no m\u00eas de abril, a Escola Catequ\u00e9tica. O objetivo \u00e9 capacitar e formar os catequistas para que em 2013 tenha in\u00edcio a Inicia\u00e7\u00e3o \u00e0 Vida Crist\u00e3 com as crian\u00e7as e adolescentes da catequese.<\/p>\n","protected":false},"author":83,"featured_media":0,"comment_status":"open","ping_status":"open","sticky":false,"template":"","format":"standard","meta":{"site-sidebar-layout":"default","site-content-layout":"default","ast-global-header-display":"","ast-banner-title-visibility":"","ast-main-header-display":"","ast-hfb-above-header-display":"","ast-hfb-below-header-display":"","ast-hfb-mobile-header-display":"","site-post-title":"","ast-breadcrumbs-content":"","ast-featured-img":"","footer-sml-layout":"","theme-transparent-header-meta":"","adv-header-id-meta":"","stick-header-meta":"","header-above-stick-meta":"","header-main-stick-meta":"","header-below-stick-meta":""},"categories":[769,781],"tags":[],"acf":[],"_links":{"self":[{"href":"https:\/\/www.cnbb.org.br\/cnbb-app\/wp\/v2\/posts\/25632"}],"collection":[{"href":"https:\/\/www.cnbb.org.br\/cnbb-app\/wp\/v2\/posts"}],"about":[{"href":"https:\/\/www.cnbb.org.br\/cnbb-app\/wp\/v2\/types\/post"}],"author":[{"embeddable":true,"href":"https:\/\/www.cnbb.org.br\/cnbb-app\/wp\/v2\/users\/83"}],"replies":[{"embeddable":true,"href":"https:\/\/www.cnbb.org.br\/cnbb-app\/wp\/v2\/comments?post=25632"}],"version-history":[{"count":0,"href":"https:\/\/www.cnbb.org.br\/cnbb-app\/wp\/v2\/posts\/25632\/revisions"}],"wp:attachment":[{"href":"https:\/\/www.cnbb.org.br\/cnbb-app\/wp\/v2\/media?parent=25632"}],"wp:term":[{"taxonomy":"category","embeddable":true,"href":"https:\/\/www.cnbb.org.br\/cnbb-app\/wp\/v2\/categories?post=25632"},{"taxonomy":"post_tag","embeddable":true,"href":"https:\/\/www.cnbb.org.br\/cnbb-app\/wp\/v2\/tags?post=25632"}],"curies":[{"name":"wp","href":"https:\/\/api.w.org\/{rel}","templated":true}]}}