{"id":256407,"date":"2020-12-11T11:48:48","date_gmt":"2020-12-11T14:48:48","guid":{"rendered":"https:\/\/www.cnbb.org.br\/?p=256407"},"modified":"2020-12-11T11:50:14","modified_gmt":"2020-12-11T14:50:14","slug":"direitos-humanos-importam","status":"publish","type":"post","link":"https:\/\/www.cnbb.org.br\/direitos-humanos-importam\/","title":{"rendered":"Direitos Humanos Importam"},"content":{"rendered":"<p style=\"text-align: right;\"><strong>Dom Roberto Francisco Ferreria Paz<br \/>\n<\/strong><strong>Bispo de Campos (RJ)<\/strong><\/p>\n<p style=\"text-align: justify;\"><strong>\u00a0<\/strong><\/p>\n<p style=\"text-align: justify;\">O advento \u00e9 o tempo da imagina\u00e7\u00e3o prof\u00e9tica de deletrear a palavra pessoa humana, na sua dignidade de valor e consist\u00eancia. O Natal, sendo o nascimento do menino Deus, nos irmana e nos iguala. Ilumina a longa marcha que tem como grandioso marco a Declara\u00e7\u00e3o Universal dos Direitos Humanos que celebramos no 10 de dezembro.<\/p>\n<p style=\"text-align: justify;\">Sim, estes direitos s\u00e3o naturais e intr\u00ednsecos a toda pessoa humana, indivis\u00edveis, imprescrit\u00edveis e inalien\u00e1veis. Ningu\u00e9m pode nos tirar ou ridiculariz\u00e1-los porque estaria profanando algo de inestim\u00e1vel e precioso para autoconsci\u00eancia da humanidade. N\u00e3o interessam s\u00f3 aos ativistas ou especialistas em Direito Internacional, mas ao povo simples e gente de carne e osso, pele e pesco\u00e7o. Porque eles t\u00eam a ver com a fome, o trabalho, a sa\u00fade integral, o direito a ter acesso a um leito no hospital, \u00e0 educa\u00e7\u00e3o formal e digital.<\/p>\n<p style=\"text-align: justify;\">O arrogante e o autorit\u00e1rio os desprezam, porque desejariam ter, sempre diante deles, subservientes, capachos, e alienados, como se referia Bertold Brecht em rela\u00e7\u00e3o ao analfabeto pol\u00edtico: \u201cele estufa seu peito dizendo, eu n\u00e3o gosto de pol\u00edtica; mal sabe ele que \u00e9 na pol\u00edtica que se decide o pre\u00e7o do feij\u00e3o, a falta de moradia, a sa\u00fade em colapso, a filha que se torna garota de programa e o filho viciado\u201d.<\/p>\n<p style=\"text-align: justify;\">Direitos humanos s\u00e3o t\u00e3o necess\u00e1rios como o p\u00e3o farto ou a \u00e1gua refrescante, porque eles defendem a vida, a vida digna para todos\/as. Por n\u00e3o lev\u00e1-los a s\u00e9rio, continuamos vendo o espet\u00e1culo deprimente da compra de votos, da pol\u00edtica como balc\u00e3o de neg\u00f3cios e da corrup\u00e7\u00e3o aliada a desigualdade mais escancarada.<\/p>\n<p style=\"text-align: justify;\">\u00c9 verdade que n\u00e3o basta declar\u00e1-los, ou escrev\u00ea-los em belos discursos, mas concretiz\u00e1-los em programas e projetos que os tornem carne e incluam o povo inteiro. Sou crist\u00e3o e para mim a justi\u00e7a \u00e9 uma dimens\u00e3o constitutiva do Evangelho, sou humano, nada que afete a humanidade me \u00e9 alheio ou indiferente. Qualquer injusti\u00e7a cometida contra qualquer pessoa de qualquer cor, credo, etnia, sexo, cultura, me diz respeito e a sinto como pr\u00f3pria, porque como afirma o Papa Francisco: \u201ctodos somos irm\u00e3os\u201d. Deus seja louvado.<\/p>\n<p>&nbsp;<\/p>\n<p>&nbsp;<\/p>\n","protected":false},"excerpt":{"rendered":"<p>Dom Roberto Francisco Ferreria Paz Bispo de Campos (RJ) \u00a0 O advento \u00e9 o tempo da imagina\u00e7\u00e3o prof\u00e9tica de deletrear a palavra pessoa humana, na sua dignidade de valor e consist\u00eancia. O Natal, sendo o nascimento do menino Deus, nos irmana e nos iguala. Ilumina a longa marcha que tem como grandioso marco a Declara\u00e7\u00e3o &hellip;<\/p>\n<p class=\"read-more\"> <a class=\"\" href=\"https:\/\/www.cnbb.org.br\/direitos-humanos-importam\/\"> <span class=\"screen-reader-text\">Direitos Humanos Importam<\/span> Leia mais &raquo;<\/a><\/p>\n","protected":false},"author":23,"featured_media":0,"comment_status":"open","ping_status":"open","sticky":false,"template":"","format":"standard","meta":{"site-sidebar-layout":"default","site-content-layout":"default","ast-global-header-display":"","ast-banner-title-visibility":"","ast-main-header-display":"","ast-hfb-above-header-display":"","ast-hfb-below-header-display":"","ast-hfb-mobile-header-display":"","site-post-title":"","ast-breadcrumbs-content":"","ast-featured-img":"","footer-sml-layout":"","theme-transparent-header-meta":"default","adv-header-id-meta":"","stick-header-meta":"","header-above-stick-meta":"","header-main-stick-meta":"","header-below-stick-meta":""},"categories":[758],"tags":[],"acf":[],"_links":{"self":[{"href":"https:\/\/www.cnbb.org.br\/cnbb-app\/wp\/v2\/posts\/256407"}],"collection":[{"href":"https:\/\/www.cnbb.org.br\/cnbb-app\/wp\/v2\/posts"}],"about":[{"href":"https:\/\/www.cnbb.org.br\/cnbb-app\/wp\/v2\/types\/post"}],"author":[{"embeddable":true,"href":"https:\/\/www.cnbb.org.br\/cnbb-app\/wp\/v2\/users\/23"}],"replies":[{"embeddable":true,"href":"https:\/\/www.cnbb.org.br\/cnbb-app\/wp\/v2\/comments?post=256407"}],"version-history":[{"count":0,"href":"https:\/\/www.cnbb.org.br\/cnbb-app\/wp\/v2\/posts\/256407\/revisions"}],"wp:attachment":[{"href":"https:\/\/www.cnbb.org.br\/cnbb-app\/wp\/v2\/media?parent=256407"}],"wp:term":[{"taxonomy":"category","embeddable":true,"href":"https:\/\/www.cnbb.org.br\/cnbb-app\/wp\/v2\/categories?post=256407"},{"taxonomy":"post_tag","embeddable":true,"href":"https:\/\/www.cnbb.org.br\/cnbb-app\/wp\/v2\/tags?post=256407"}],"curies":[{"name":"wp","href":"https:\/\/api.w.org\/{rel}","templated":true}]}}