{"id":256411,"date":"2020-12-11T12:35:08","date_gmt":"2020-12-11T15:35:08","guid":{"rendered":"https:\/\/www.cnbb.org.br\/?p=256411"},"modified":"2020-12-11T13:04:28","modified_gmt":"2020-12-11T16:04:28","slug":"a-caminho-da-cfe-2021-o-contexto-social-em-que-se-propoe-o-dialogo","status":"publish","type":"post","link":"https:\/\/www.cnbb.org.br\/a-caminho-da-cfe-2021-o-contexto-social-em-que-se-propoe-o-dialogo\/","title":{"rendered":"A caminho da CFE 2021: o contexto social em que se prop\u00f5e o di\u00e1logo"},"content":{"rendered":"<p style=\"text-align: justify;\">Em 2021, a Igreja Cat\u00f3lica une-se novamente \u00e0s demais Igrejas-membro do Conselho Nacional de Igrejas Crist\u00e3s para mais uma Campanha da Fraternidade Ecum\u00eanica (CFE). \u201cFraternidade e Di\u00e1logo: compromisso de amor\u201d \u00e9 o tema que conduzir\u00e1 as reflex\u00f5es, \u00e0 luz do lema b\u00edblico \u201cCristo \u00e9 a nossa paz: do que era dividido, fez uma unidade\u201d (Ef. 2.14).<\/p>\n<p style=\"padding-left: 40px; text-align: center;\"><strong><span style=\"color: #333399;\">E qual o contexto da CFE 2021?<br \/>\nEm qual realidade ser\u00e1 proposto o di\u00e1logo como ferramenta<br \/>\npara convidar comunidades de f\u00e9 e pessoas de boa vontade<br \/>\npara <em>pensar, avaliar e identificar caminhos para a supera\u00e7\u00e3o<br \/>\ndas polariza\u00e7\u00f5es e das viol\u00eancias que marcam o mundo atual<\/em>?<\/span><\/strong><\/p>\n<p style=\"text-align: justify;\">Durante o <a href=\"https:\/\/youtu.be\/6Slvh0ApCR4\" data-rel=\"lightbox-video-0\" target=\"_blank\" rel=\"noopener\">Semin\u00e1rio Nacional de Forma\u00e7\u00e3o da campanha<\/a>, realizado no in\u00edcio deste m\u00eas de dezembro de forma virtual, o assessor pol\u00edtico da Confer\u00eancia Nacional dos Bispos do Brasil (CNBB), padre Paulo Renato Campos, conduziu uma reflex\u00e3o para ajudar os animadores da CF em todo o Brasil a entenderem o contexto social em que se ter\u00e1 a proposta de falar de di\u00e1logo.<\/p>\n<p style=\"text-align: justify;\">Para o padre Paulo Renato, a CFE 2021 \u00e9 \u201coportuna no seu conte\u00fado e na sua forma\u201d e vai \u201caterrissar numa sociedade doente e enferma, desigual e in\u00edqua, polarizada e violenta, e negacionista e alienada\u201d. Esses quatro pontos lan\u00e7am desafios, principalmente ligados \u00e0 quest\u00e3o do di\u00e1logo.<\/p>\n<p>&nbsp;<\/p>\n<div class=\"ast-oembed-container\" style=\"height: 100%;\">\n<div style=\"max-width: 1333px;\">\n<div style=\"left: 0; width: 100%; height: 0; position: relative; padding-bottom: 56.25%;\"><iframe title=\"Encontro de Forma\u00e7\u00e3o da CFE2021 - 1\u00ba Dia\" src=\"https:\/\/www.youtube.com\/embed\/6Slvh0ApCR4?rel=0&amp;start=1272\" style=\"border: 0; top: 0; left: 0; width: 100%; height: 100%; position: absolute;\" allowfullscreen scrolling=\"no\" allow=\"encrypted-media; accelerometer; clipboard-write; gyroscope; picture-in-picture\"><\/iframe><\/div>\n<\/div>\n<\/div>\n<p>&nbsp;<\/p>\n<p>&nbsp;<\/p>\n<h3 style=\"text-align: justify;\">Sociedade doente e enferma<\/h3>\n<p style=\"text-align: justify;\">A partir da etimologia dos termos, padre Paulo relacionou a doen\u00e7a com a dor da pandemia, com a dor daqueles que partiram, dos que est\u00e3o enfermos nos hospitais. A enfermidade, por sua vez, refere-se \u00e0 aus\u00eancia de firmeza, \u00e0 instabilidade, uma \u201csociedade muito marcada pela pandemia da covid-19\u201d.<\/p>\n<p style=\"text-align: justify;\">\u201cInfelizmente a enfermidade acaba ocorrendo pela inefici\u00eancia de cuidar da dor. Muitas vezes deixando de fazer esse trabalho de cuidado com o doente, a enfermidade se agrava\u201d, analisou padre Paulo, que tamb\u00e9m pontou o desafio grande de falar de di\u00e1logo numa sociedade que traz essa marca da doen\u00e7a e da enfermidade junto com o cansa\u00e7o e o desencanto.<\/p>\n<h3 style=\"text-align: justify;\">Sociedade desigual e in\u00edqua<\/h3>\n<p style=\"text-align: justify;\">No fundamento da sociedade desigual e in\u00edqua est\u00e1 a crise global do sistema liberal. Segundo padre Paulo, citando o que o Papa Francisco destacou na enc\u00edclica Fratelli Tutti, a pandemia da covid-19 foi apenas um fen\u00f4meno catalizador do falimento do sistema.<\/p>\n<blockquote>\n<p style=\"text-align: justify;\">\u201cA pandemia n\u00e3o gera a crise econ\u00f4mica, ela explicita a falta de estrutura de pol\u00edticas publicas para enfrentar essa pandemia. Ela mostrou isso, ela n\u00e3o tem equidade, \u00e9 s\u00f3 olhar os gr\u00e1ficos: as pessoas sofreram muito mais onde o sistema era debilitado\u201d, afirmou.<\/p>\n<\/blockquote>\n<p style=\"text-align: justify;\">Para o presb\u00edtero, o Brasil, desigual e complexo, j\u00e1 chegou nesse momento com profundas quest\u00f5es sociais sem resposta, como os 54 milh\u00f5es de pessoas entre desempregados, trabalhadores informais, subutilizados e desalentados j\u00e1 em 2019, segundo dados da Pesquisa Nacional por Amostra de Domic\u00edlios (IBGE\/Pnad 2019), e a diferen\u00e7a de 33 vezes no rendimento m\u00e9dio mensal real do trabalho entre o 1% mais rico e 50% da popula\u00e7\u00e3o empregada (R$28.659,00 x R$850,00).<\/p>\n<h3 style=\"text-align: justify;\">Sociedade polarizada e violenta<\/h3>\n<p style=\"text-align: justify;\">H\u00e1 na sociedade brasileira um dualismo do bom e do mal, do fiel e do infiel, segundo padre Paulo, uma \u201ccolis\u00e3o do inimigo e n\u00e3o do advers\u00e1rio\u201d.<\/p>\n<p style=\"text-align: justify;\">\u201cO advers\u00e1rio, eu disputo com ele, eu articulo ideias, eu n\u00e3o concordo com sua vers\u00e3o. O inimigo, n\u00e3o. \u2018O inimigo eu tenho que destruir, eu tenho que matar, eu tenho que eliminar\u2019. Esta \u00e9 a sociedade que n\u00f3s vamos falar de di\u00e1logo. A l\u00f3gica do \u00f3dio e n\u00e3o da disputa sadia, da pluralidade a partir de ideias\u201d, contextualizou.<\/p>\n<p style=\"text-align: justify;\">Outra faceta da sociedade polarizada e violenta \u00e9 que tamb\u00e9m se apresenta \u201cReligiosamente instrumentalizada\u201d, a partir de uma l\u00f3gica \u201capocal\u00edptica\u201d e fundamentalista da purifica\u00e7\u00e3o. Diante dos considerados cru\u00e9is, ruins, que n\u00e3o est\u00e3o perto de Deus, a atitude tem sido a busca pela elimina\u00e7\u00e3o, da n\u00e3o conviv\u00eancia. Padre Paulo ressalta que essa \u201cviol\u00eancia \u2018irracional\u2019 \u00a0\u00e9 contra a pr\u00f3pria vida, contra o ambiente, contra o outro.<\/p>\n<blockquote>\n<p style=\"text-align: justify;\">\u201cUma viol\u00eancia barata, uma viol\u00eancia puramente porque o outro n\u00e3o \u00e9 bom como eu; n\u00e3o tem a mesma cor de pele que eu tenho; porque n\u00e3o tem a mesma ideologia que eu tenho; n\u00e3o tem o mesmo sentimento que eu tenho. Ent\u00e3o eu entro com o outro num atentado contra a pr\u00f3pria vida, a pr\u00f3pria exist\u00eancia\u201d, explicou.<\/p>\n<\/blockquote>\n<p style=\"text-align: justify;\">A polariza\u00e7\u00e3o e a viol\u00eancia constituem uma situa\u00e7\u00e3o delicada para poder reagir com a Campanha da Fraternidade, que \u00e9 uma evangeliza\u00e7\u00e3o num aspecto contundente dentro da sociedade.<\/p>\n<p style=\"text-align: justify;\">Voltando \u00e0 Fratelli Tutti, no par\u00e1grafo 282, a reflex\u00e3o do Papa Francisco: \u201cA verdade \u00e9 que a viol\u00eancia n\u00e3o encontra fundamento algum nas convic\u00e7\u00f5es religiosas fundamentais, mas nas suas deforma\u00e7\u00f5es\u201d.<\/p>\n<h3 style=\"text-align: justify;\">Sociedade negacionista e alienada<\/h3>\n<p style=\"text-align: justify;\">Ap\u00f3s a realidade das fake News, observa-se a autoverdade: o valor n\u00e3o est\u00e1 na verdade em si, nem na mentira em si, mas no que \u00e9 dito, simplesmente no dizer. \u201c\u00c9 n\u00e3o ter preocupa\u00e7\u00e3o nem de inventar uma mentira, \u00e9 dizer algo que, por mais absurdo que seja, quando diz, fica valendo, fica registrado e n\u00e3o se tem nenhum respaldo para dizer aquilo. \u00c9 a autoverdade. O pior, com todo o respeito, quando isso vem de autoridades, quando isso surge de quem deveria cuidar, ter aten\u00e7\u00e3o, prezar por esta verdade\u201d, explicou padre Paulo.<\/p>\n<p style=\"text-align: justify;\">Na sociedade negacionista e alienada, h\u00e1 a desconsidera\u00e7\u00e3o com a ci\u00eancia e, segundo contextualizou padre Paulo, o ano de 2021 ser\u00e1 um ano em que n\u00f3s vamos precisar ouvir muito as ci\u00eancias da sa\u00fade, econ\u00f4micas, as ci\u00eancias sociais. \u201cN\u00e3o podemos viver de um mundo obscurantista, n\u00e3o podemos agir como se viv\u00eassemos fora desse campo da ci\u00eancia\u201d, ressaltou.<\/p>\n<h3 style=\"text-align: justify;\">Boa-nova da CFE 2021<\/h3>\n<p style=\"text-align: justify;\">O di\u00e1logo \u00e9 a boa not\u00edcia que a CFE 2021 tem a apresentar. \u201cN\u00f3s estamos propondo que a sociedade dialogue. Mais do que uma campanha sobre o ecumenismo, que \u00e9 important\u00edssimo, essa \u00e9 uma campanha ecum\u00eanica que traz o testemunho da fraternidade\u201d, pontou padre Paulo Renato.<\/p>\n<p style=\"text-align: justify;\">\u201cSomente a l\u00f3gica da fraternidade vai fazer com que a gente rompa essa l\u00f3gica apocal\u00edptica de destrui\u00e7\u00e3o daquilo que \u00e9 inimigo de Deus, como se n\u00f3s estiv\u00e9ssemos do lado que \u00e9 perfeito\u201d, disse o padre convidando para o aprofundamento dessa compreens\u00e3o no<a href=\"https:\/\/www.edicoescnbb.com.br\/produto\/cfe-2021-texto-base-71545\" target=\"_blank\" rel=\"noopener\"> texto-base da CFE 2021.<\/a><\/p>\n<figure id=\"attachment_256413\" aria-describedby=\"caption-attachment-256413\" style=\"width: 1020px\" class=\"wp-caption aligncenter\"><img decoding=\"async\" loading=\"lazy\" class=\"wp-image-256413 size-full\" src=\"https:\/\/www.cnbb.org.br\/wp-content\/uploads\/2020\/12\/pe-paulo-renato-seminario-cfe2021.jpg\" alt=\"\" width=\"1020\" height=\"574\" srcset=\"https:\/\/www.cnbb.org.br\/wp-content\/uploads\/2020\/12\/pe-paulo-renato-seminario-cfe2021.jpg 1020w, https:\/\/www.cnbb.org.br\/wp-content\/uploads\/2020\/12\/pe-paulo-renato-seminario-cfe2021-300x169.png 300w, https:\/\/www.cnbb.org.br\/wp-content\/uploads\/2020\/12\/pe-paulo-renato-seminario-cfe2021-768x432.png 768w, https:\/\/www.cnbb.org.br\/wp-content\/uploads\/2020\/12\/pe-paulo-renato-seminario-cfe2021-500x281.png 500w\" sizes=\"(max-width: 1020px) 100vw, 1020px\" \/><figcaption id=\"caption-attachment-256413\" class=\"wp-caption-text\">Padre Paulo Renato Campos<\/figcaption><\/figure>\n<h3 style=\"text-align: justify;\">Pacto pela Vida e pelo Brasil<\/h3>\n<p style=\"text-align: justify;\">Diante dessa grave crise, \u00e9 proposto o Pacto pela Vida e pelo Brasil, um exemplo da promo\u00e7\u00e3o do di\u00e1logo. \u201cAlgumas entidades e institui\u00e7\u00f5es da sociedade civil propuseram este amplo di\u00e1logo com autoridades, sociedade, um coro que seja o coro dos l\u00facidos, que valorize uma op\u00e7\u00e3o preferencial pelos pobres, para sanar essa crise mais profunda e esse \u00f4nus que os pobres pagam nesse momento, buscando pol\u00edticas p\u00fablicas na sa\u00fade, na economia, na transpar\u00eancia, na ci\u00eancia, na dignidade, sempre atrav\u00e9s de um amplo di\u00e1logo para que tudo isso, diante dessa grave crise, gere um pacto pela vida e pelo Brasil\u201d, partilhou padre Paulo.<\/p>\n<p style=\"text-align: justify;\">\u201cO di\u00e1logo \u00e9 fundamento para que n\u00f3s consigamos pactuar vida, pactuar unidade pelo Brasil nesse mundo que n\u00f3s estamos vivendo. Sozinhos n\u00f3s n\u00e3o chegamos a lugar nenhum e nos tornamos presas f\u00e1ceis, tanto da doen\u00e7a que \u00e9 a covid-19, quanto da enfermidade que s\u00e3o as consequ\u00eancias desse v\u00edrus na vida das pessoas\u201d, refor\u00e7ou.<\/p>\n<p style=\"text-align: justify;\">A partilha do assessor pol\u00edtico da CNBB terminou com a cita\u00e7\u00e3o do antrop\u00f3logo, soci\u00f3logo e fil\u00f3sofo franc\u00eas Edgar Morin: \u201cTentamos nos cercar com o m\u00e1ximo de certezas, mas viver \u00e9 navegar em um mar de incertezas, atrav\u00e9s de ilhotas e arquip\u00e9lagos de certezas nos quais nos reabastecemos\u201d.<\/p>\n<blockquote>\n<p style=\"text-align: justify;\">\u201cA CFE 2021 \u00e9 chamada a ser essa ilhota ou esse arquip\u00e9lago de certeza no qual as pessoas, navegando em mares incertos, encontram abrigo para se reabastecer. O di\u00e1logo \u00e9 uma caracter\u00edstica desse reabastecimento nesse mundo polarizado, t\u00e3o distante dessa realidade, um mundo doente, enfermo, desigual e in\u00edquo, polarizado e violento, negacionista e alienado\u201d.<\/p>\n<\/blockquote>\n<p><a href=\"https:\/\/campanhas.cnbb.org.br\/pastas\/cf2021\" target=\"_blank\" rel=\"noopener\">Confira os slides sobre o contexto e outros materiais da CFE 2021<\/a><\/p>\n","protected":false},"excerpt":{"rendered":"<p>Com o tema &#8220;Fraternidade e di\u00e1logo: compromisso de amor&#8221; CFE prop\u00f5e o di\u00e1logo como ferramenta para convidar comunidades de f\u00e9 e pessoas de boa vontade para pensar, avaliar e identificar caminhos para a supera\u00e7\u00e3o das polariza\u00e7\u00f5es e das viol\u00eancias que marcam o mundo atual<\/p>\n","protected":false},"author":83,"featured_media":256412,"comment_status":"open","ping_status":"open","sticky":false,"template":"","format":"standard","meta":{"site-sidebar-layout":"default","site-content-layout":"default","ast-global-header-display":"","ast-banner-title-visibility":"","ast-main-header-display":"","ast-hfb-above-header-display":"","ast-hfb-below-header-display":"","ast-hfb-mobile-header-display":"","site-post-title":"","ast-breadcrumbs-content":"","ast-featured-img":"","footer-sml-layout":"","theme-transparent-header-meta":"default","adv-header-id-meta":"","stick-header-meta":"","header-above-stick-meta":"","header-main-stick-meta":"","header-below-stick-meta":""},"categories":[50,760],"tags":[2027],"acf":[],"_links":{"self":[{"href":"https:\/\/www.cnbb.org.br\/cnbb-app\/wp\/v2\/posts\/256411"}],"collection":[{"href":"https:\/\/www.cnbb.org.br\/cnbb-app\/wp\/v2\/posts"}],"about":[{"href":"https:\/\/www.cnbb.org.br\/cnbb-app\/wp\/v2\/types\/post"}],"author":[{"embeddable":true,"href":"https:\/\/www.cnbb.org.br\/cnbb-app\/wp\/v2\/users\/83"}],"replies":[{"embeddable":true,"href":"https:\/\/www.cnbb.org.br\/cnbb-app\/wp\/v2\/comments?post=256411"}],"version-history":[{"count":0,"href":"https:\/\/www.cnbb.org.br\/cnbb-app\/wp\/v2\/posts\/256411\/revisions"}],"wp:featuredmedia":[{"embeddable":true,"href":"https:\/\/www.cnbb.org.br\/cnbb-app\/wp\/v2\/media\/256412"}],"wp:attachment":[{"href":"https:\/\/www.cnbb.org.br\/cnbb-app\/wp\/v2\/media?parent=256411"}],"wp:term":[{"taxonomy":"category","embeddable":true,"href":"https:\/\/www.cnbb.org.br\/cnbb-app\/wp\/v2\/categories?post=256411"},{"taxonomy":"post_tag","embeddable":true,"href":"https:\/\/www.cnbb.org.br\/cnbb-app\/wp\/v2\/tags?post=256411"}],"curies":[{"name":"wp","href":"https:\/\/api.w.org\/{rel}","templated":true}]}}