{"id":256423,"date":"2020-12-11T13:19:47","date_gmt":"2020-12-11T16:19:47","guid":{"rendered":"https:\/\/www.cnbb.org.br\/?p=256423"},"modified":"2020-12-11T13:20:27","modified_gmt":"2020-12-11T16:20:27","slug":"nossos-sonhos","status":"publish","type":"post","link":"https:\/\/www.cnbb.org.br\/nossos-sonhos\/","title":{"rendered":"Nossos sonhos"},"content":{"rendered":"<p style=\"text-align: right;\"><strong>Dom Jo\u00e3o Justino de Medeiros Silva<\/strong><br \/>\n<strong>Arcebispo de Montes Claros (MG)<\/strong><\/p>\n<p style=\"text-align: justify;\"><strong>\u00a0<\/strong><\/p>\n<p style=\"text-align: justify;\">\u00a0\u00a0\u00a0\u00a0\u00a0\u00a0\u00a0\u00a0\u00a0\u00a0\u00a0 Celebramos, no \u00faltimo dia 10 de dezembro, os 110 anos de cria\u00e7\u00e3o da Diocese de Montes Claros. Uma efem\u00e9ride como essa nos d\u00e1 a oportunidade de reler a hist\u00f3ria com o cora\u00e7\u00e3o agradecido por um incont\u00e1vel n\u00famero de pessoas que se ofereceram de tantos modos para que o Evangelho de Jesus Cristo aqui fosse semeado e frutificasse. Os frutos s\u00e3o vis\u00edveis, s\u00e3o muitos, e, ainda assim, h\u00e1 muito a florescer e frutificar. Nesse tempo de a\u00e7\u00e3o de gra\u00e7as partilho alguns dos meus sonhos, na esperan\u00e7a de encontrar outros que sonhem comigo o futuro da Arquidiocese de Montes Claros.<\/p>\n<p style=\"text-align: justify;\">Sonho com uma Igreja marcada pelo sentido da unidade. Essa unidade brota da f\u00e9 que professamos em Deus Uno e Trino e na Igreja Una. Essa f\u00e9 se desdobra em modos de viver e operar nas comunidades, par\u00f3quias, foranias e arquidiocese. Unidade que se manifesta na partilha de cuidados e de bens. Unidade que d\u00e1 o tom de toda decis\u00e3o eclesial. Unidade que nos faz gozar das alegrias e do consolo de sermos uma \u00fanica fam\u00edlia, como disc\u00edpulos de Jesus Cristo. Unidade que n\u00e3o fere nem a pluralidade nem a diversidade.<\/p>\n<p style=\"text-align: justify;\">\u00a0\u00a0\u00a0\u00a0\u00a0\u00a0\u00a0\u00a0\u00a0\u00a0\u00a0 Sonho com uma Igreja que se nutre e vive da Palavra de Deus. E, para isso, faz todos os esfor\u00e7os para proclamar a Palavra, para cuidar da inicia\u00e7\u00e3o \u00e0 vida crist\u00e3, para aprofundar o sentido da f\u00e9 em cada comunidade, para intensificar a vida espiritual que se nutre tamb\u00e9m dos sacramentos, especialmente da Eucaristia. Igreja orante que se deixa interpelar pelo seu Senhor e se coloca como Maria, para fazer tudo segundo a palavra de Deus (cf. Lc 1,38). Igreja anunciadora, que n\u00e3o mede esfor\u00e7os para ir a todos os lugares e situa\u00e7\u00f5es testemunhar a luz do Evangelho.<\/p>\n<p style=\"text-align: justify;\">\u00a0\u00a0\u00a0\u00a0\u00a0\u00a0\u00a0\u00a0\u00a0\u00a0\u00a0 Sonho com uma Igreja mission\u00e1ria, atenta ao mandato de Jesus: \u201cide&#8230;\u201d (Mt 28,19). Cada um de seus membros, leigos e leigas, consagrados e consagradas, vocacionados e seminaristas, di\u00e1conos e presb\u00edteros, n\u00f3s bispos, todos atentos na percep\u00e7\u00e3o das realidades humanas que nos chamam \u00e0 miss\u00e3o. Sonho em colaborarmos presencialmente com a miss\u00e3o na Amaz\u00f4nia, mas tamb\u00e9m de nos movimentarmos neste extenso territ\u00f3rio arquidiocesano, rumo aos lugares onde h\u00e1 clamores por maior aten\u00e7\u00e3o pastoral. Sonho que a miss\u00e3o nos ajude a ser mais \u00e1geis, leves e criativos.<\/p>\n<p style=\"text-align: justify;\">Para que esses sonhos se realizem, n\u00f3s apostamos no caminho da IV Assembleia Arquidiocesana de Pastoral e na nova configura\u00e7\u00e3o do organograma pastoral da Arquidiocese, com a institui\u00e7\u00e3o das Foranias, dos Vicariatos Episcopais para a A\u00e7\u00e3o Pastoral e para a A\u00e7\u00e3o Social, com a reorganiza\u00e7\u00e3o do Conselho Arquidiocesano de Pastoral e da Coordena\u00e7\u00e3o Arquidiocesana de Pastoral. Temos expectativas de que as novas diretrizes da a\u00e7\u00e3o evangelizadora, que escreveremos juntos no processo da Assembleia, apontem com clareza os caminhos que far\u00e3o esses sonhos se realizarem.<\/p>\n<p style=\"text-align: justify;\">Sim, estamos atravessando uma pandemia, mas n\u00e3o estamos sozinhos. Jesus Cristo caminha junto de n\u00f3s. Ele \u00e9 o Emanuel \u2013 Deus conosco. Os nossos sofrimentos, incertezas e inseguran\u00e7as desses tempos n\u00e3o lhe s\u00e3o indiferentes. Com os ouvidos atentos aos seus ensinamentos, suplicamos a Ele que fa\u00e7a crescer em n\u00f3s a compaix\u00e3o samaritana, capaz de nos fazer interromper viagens para cuidar dos que est\u00e3o \u00e0 beira do caminho.<\/p>\n<p>&nbsp;<\/p>\n","protected":false},"excerpt":{"rendered":"<p>Dom Jo\u00e3o Justino de Medeiros Silva Arcebispo de Montes Claros (MG) \u00a0 \u00a0\u00a0\u00a0\u00a0\u00a0\u00a0\u00a0\u00a0\u00a0\u00a0\u00a0 Celebramos, no \u00faltimo dia 10 de dezembro, os 110 anos de cria\u00e7\u00e3o da Diocese de Montes Claros. Uma efem\u00e9ride como essa nos d\u00e1 a oportunidade de reler a hist\u00f3ria com o cora\u00e7\u00e3o agradecido por um incont\u00e1vel n\u00famero de pessoas que se ofereceram &hellip;<\/p>\n<p class=\"read-more\"> <a class=\"\" href=\"https:\/\/www.cnbb.org.br\/nossos-sonhos\/\"> <span class=\"screen-reader-text\">Nossos sonhos<\/span> Leia mais &raquo;<\/a><\/p>\n","protected":false},"author":64,"featured_media":0,"comment_status":"open","ping_status":"open","sticky":false,"template":"","format":"standard","meta":{"site-sidebar-layout":"default","site-content-layout":"default","ast-global-header-display":"","ast-banner-title-visibility":"","ast-main-header-display":"","ast-hfb-above-header-display":"","ast-hfb-below-header-display":"","ast-hfb-mobile-header-display":"","site-post-title":"","ast-breadcrumbs-content":"","ast-featured-img":"","footer-sml-layout":"","theme-transparent-header-meta":"default","adv-header-id-meta":"","stick-header-meta":"","header-above-stick-meta":"","header-main-stick-meta":"","header-below-stick-meta":""},"categories":[758],"tags":[],"acf":[],"_links":{"self":[{"href":"https:\/\/www.cnbb.org.br\/cnbb-app\/wp\/v2\/posts\/256423"}],"collection":[{"href":"https:\/\/www.cnbb.org.br\/cnbb-app\/wp\/v2\/posts"}],"about":[{"href":"https:\/\/www.cnbb.org.br\/cnbb-app\/wp\/v2\/types\/post"}],"author":[{"embeddable":true,"href":"https:\/\/www.cnbb.org.br\/cnbb-app\/wp\/v2\/users\/64"}],"replies":[{"embeddable":true,"href":"https:\/\/www.cnbb.org.br\/cnbb-app\/wp\/v2\/comments?post=256423"}],"version-history":[{"count":0,"href":"https:\/\/www.cnbb.org.br\/cnbb-app\/wp\/v2\/posts\/256423\/revisions"}],"wp:attachment":[{"href":"https:\/\/www.cnbb.org.br\/cnbb-app\/wp\/v2\/media?parent=256423"}],"wp:term":[{"taxonomy":"category","embeddable":true,"href":"https:\/\/www.cnbb.org.br\/cnbb-app\/wp\/v2\/categories?post=256423"},{"taxonomy":"post_tag","embeddable":true,"href":"https:\/\/www.cnbb.org.br\/cnbb-app\/wp\/v2\/tags?post=256423"}],"curies":[{"name":"wp","href":"https:\/\/api.w.org\/{rel}","templated":true}]}}