{"id":256441,"date":"2020-12-11T16:00:35","date_gmt":"2020-12-11T19:00:35","guid":{"rendered":"https:\/\/www.cnbb.org.br\/?p=256441"},"modified":"2020-12-11T16:30:30","modified_gmt":"2020-12-11T19:30:30","slug":"cnbb-realiza-reuniao-com-o-juri-tecnico-reformulado-dos-premios-de-comunicacao-da-cnbb","status":"publish","type":"post","link":"https:\/\/www.cnbb.org.br\/cnbb-realiza-reuniao-com-o-juri-tecnico-reformulado-dos-premios-de-comunicacao-da-cnbb\/","title":{"rendered":"CNBB realiza reuni\u00e3o com o j\u00fari t\u00e9cnico reformulado dos Pr\u00eamios de Comunica\u00e7\u00e3o da CNBB"},"content":{"rendered":"<p style=\"text-align: justify;\">A Comiss\u00e3o Episcopal Pastoral para a Comunica\u00e7\u00e3o da Confer\u00eancia Nacional dos Bispos do Brasil (CNBB) realizou na manh\u00e3 desta sexta-feira, 11 de dezembro, uma reuni\u00e3o com representantes do j\u00fari t\u00e9cnico da 53\u00aa edi\u00e7\u00e3o dos Pr\u00eamios de Comunica\u00e7\u00e3o da CNBB. Segundo o edital dos pr\u00eamios, lan\u00e7ado dia 4 de dezembro, dois j\u00faris, um t\u00e9cnico e um pastoral, far\u00e3o a sele\u00e7\u00e3o dos pr\u00eamios. O objetivo da reuni\u00e3o foi contextualizar o j\u00fari t\u00e9cnico reformulado sobre as mudan\u00e7as, papeis e prazos da premia\u00e7\u00e3o.<\/p>\n<p style=\"text-align: justify;\">A reuni\u00e3o come\u00e7ou inspirada pela Ora\u00e7\u00e3o do Criador presente na Enc\u00edclica Fratelli Tutti. O bispo de Oeiras (PI) e membro da Comiss\u00e3o para a Comunica\u00e7\u00e3o da CNBB, dom Edilson Soares Nobre entoou os versos da ora\u00e7\u00e3o que pede abertura de cora\u00e7\u00e3o para estabelecer la\u00e7os de unidade e esperan\u00e7a entre a humanidade. O bispo representa a Comiss\u00e3o de Comunica\u00e7\u00e3o da CNBB na coordena\u00e7\u00e3o dos pr\u00eamios.<\/p>\n<p style=\"text-align: justify;\">Dom Edilson falou do esfor\u00e7o que a CNBB est\u00e1 fazendo em aprimorar a premia\u00e7\u00e3o como forma de reconhecer importantes iniciativas na comunica\u00e7\u00e3o brasileira. Ele refor\u00e7ou que a coordena\u00e7\u00e3o dos pr\u00eamios sentiu a necessidade de fazer a reuni\u00e3o com os membros do j\u00fari t\u00e9cnico como forma de estabelecer la\u00e7os e humanizar as rela\u00e7\u00f5es para que o trabalho n\u00e3o seja apenas um servi\u00e7o frio e t\u00e9cnico.<\/p>\n<p><img decoding=\"async\" loading=\"lazy\" class=\"alignnone wp-image-256445 size-large\" src=\"https:\/\/www.cnbb.org.br\/wp-content\/uploads\/2020\/12\/Juri-t\u00e9cnico-dos-pr\u00eamios-de-comunica\u00e7\u00e3o-1024x443.jpg\" alt=\"\" width=\"1024\" height=\"443\" srcset=\"https:\/\/www.cnbb.org.br\/wp-content\/uploads\/2020\/12\/Juri-t\u00e9cnico-dos-pr\u00eamios-de-comunica\u00e7\u00e3o-1024x443.jpg 1024w, https:\/\/www.cnbb.org.br\/wp-content\/uploads\/2020\/12\/Juri-t\u00e9cnico-dos-pr\u00eamios-de-comunica\u00e7\u00e3o-300x130.jpg 300w, https:\/\/www.cnbb.org.br\/wp-content\/uploads\/2020\/12\/Juri-t\u00e9cnico-dos-pr\u00eamios-de-comunica\u00e7\u00e3o-768x332.jpg 768w, https:\/\/www.cnbb.org.br\/wp-content\/uploads\/2020\/12\/Juri-t\u00e9cnico-dos-pr\u00eamios-de-comunica\u00e7\u00e3o-500x216.jpg 500w, https:\/\/www.cnbb.org.br\/wp-content\/uploads\/2020\/12\/Juri-t\u00e9cnico-dos-pr\u00eamios-de-comunica\u00e7\u00e3o.jpg 1280w\" sizes=\"(max-width: 1024px) 100vw, 1024px\" \/><\/p>\n<h3>Garimpeiros de valores<\/h3>\n<p style=\"text-align: justify;\">&#8220;Agradecer \u00e9 o m\u00ednimo que podemos fazer a voc\u00eas que representam v\u00e1rias universidades brasileiras no j\u00fari t\u00e9cnico do pr\u00eamio&#8221;, disse o bispo auxiliar de Belo Horizonte (MG) e presidente da Comiss\u00e3o de Comunica\u00e7\u00e3o da CNBB, dom Joaquim Giovani Moll, no in\u00edcio da reuni\u00e3o em acolhida ao grupo. Dom Mol destacou o processo de renova\u00e7\u00e3o pelo qual passa os pr\u00eamios de comunica\u00e7\u00e3o, incluindo uma nova configura\u00e7\u00e3o do j\u00fari t\u00e9cnico.<\/p>\n<p style=\"text-align: justify;\">Dom Moll falou tamb\u00e9m do trabalho que vem desenvolvendo \u00e0 frente da presid\u00eancia da Comiss\u00e3o da CNBB, destacando algumas iniciativas, entre elas a recente cria\u00e7\u00e3o do Observat\u00f3rio da Comunica\u00e7\u00e3o no Brasil, no \u00e2mbito da Confer\u00eancia de Religiosos do Brasil, e do plano estrat\u00e9gico de comunica\u00e7\u00e3o da CNBB. O bispo enalteceu a import\u00e2ncia da CNBB e de sua abertura dial\u00f3gica, bem como ressaltou o caminho que a Igreja no Brasil vem fazendo de estar em sintonia com o Papa Francisco e ser uma Igreja em sa\u00edda. Neste contexto, dom Mol destacou o pr\u00eamio como uma destas pontes de di\u00e1logo com a sociedade.<\/p>\n<p style=\"text-align: justify;\">Dom Moll atualizou junto ao j\u00fari as marcas recentes do magist\u00e9rio do Papa Francisco (novo humanismo, ecologia integral, cuidado com os pobres, cultura do encontro, Fratelli Tutti). O presidente da Comiss\u00e3o de Comunica\u00e7\u00e3o falou sobre tr\u00eas \u00e2mbitos (pessoa, sociedade e planeta) e tamb\u00e9m os tr\u00eas valores refor\u00e7ados pelo Papa Francisco: as virtudes e os valores teologais, a esperan\u00e7a e a experi\u00eancia do amor como caridade. &#8220;Como que tudo isto \u00e9 traduzido em pesquisa, cinema, projetos de comunica\u00e7\u00e3o pastoral, jornalismo e r\u00e1dio?&#8221;, perguntou dom Mol. O bispo disse que os jurados ser\u00e3o garimpeiros destes valores na sele\u00e7\u00e3o dos pr\u00eamios.<\/p>\n<p style=\"text-align: justify;\"><span style=\"font-size: 16px; text-align: justify;\">O coordenador dos pr\u00eamios de Comunica\u00e7\u00e3o da CNBB, Rafael Alberto Alves dos Santos,\u00a0 destacou ao acolher os novos membros que integram o j\u00fari, que em 2020, em fun\u00e7\u00e3o da pandemia, foi a primeira vez que a CNBB adiou a entrega dos pr\u00eamios. &#8220;O esfor\u00e7o desta 53\u00aa edi\u00e7\u00e3o ser\u00e1 reunir os trabalhos dos \u00faltimos dois anos numa premia\u00e7\u00e3o prevista para outubro de 2021&#8221;, disse. Ele tamb\u00e9m contextualizou as mudan\u00e7as recentes pelas quais passou o pr\u00eamio, como a reformula\u00e7\u00e3o e lan\u00e7amento do novo edital, dia 4 de dezembro, nova logomarca e site.\u00a0<\/span><\/p>\n<p style=\"text-align: justify;\"><span style=\"font-size: 16px; text-align: justify;\">O coordenador dos pr\u00eamios explicou ao j\u00fari t\u00e9cnico o processo de inscri\u00e7\u00e3o e cronograma de sele\u00e7\u00e3o dos pr\u00eamio. &#8220;O pr\u00eamio \u00e9 a express\u00e3o mais eloquente da vontade da CNBB e da Igreja em promover o di\u00e1logo com a sociedade&#8221;, disse Rafael. Ele falou tamb\u00e9m do protagonismo das universidades em organizar, junto ao seu corpo t\u00e9cnico, o processo de sele\u00e7\u00e3o dos inscritos com a supervis\u00e3o da coordena\u00e7\u00e3o nacional do pr\u00eamio.\u00a0<\/span><\/p>\n<p style=\"text-align: justify;\">Na organiza\u00e7\u00e3o do trabalho para sele\u00e7\u00e3o das categorias, a PUC Minas cuidar\u00e1 da categoria de cinema, a Rede Cat\u00f3lica de R\u00e1dios com a categoria r\u00e1dio, a PUC Goi\u00e1s da categoria TV, a Universidade Cat\u00f3lica de Bras\u00edlia com a categoria Imprensa, a Cat\u00f3lica de Salvador com a categoria Internet, a Faculdade Paulos de Tecnologia e Comunica\u00e7\u00e3o com a categoria Pascom e PUC S\u00e3o Paulo com as premia\u00e7\u00f5es de teses e pesquisas.<\/p>\n<p style=\"text-align: justify;\">Participaram da reuni\u00e3o o dom Joaquim Giovani Moll, presidente da Comiss\u00e3o para a Comunica\u00e7\u00e3o da CNBB, dom Edilson Soares Nobre, o diretor da faculdade Paulus de Tecnologia e Comunica\u00e7\u00e3o, padre Ant\u00f4nio Iraildo Alves Brito, padre Tiago Silva e Manuela Castro, assessores na Comiss\u00e3o de Comunica\u00e7\u00e3o da CNBB, o professor Francisco Borba, coordenador do N\u00facleo F\u00e9 e Cultura da PUC SP, representando a PUC na reuni\u00e3o, os professores Vitor Laus e Robson,\u00a0 da faculdade de Comunica\u00e7\u00e3o da Universidade Cat\u00f3lica de Bras\u00edlia e o diretor da faculdade de Comunica\u00e7\u00e3o e Artes da PUC Minas, Mozair Bruck e Marcello Raimundo Chamuska Pimentel, da PUC de Salvador (BA).<\/p>\n<p><strong>Saiba mais:<\/strong><\/p>\n<p><a href=\"https:\/\/www.cnbb.org.br\/53a-edicao-dos-premios-de-comunicacao-da-cnbb-2019-2020-vai-contar-com-duas-novas-categorias-de-premiacao\/\">53\u00aa Edi\u00e7\u00e3o dos Pr\u00eamios de Comunica\u00e7\u00e3o da CNBB (2019-2020) vai contar com duas novas categorias de premia\u00e7\u00e3o | CNBB<\/a><\/p>\n","protected":false},"excerpt":{"rendered":"<p>O coordenador dos pr\u00eamios, Rafael Alberto, explicou ao j\u00fari t\u00e9cnico o processo de inscri\u00e7\u00e3o e cronograma de sele\u00e7\u00e3o dos pr\u00eamios. O presidente da Comiss\u00e3o de Comunica\u00e7\u00e3o da CNBB, dom Joaquim Mol, apresentou pontos centrais do magist\u00e9rio do Papa Francisco e caracterizou os membros do novo j\u00fari t\u00e9cnico como os garimpeiros destes valores<\/p>\n","protected":false},"author":83,"featured_media":255730,"comment_status":"open","ping_status":"open","sticky":false,"template":"","format":"standard","meta":{"site-sidebar-layout":"default","site-content-layout":"default","ast-global-header-display":"","ast-banner-title-visibility":"","ast-main-header-display":"","ast-hfb-above-header-display":"","ast-hfb-below-header-display":"","ast-hfb-mobile-header-display":"","site-post-title":"","ast-breadcrumbs-content":"","ast-featured-img":"","footer-sml-layout":"","theme-transparent-header-meta":"default","adv-header-id-meta":"","stick-header-meta":"","header-above-stick-meta":"","header-main-stick-meta":"","header-below-stick-meta":""},"categories":[878,50],"tags":[3166,2817],"acf":[],"_links":{"self":[{"href":"https:\/\/www.cnbb.org.br\/cnbb-app\/wp\/v2\/posts\/256441"}],"collection":[{"href":"https:\/\/www.cnbb.org.br\/cnbb-app\/wp\/v2\/posts"}],"about":[{"href":"https:\/\/www.cnbb.org.br\/cnbb-app\/wp\/v2\/types\/post"}],"author":[{"embeddable":true,"href":"https:\/\/www.cnbb.org.br\/cnbb-app\/wp\/v2\/users\/83"}],"replies":[{"embeddable":true,"href":"https:\/\/www.cnbb.org.br\/cnbb-app\/wp\/v2\/comments?post=256441"}],"version-history":[{"count":0,"href":"https:\/\/www.cnbb.org.br\/cnbb-app\/wp\/v2\/posts\/256441\/revisions"}],"wp:featuredmedia":[{"embeddable":true,"href":"https:\/\/www.cnbb.org.br\/cnbb-app\/wp\/v2\/media\/255730"}],"wp:attachment":[{"href":"https:\/\/www.cnbb.org.br\/cnbb-app\/wp\/v2\/media?parent=256441"}],"wp:term":[{"taxonomy":"category","embeddable":true,"href":"https:\/\/www.cnbb.org.br\/cnbb-app\/wp\/v2\/categories?post=256441"},{"taxonomy":"post_tag","embeddable":true,"href":"https:\/\/www.cnbb.org.br\/cnbb-app\/wp\/v2\/tags?post=256441"}],"curies":[{"name":"wp","href":"https:\/\/api.w.org\/{rel}","templated":true}]}}