{"id":25646,"date":"2012-08-28T00:00:00","date_gmt":"2012-08-28T03:00:00","guid":{"rendered":"https:\/\/www.cnbb.org.br\/catedral-basilica-de-curitiba-sera-reinaugurada-no-primeiro-dia-da-festa-da-padroeira-da-cidade\/"},"modified":"2012-08-28T00:00:00","modified_gmt":"2012-08-28T03:00:00","slug":"catedral-basilica-de-curitiba-sera-reinaugurada-no-primeiro-dia-da-festa-da-padroeira-da-cidade","status":"publish","type":"post","link":"https:\/\/www.cnbb.org.br\/catedral-basilica-de-curitiba-sera-reinaugurada-no-primeiro-dia-da-festa-da-padroeira-da-cidade\/","title":{"rendered":"Catedral Bas\u00edlica de Curitiba ser\u00e1 reinaugurada no primeiro dia da Festa da Padroeira da cidade"},"content":{"rendered":"<p style=\"text-align: justify\">De 6 a 9 de setembro, Curitiba celebra a 4\u00ba edi\u00e7\u00e3o da Festa da Luz: a festa da padroeira da cidade e da arquidiocese, Nossa Senhora da Luz dos Pinhais. Para homenage\u00e1-la, a arquidiocese e a prefeitura municipal planejam para os quatro dias de festa uma intensa programa\u00e7\u00e3o religiosa e cultural para toda a fam\u00edlia, no Largo da Ordem.<\/p>\n<p><!--more--><\/p>\n<p style=\"text-align: justify\">No primeiro dia de festa, haver\u00e1 um ato solene em frente \u00e0 Catedral Metropolitana, na presen\u00e7a do arcebispo de Curitiba (PR), dom Moacyr Jos\u00e9 Vitti, e missa solene marcar\u00e3o a reinaugura\u00e7\u00e3o da igreja \u201cm\u00e3e\u201d da Arquidiocese, que desde 2011 passa por restauro. Outra atra\u00e7\u00e3o ser\u00e1 a Prociss\u00e3o Luminosa (com velas) no dia da padroeira, que sair\u00e1 da Par\u00f3quia Nossa Senhora de Guadalupe at\u00e9 a Catedral Metropolitana. A prociss\u00e3o sinalizar\u00e1 a luz da igreja de Cristo entre as na\u00e7\u00f5es. As velas poder\u00e3o ser adquiridas em todas as par\u00f3quias da arquidiocese.<\/p>\n<p style=\"text-align: justify\"><img decoding=\"async\" loading=\"lazy\" class=\" alignright size-full wp-image-15996\" style=\"float: right\" src=\"https:\/\/www.cnbb.org.br\/wp-content\/uploads\/2020\/03\/festa_da_luz2.jpg\" alt=\"festa_da_luz2\" width=\"152\" height=\"273\" \/>Para homenagear Nossa Senhora da Luz, foi criada a a\u00e7\u00e3o \u201cVamos iluminar Curitiba\u201d, lan\u00e7ada pela arquidiocese neste m\u00eas de agosto para que toda a cidade ascenda a vela de Nossa Senhora da Luz no dia da padroeira. A ideia \u00e9 homenage\u00e1-la \u00e0s 18 horas do dia 8 de setembro, momento em que a Catedral Bas\u00edlica e a arquidiocese ser\u00e3o consagradas \u00e0 Nossa Senhora por dom Moacyr Vitti, durante a missa.<\/p>\n<p style=\"text-align: justify\">Para os quatro dias de festa est\u00e3o confirmados shows de diversos g\u00eaneros musicais, apresenta\u00e7\u00f5es folcl\u00f3ricas e Celebra\u00e7\u00f5es Eucar\u00edsticas.<\/p>\n<p style=\"text-align: justify\"><strong>Hist\u00f3ria da Catedral Bas\u00edlica ser\u00e1 retratada em exposi\u00e7\u00e3o no Memorial de Curitiba<\/strong><\/p>\n<p style=\"text-align: justify\"><img decoding=\"async\" loading=\"lazy\" class=\" alignleft size-full wp-image-15997\" style=\"float: left\" src=\"https:\/\/www.cnbb.org.br\/wp-content\/uploads\/2020\/03\/festa_da_luz3.jpg\" alt=\"festa_da_luz3\" width=\"270\" height=\"237\" \/>Nos dias 7, 8 e 9 de setembro a Pra\u00e7a do Memorial de Curitiba ser\u00e1 palco da exposi\u00e7\u00e3o &#8220;Catedral da Luz&#8221; que retratar\u00e1 a hist\u00f3ria da nossa Catedral Bas\u00edlica Menor Nossa Senhora da Luz dos Pinhais.<\/p>\n<p style=\"text-align: justify\">A exposi\u00e7\u00e3o ser\u00e1 auto-explicativa e visa possibilitar ao p\u00fablico participante da Festa da Luz um contato mais pr\u00f3ximo com o processo hist\u00f3rico da cidade que se deu por meio da constru\u00e7\u00e3o da Catedral, al\u00e9m de abranger o contexto hist\u00f3rico-religioso da festividade da padroeira. A exposi\u00e7\u00e3o retratar\u00e1 a hist\u00f3ria da igreja em tr\u00eas momentos distintos:<\/p>\n<p style=\"text-align: justify\">A programa\u00e7\u00e3o completa est\u00e1 dispon\u00edvel no site <a href=\"http:\/\/www.festadaluz.org.br\/\" target=\"_blank\" rel=\"noopener\">www.festadaluz.org.br<\/a>. Mais informa\u00e7\u00f5es com a assessoria de comunica\u00e7\u00e3o, Let\u00edcia Pessoa: (41) 2105-6343 \/ (41) 8700-4752 \/ 9856-1517.<\/p>\n","protected":false},"excerpt":{"rendered":"<p>De 6 a 9 de setembro, Curitiba celebra a 4\u00ba edi\u00e7\u00e3o da Festa da Luz: a festa da padroeira da cidade e da arquidiocese, Nossa Senhora da Luz dos Pinhais. Para homenage\u00e1-la, a arquidiocese e a prefeitura municipal planejam para os quatro dias de festa uma intensa programa\u00e7\u00e3o religiosa e cultural para toda a fam\u00edlia, &hellip;<\/p>\n<p class=\"read-more\"> <a class=\"\" href=\"https:\/\/www.cnbb.org.br\/catedral-basilica-de-curitiba-sera-reinaugurada-no-primeiro-dia-da-festa-da-padroeira-da-cidade\/\"> <span class=\"screen-reader-text\">Catedral Bas\u00edlica de Curitiba ser\u00e1 reinaugurada no primeiro dia da Festa da Padroeira da cidade<\/span> Leia mais &raquo;<\/a><\/p>\n","protected":false},"author":83,"featured_media":25647,"comment_status":"open","ping_status":"open","sticky":false,"template":"","format":"standard","meta":{"site-sidebar-layout":"default","site-content-layout":"default","ast-global-header-display":"","ast-banner-title-visibility":"","ast-main-header-display":"","ast-hfb-above-header-display":"","ast-hfb-below-header-display":"","ast-hfb-mobile-header-display":"","site-post-title":"","ast-breadcrumbs-content":"","ast-featured-img":"","footer-sml-layout":"","theme-transparent-header-meta":"","adv-header-id-meta":"","stick-header-meta":"","header-above-stick-meta":"","header-main-stick-meta":"","header-below-stick-meta":""},"categories":[769,781],"tags":[],"acf":[],"_links":{"self":[{"href":"https:\/\/www.cnbb.org.br\/cnbb-app\/wp\/v2\/posts\/25646"}],"collection":[{"href":"https:\/\/www.cnbb.org.br\/cnbb-app\/wp\/v2\/posts"}],"about":[{"href":"https:\/\/www.cnbb.org.br\/cnbb-app\/wp\/v2\/types\/post"}],"author":[{"embeddable":true,"href":"https:\/\/www.cnbb.org.br\/cnbb-app\/wp\/v2\/users\/83"}],"replies":[{"embeddable":true,"href":"https:\/\/www.cnbb.org.br\/cnbb-app\/wp\/v2\/comments?post=25646"}],"version-history":[{"count":0,"href":"https:\/\/www.cnbb.org.br\/cnbb-app\/wp\/v2\/posts\/25646\/revisions"}],"wp:featuredmedia":[{"embeddable":true,"href":"https:\/\/www.cnbb.org.br\/cnbb-app\/wp\/v2\/media\/25647"}],"wp:attachment":[{"href":"https:\/\/www.cnbb.org.br\/cnbb-app\/wp\/v2\/media?parent=25646"}],"wp:term":[{"taxonomy":"category","embeddable":true,"href":"https:\/\/www.cnbb.org.br\/cnbb-app\/wp\/v2\/categories?post=25646"},{"taxonomy":"post_tag","embeddable":true,"href":"https:\/\/www.cnbb.org.br\/cnbb-app\/wp\/v2\/tags?post=25646"}],"curies":[{"name":"wp","href":"https:\/\/api.w.org\/{rel}","templated":true}]}}