{"id":256478,"date":"2020-12-14T11:46:01","date_gmt":"2020-12-14T14:46:01","guid":{"rendered":"https:\/\/www.cnbb.org.br\/?p=256478"},"modified":"2020-12-14T11:50:21","modified_gmt":"2020-12-14T14:50:21","slug":"papa-no-angelus-a-alegria-e-a-regra-para-os-cristaos","status":"publish","type":"post","link":"https:\/\/www.cnbb.org.br\/papa-no-angelus-a-alegria-e-a-regra-para-os-cristaos\/","title":{"rendered":"Papa no Angelus: a alegria \u00e9 a regra para os crist\u00e3os"},"content":{"rendered":"<div class=\"article__subTitle\" style=\"text-align: justify;\">Ao rezar o Angelus com os fi\u00e9is no III Domingo do Advento, o Papa falou sobre a alegria crist\u00e3, que consiste em descentralizar-se de si mesmo e colocar Jesus no centro. &#8220;Isso n\u00e3o \u00e9 aliena\u00e7\u00e3o, porque Jesus \u00e9 efetivamente o centro, \u00e9 a luz que d\u00e1 sentido pleno \u00e0 vida de cada homem e mulher que vem a este mundo.&#8221;<\/div>\n<div class=\"title__separator\" style=\"text-align: justify;\"><\/div>\n<div class=\"article__text \">\n<p style=\"text-align: justify;\">Alegria: esta foi a palavra predominante do Evangelho de hoje, comentado pelo Papa Francisco antes de rezar o Angelus com os fi\u00e9is reunidos na Pra\u00e7a S\u00e3o Pedro.<\/p>\n<p style=\"text-align: justify;\">Este III Domingo do Advento, explicou o Pont\u00edfice, \u00e9 marcado sobretudo pela alegria. O motivo \u00e9 que o Senhor est\u00e1 chegando, est\u00e1 perto de n\u00f3s.<\/p>\n<div style=\"text-align: justify;\">\n<div class=\"article__embed article__embed--border embed_style\">\n<blockquote><p>\u201cEsta \u00e9 uma regra para os crist\u00e3os. Uma vez, um fil\u00f3sofo dizia algo mais ou menos assim: &#8216;Mas eu n\u00e3o entendo como se pode crer hoje, porque quem diz acreditar tem o rosto de funeral. N\u00e3o d\u00e3o testemunho da alegria da ressurrei\u00e7\u00e3o de Jesus Cristo&#8217;. E muitos crist\u00e3os com aquela cara&#8230;Sim, cara de funeral, e tristeza. Mas Cristo ressuscitou! Cristo o ama! Pensemos nisto: &#8216;Estou feliz porque o Senhor est\u00e1 perto de mim? Porque o Senhor me ama? Porque o Senhor me redimiu?\u201d<\/p><\/blockquote>\n<\/div>\n<\/div>\n<p style=\"text-align: justify;\">O Evangelho segundo Jo\u00e3o apresenta o personagem b\u00edblico que \u2013 com exce\u00e7\u00e3o de Maria e Jos\u00e9 \u2013 por primeiro e mais intensamente viveu a espera do Messias e a alegria de v\u00ea-lo chegar: Jo\u00e3o o Batista.<\/p>\n<p style=\"text-align: justify;\">\u201cO Batista \u00e9 a primeira testemunha de Jesus, com a palavra e com o dom da vida\u201d, afirmou Francisco. Ele realizou a sua miss\u00e3o indicando Jesus como o Cristo, o Enviado de Deus prometido pelos profetas.<\/p>\n<h2 style=\"text-align: justify;\">Sempre indicando o Senhor<\/h2>\n<p style=\"text-align: justify;\">N\u00e3o obstante fosse um l\u00edder no seu tempo, Jo\u00e3o n\u00e3o cedeu nem mesmo por um instante \u00e0 tenta\u00e7\u00e3o de atrair a aten\u00e7\u00e3o sobre si: ele sempre orientava para Aquele que estava por vir.<\/p>\n<div style=\"text-align: justify;\">\n<div class=\"article__embed article__embed--border embed_style\">\n<blockquote><p>\u201cEis a primeira condi\u00e7\u00e3o da alegria crist\u00e3: descentralizar-se de si e colocar Jesus no centro. Isso n\u00e3o \u00e9 aliena\u00e7\u00e3o, porque Jesus \u00e9 efetivamente o centro, \u00e9 a luz que d\u00e1 sentido pleno \u00e0 vida de cada homem e mulher que vem a este mundo.\u201d<\/p><\/blockquote>\n<\/div>\n<\/div>\n<p style=\"text-align: justify;\">O Senhor est\u00e1 no centro, disse ainda o Papa. Os santos, inclusive, est\u00e3o fora, indicando o Senhor. &#8220;E quem n\u00e3o indica o Senhor, n\u00e3o \u00e9 santo.&#8221;<\/p>\n<p style=\"text-align: justify;\">\u00c9 o mesmo dinamismo do amor que me leva a sair de mim mesmo n\u00e3o para me perder, mas para me reencontrar enquanto me dou, enquanto busco o bem do outro.<\/p>\n<h2 style=\"text-align: justify;\">Despojar-se da mundanidade<\/h2>\n<p style=\"text-align: justify;\">O Papa prosseguiu recordando que Jo\u00e3o o Batista percorreu um\u00a0<i>longo caminho<\/i> para chegar a testemunhar Jesus. \u201cO caminho da alegria n\u00e3o \u00e9 uma divers\u00e3o. Deixou tudo, desde jovem, para colocar Deus em primeiro lugar.\u201d<\/p>\n<div style=\"text-align: justify;\">\n<aside class=\"article__readmore\">\n<div class=\"teaser--labelEvidence teaser teaser--type-angelus \">\n<article>\n<div class=\"teaser__contentWrapper\">\n<h2 class=\"teaser__title\">Angelus de 13 de dezembro de 2020<\/h2>\n<\/div>\n<\/article>\n<\/div>\n<\/aside>\n<\/div>\n<p style=\"text-align: justify;\">Retirou-se no deserto, despojando-se de todo o sup\u00e9rfluo para estar mais livre para seguir o vento do Esp\u00edrito Santo. Para Francisco, o seu testemunho \u00e9 paradigm\u00e1tico para quem quiser buscar o sentido da pr\u00f3pria vida e encontrar a verdadeira alegria.<\/p>\n<p style=\"text-align: justify;\">\u201cEm especial, o Batista \u00e9 modelo para os que na Igreja s\u00e3o chamados a anunciar Cristo aos outros: podem faz\u00ea-lo somente no distanciamento de si mesmos e da mundanidade, n\u00e3o atraindo as pessoas a si, mas orientando-as a Jesus.\u201d<\/p>\n<div style=\"text-align: justify;\">\n<div class=\"article__embed article__embed--border embed_style\">\n<blockquote><p>\u201cA alegria \u00e9 isto: orientar a Jesus. E a alegria deve ser a caracter\u00edstica da nossa f\u00e9. Tamb\u00e9m nos momentos mais ruins, saber que o Senhor est\u00e1 comigo, que o Senhor est\u00e1 conosco, que o Senhor ressuscitou. O Senhor! O Senhor! O Senhor! Este \u00e9 o centro da nossa vida. Pensem bem hoje: como me comporto? Se n\u00e3o tenho a alegria da minha f\u00e9, n\u00e3o poderei dar testemunho e os outros dir\u00e3o: &#8216;Mas se a f\u00e9 \u00e9 assim triste, melhor n\u00e3o t\u00ea-la&#8217;.\u201d<\/p><\/blockquote>\n<\/div>\n<\/div>\n<p style=\"text-align: justify;\">Rezando o\u00a0<i>Angelus<\/i>, concluiu o Papa, n\u00f3s vemos tudo isso realizado plenamente na Virgem Maria, pois ela esperou no sil\u00eancio a Palavra de salva\u00e7\u00e3o de Deus; a ouviu, a acolheu, a concebeu. Nela, Deus se fez pr\u00f3ximo. Por isso, a Igreja chama Maria \u201c<i>Causa da nossa alegria<\/i>\u201d.<\/p>\n<p>&nbsp;<\/p>\n<\/div>\n<pre><b>Por Bianca Fraccalvieri \u2013 Cidade do Vaticano<\/b><\/pre>\n","protected":false},"excerpt":{"rendered":"<p>Ao rezar o Angelus com os fi\u00e9is no III Domingo do Advento, o Papa falou sobre a alegria crist\u00e3, que consiste em descentralizar-se de si mesmo e colocar Jesus no centro. &#8220;Isso n\u00e3o \u00e9 aliena\u00e7\u00e3o, porque Jesus \u00e9 efetivamente o centro, \u00e9 a luz que d\u00e1 sentido pleno \u00e0 vida de cada homem e mulher que vem a este mundo.&#8221;<\/p>\n","protected":false},"author":83,"featured_media":256481,"comment_status":"open","ping_status":"open","sticky":false,"template":"","format":"standard","meta":{"site-sidebar-layout":"default","site-content-layout":"default","ast-global-header-display":"","ast-banner-title-visibility":"","ast-main-header-display":"","ast-hfb-above-header-display":"","ast-hfb-below-header-display":"","ast-hfb-mobile-header-display":"","site-post-title":"","ast-breadcrumbs-content":"","ast-featured-img":"","footer-sml-layout":"","theme-transparent-header-meta":"default","adv-header-id-meta":"","stick-header-meta":"","header-above-stick-meta":"","header-main-stick-meta":"","header-below-stick-meta":""},"categories":[50,784],"tags":[1897,3214,1199],"acf":[],"_links":{"self":[{"href":"https:\/\/www.cnbb.org.br\/cnbb-app\/wp\/v2\/posts\/256478"}],"collection":[{"href":"https:\/\/www.cnbb.org.br\/cnbb-app\/wp\/v2\/posts"}],"about":[{"href":"https:\/\/www.cnbb.org.br\/cnbb-app\/wp\/v2\/types\/post"}],"author":[{"embeddable":true,"href":"https:\/\/www.cnbb.org.br\/cnbb-app\/wp\/v2\/users\/83"}],"replies":[{"embeddable":true,"href":"https:\/\/www.cnbb.org.br\/cnbb-app\/wp\/v2\/comments?post=256478"}],"version-history":[{"count":0,"href":"https:\/\/www.cnbb.org.br\/cnbb-app\/wp\/v2\/posts\/256478\/revisions"}],"wp:featuredmedia":[{"embeddable":true,"href":"https:\/\/www.cnbb.org.br\/cnbb-app\/wp\/v2\/media\/256481"}],"wp:attachment":[{"href":"https:\/\/www.cnbb.org.br\/cnbb-app\/wp\/v2\/media?parent=256478"}],"wp:term":[{"taxonomy":"category","embeddable":true,"href":"https:\/\/www.cnbb.org.br\/cnbb-app\/wp\/v2\/categories?post=256478"},{"taxonomy":"post_tag","embeddable":true,"href":"https:\/\/www.cnbb.org.br\/cnbb-app\/wp\/v2\/tags?post=256478"}],"curies":[{"name":"wp","href":"https:\/\/api.w.org\/{rel}","templated":true}]}}