{"id":25653,"date":"2012-09-28T00:00:00","date_gmt":"2012-09-28T03:00:00","guid":{"rendered":"https:\/\/www.cnbb.org.br\/reuniao-dos-bispos-do-regional-sul-2-acontece-nesta-sexta-feira\/"},"modified":"2012-09-28T00:00:00","modified_gmt":"2012-09-28T03:00:00","slug":"reuniao-dos-bispos-do-regional-sul-2-acontece-nesta-sexta-feira","status":"publish","type":"post","link":"https:\/\/www.cnbb.org.br\/reuniao-dos-bispos-do-regional-sul-2-acontece-nesta-sexta-feira\/","title":{"rendered":"Reuni\u00e3o dos bispos do Regional Sul 2 acontece nesta sexta-feira"},"content":{"rendered":"<p style=\"text-align: justify\">Por ocasi\u00e3o da 33\u00ba Assembleia do Povo de Deus que acontece neste final de semana, de sexta (28) \u00e0 domingo (30), em Curitiba (PR), os bispos e arcebispos do Regional Sul 2 da CNBB estar\u00e3o reunidos na manh\u00e3 desta sexta-feira, na Casa de Retiros Nossa Senhora do Mossungu\u00ea.<\/p>\n<p>  <!--more-->  <\/p>\n<p style=\"text-align: justify\">Na pauta, al\u00e9m do relat\u00f3rio da presid\u00eancia, ser\u00e1 realizada a presta\u00e7\u00e3o de contas da a\u00e7\u00e3o evangelizadora \u201cRio que cresce entre n\u00f3s\u201d; discutidas quest\u00f5es gerais de pastoral do Regionall Sul II; abordado o \u201cAno da F\u00e9\u201d, que come\u00e7ar\u00e1 no dia 11 de outubro; definidos os locais para a Assembleia dos Bispos do Regional e Assembl\u00e9ia do Povo de Deus para o ano que vem. A pauta da reuni\u00e3o tamb\u00e9m contempla as sugest\u00f5es dos bispos para os 50 anos do Regional da CNBB, que acontecer\u00e1 em 2015, entre outros assuntos.<\/p>\n<p style=\"text-align: justify\">A partir da tarde\u00a0 os bispos participam da Assembleia do Povo de Deus.<\/p>\n<p style=\"text-align: justify\">A A\u00e7\u00e3o Evangelizadora \u201cRIO que cresce entre n\u00f3s\u201d.<\/p>\n<p style=\"text-align: justify\">Foi uma a\u00e7\u00e3o promovida pela Coordena\u00e7\u00e3o da Juventude do Paran\u00e1, juntamente com o Secretariado do Regional Sul II da CNBB, as\u00a0 dioceses do Regional e a Eparquia S\u00e3o Jo\u00e3o Batista.<\/p>\n<p style=\"text-align: justify\">O objetivo da A\u00e7\u00e3o foi dar um \u2018ponta-p\u00e9\u2019 inicial para a Jornada Mundial da Juventude (JMJ Rio-2013); ajudar a juventude do Paran\u00e1 a melhor se articular; criar uma rede organizada de contatos com a juventude em vista da JMJ Rio-2013; desafiar e envolver a juventude do Estado numa experi\u00eancia mission\u00e1ria e arrecadar fundos para sustentar despesas e atividades ligadas \u00e0 JMJ Rio-2013.<\/p>\n","protected":false},"excerpt":{"rendered":"<p>Por ocasi\u00e3o da 33\u00ba Assembleia do Povo de Deus que acontece neste final de semana, de sexta (28) \u00e0 domingo (30), em Curitiba (PR), os bispos e arcebispos do Regional Sul 2 da CNBB estar\u00e3o reunidos na manh\u00e3 desta sexta-feira, na Casa de Retiros Nossa Senhora do Mossungu\u00ea.<\/p>\n","protected":false},"author":83,"featured_media":25654,"comment_status":"open","ping_status":"open","sticky":false,"template":"","format":"standard","meta":{"site-sidebar-layout":"default","site-content-layout":"default","ast-global-header-display":"","ast-banner-title-visibility":"","ast-main-header-display":"","ast-hfb-above-header-display":"","ast-hfb-below-header-display":"","ast-hfb-mobile-header-display":"","site-post-title":"","ast-breadcrumbs-content":"","ast-featured-img":"","footer-sml-layout":"","theme-transparent-header-meta":"","adv-header-id-meta":"","stick-header-meta":"","header-above-stick-meta":"","header-main-stick-meta":"","header-below-stick-meta":""},"categories":[769,781],"tags":[],"acf":[],"_links":{"self":[{"href":"https:\/\/www.cnbb.org.br\/cnbb-app\/wp\/v2\/posts\/25653"}],"collection":[{"href":"https:\/\/www.cnbb.org.br\/cnbb-app\/wp\/v2\/posts"}],"about":[{"href":"https:\/\/www.cnbb.org.br\/cnbb-app\/wp\/v2\/types\/post"}],"author":[{"embeddable":true,"href":"https:\/\/www.cnbb.org.br\/cnbb-app\/wp\/v2\/users\/83"}],"replies":[{"embeddable":true,"href":"https:\/\/www.cnbb.org.br\/cnbb-app\/wp\/v2\/comments?post=25653"}],"version-history":[{"count":0,"href":"https:\/\/www.cnbb.org.br\/cnbb-app\/wp\/v2\/posts\/25653\/revisions"}],"wp:featuredmedia":[{"embeddable":true,"href":"https:\/\/www.cnbb.org.br\/cnbb-app\/wp\/v2\/media\/25654"}],"wp:attachment":[{"href":"https:\/\/www.cnbb.org.br\/cnbb-app\/wp\/v2\/media?parent=25653"}],"wp:term":[{"taxonomy":"category","embeddable":true,"href":"https:\/\/www.cnbb.org.br\/cnbb-app\/wp\/v2\/categories?post=25653"},{"taxonomy":"post_tag","embeddable":true,"href":"https:\/\/www.cnbb.org.br\/cnbb-app\/wp\/v2\/tags?post=25653"}],"curies":[{"name":"wp","href":"https:\/\/api.w.org\/{rel}","templated":true}]}}