{"id":256633,"date":"2020-12-18T08:20:58","date_gmt":"2020-12-18T11:20:58","guid":{"rendered":"https:\/\/www.cnbb.org.br\/?p=256633"},"modified":"2020-12-18T10:56:06","modified_gmt":"2020-12-18T13:56:06","slug":"espaco-cedido-pela-cnbb-para-acolhida-de-venezuelanos-e-visitado-por-comandante-da-operacao-acolhida","status":"publish","type":"post","link":"https:\/\/www.cnbb.org.br\/espaco-cedido-pela-cnbb-para-acolhida-de-venezuelanos-e-visitado-por-comandante-da-operacao-acolhida\/","title":{"rendered":"Espa\u00e7o cedido pela CNBB para acolhida de Venezuelanos \u00e9 visitado por comandante da Opera\u00e7\u00e3o Acolhida"},"content":{"rendered":"<p style=\"text-align: justify;\">A partir de 2021, Bras\u00edlia ir\u00e1 contar com um novo espa\u00e7o destinado a acolher temporariamente migrantes e refugiados venezuelanos, interiorizados de Roraima para o Distrito Federal. A iniciativa faz parte do projeto\u00a0<b>Acolhidos por meio do trabalho<\/b>, implementado pela AVSI Brasil e Instituto Migra\u00e7\u00f5es e Direitos Humanos (IMDH), com o financiamento do Departamento de Popula\u00e7\u00e3o, Refugiados e Migra\u00e7\u00e3o (PRM), do governo dos EUA.<\/p>\n<p style=\"text-align: justify;\">Elaborado para fortalecer as a\u00e7\u00f5es da Opera\u00e7\u00e3o Acolhida \u2013 for\u00e7a tarefa humanit\u00e1ria liderada pelo governo federal, o projeto conta tamb\u00e9m com o apoio institucional da Casa Civil da Presid\u00eancia da Rep\u00fablica, da Ag\u00eancia da ONU para Refugiados (ACNUR) e de entidades da sociedade civil que atuam na tem\u00e1tica do ref\u00fagio e da migra\u00e7\u00e3o.<\/p>\n<p style=\"text-align: justify;\">O comandante da Opera\u00e7\u00e3o Acolhida, general chefe Antonio Manoel de Barros, esteve em Bras\u00edlia na semana passada, quinta-feira, 10 de dezembro, para conhecer as novas instala\u00e7\u00f5es a convite do diretor-presidente da AVSI Brasil, Fabrizio Pellicelli. A visita antecede a inaugura\u00e7\u00e3o do pr\u00e9dio, previsto para acontecer no in\u00edcio do pr\u00f3ximo ano. \u201cFico contente por conhecer este espa\u00e7o. Est\u00e1 estrategicamente bem colocado e poder\u00e1 fortalecer a\u00e7\u00f5es espec\u00edficas de interioriza\u00e7\u00e3o. \u00c9 revigorante e estimulante saber que, al\u00e9m de um centro de acolhida, o local oferece condi\u00e7\u00f5es para capacita\u00e7\u00f5es e oficinas que ir\u00e3o potencializar o perfil profissional de venezuelanos e brasileiros em situa\u00e7\u00e3o de vulnerabilidade, oportunizando sua reinser\u00e7\u00e3o junto \u00e0 sociedade\u201d, disse.<\/p>\n<p style=\"text-align: justify;\">O centro de acolhida para a inser\u00e7\u00e3o social e laboral de migrantes ir\u00e1 funcionar em um im\u00f3vel cedido pela Confer\u00eancia Nacional de Bispos do Brasil (CNBB) e ser\u00e1 gerenciado conjuntamente com o IMDH, servindo como uma resid\u00eancia tempor\u00e1ria para n\u00facleos familiares e indiv\u00edduos em sistema rotativo de acolhida, de grupos de at\u00e9 quinze fam\u00edlias, interiorizadas pelo trabalho, que se revezar\u00e3o no per\u00edodo n\u00e3o superior a tr\u00eas meses, integrando-se o desenvolvimento de atividades multidisciplinares.<\/p>\n<h3>Acolhida e oportunidade para migrantes<\/h3>\n<p>&nbsp;<\/p>\n<figure id=\"attachment_256636\" aria-describedby=\"caption-attachment-256636\" style=\"width: 427px\" class=\"wp-caption alignright\"><img decoding=\"async\" loading=\"lazy\" class=\"wp-image-256636 size-full\" src=\"https:\/\/www.cnbb.org.br\/wp-content\/uploads\/2020\/12\/Irm\u00e3-Rosita-1.png\" alt=\"\" width=\"427\" height=\"295\" srcset=\"https:\/\/www.cnbb.org.br\/wp-content\/uploads\/2020\/12\/Irm\u00e3-Rosita-1.png 427w, https:\/\/www.cnbb.org.br\/wp-content\/uploads\/2020\/12\/Irm\u00e3-Rosita-1-300x207.png 300w\" sizes=\"(max-width: 427px) 100vw, 427px\" \/><figcaption id=\"caption-attachment-256636\" class=\"wp-caption-text\">Irm\u00e3 Rosita Milesi: &#8220;Estamos preparando um espa\u00e7o digno&#8221;.<\/figcaption><\/figure>\n<p style=\"text-align: justify;\">Para irm\u00e3 Rosita Milesi, fundadora do IMDH e que ir\u00e1 contribuir estrategicamente com a gest\u00e3o do centro de acolhida, o novo espa\u00e7o ser\u00e1 um local onde as pessoas possam superar um pouco as dificuldades do caminho migrat\u00f3rio pelo qual passaram, tenham oportunidade de recuperar as for\u00e7as e possam se organizar para reiniciar um processo de efetiva integra\u00e7\u00e3o, com plenas condi\u00e7\u00f5es de prover seu pr\u00f3prio sustento e o de suas fam\u00edlias.<\/p>\n<p style=\"text-align: justify;\">\u201cEstamos preparando um espa\u00e7o digno, para que seja uma oportunidade fraterna e acolhedora aos migrantes. Queremos que ao chegarem, possam organizar-se e iniciar um processo de integra\u00e7\u00e3o em Bras\u00edlia, como seu novo local de resid\u00eancia\u201d, explica irm\u00e3 Rosita.<\/p>\n<p style=\"text-align: justify;\">Segundo ela, os migrantes e refugiados vir\u00e3o de Roraima, onde aguardam oportunidades de interioriza\u00e7\u00e3o para outras localidades, com o objetivo de reconstru\u00edrem suas vidas. E nesta passagem, a fim de que elas possam iniciar, com pelo menos um integrante familiar empregado no mercado formal, eles tenham oportunidade de iniciar sua ambienta\u00e7\u00e3o na cidade e procurar seu local de moradia. \u201c\u00c9 importante saberem que ter\u00e3o um \u2018o\u00e1sis\u2019 no seu caminho de integra\u00e7\u00e3o, isto \u00e9, uma parada, transit\u00f3ria, de curta dura\u00e7\u00e3o, mas importante para prosseguir em seu caminho de estabelecer-se com autonomia\u201d, destaca.<\/p>\n<p style=\"text-align: justify;\">Irm\u00e3 Rosita \u00e9 reconhecida nacionalmente com refer\u00eancia em direitos dos povos migrantes. Advogada e mestre em Migra\u00e7\u00e3o e Ref\u00fagio na Universidade Pontif\u00edcia Comillas (Madri, Espanha), e \u00e9 uma das autoras mais importantes do pa\u00eds no que diz respeito a regulamenta\u00e7\u00f5es, propostas de leis e advocacy em prol da prote\u00e7\u00e3o e integra\u00e7\u00e3o de refugiados, solicitantes de ref\u00fagio, migrantes e ap\u00e1tridas que necessitam de prote\u00e7\u00e3o internacional.<\/p>\n<p><b>O projeto<\/b><\/p>\n<p style=\"text-align: justify;\"><b>\u00a0<\/b>O\u00a0<b>Acolhidos por meio do trabalho<\/b>\u00a0\u00e9 implementado pela AVSI Brasil e Instituto Migra\u00e7\u00f5es e Direitos Humanos (IMDH), com o envolvimento da Funda\u00e7\u00e3o AVSI e AVSI-USA e financiado pelo Departamento de Popula\u00e7\u00e3o, Refugiados e Migra\u00e7\u00e3o (PRM) do Governo dos Estados Unidos.<\/p>\n<p style=\"text-align: justify;\">Entre as principais a\u00e7\u00f5es, o projeto prev\u00ea a coloca\u00e7\u00e3o no mercado de trabalho e interioriza\u00e7\u00e3o de venezuelanos adultos com suas fam\u00edlias, al\u00e9m da coloca\u00e7\u00e3o no mercado de trabalho de brasileiros em situa\u00e7\u00e3o de vulnerabilidade social; e cursos preparat\u00f3rios vinculados ao mercado de trabalho, de l\u00edngua portuguesa e forma\u00e7\u00e3o em direitos e deveres laborais, entre outros aspectos.<\/p>\n<p style=\"text-align: justify;\">Em um ano, o projeto j\u00e1 realizou a interioriza\u00e7\u00e3o de 275 venezuelanos de Roraima para outros estados, como Santa Catarina, Mato Grosso, Rio Grande do Sul, S\u00e3o Paulo e Rio de Janeiro, al\u00e9m do Distrito Federal, sendo que 152 deles, foram contratados para o mercado formal e os outros 123 s\u00e3o integrantes familiares. Outras 4 interioriza\u00e7\u00f5es ainda est\u00e3o previstas at\u00e9 o final deste ano, para Mato Grosso do Sul, Minas Gerais e Santa Catarina.<\/p>\n<p>Com informa\u00e7\u00f5es e fotos da <a href=\"http:\/\/www.avsibrasil.org.br\/\" target=\"_blank\" rel=\"noopener\">AVSI Brasil\u00a0<\/a><\/p>\n","protected":false},"excerpt":{"rendered":"<p>Para irm\u00e3 Rosita Milesi, fundadora do Instituto Migra\u00e7\u00f5es e Direitos Humanos (IMDH) e que ir\u00e1 contribuir estrategicamente com a gest\u00e3o do centro de acolhida, o novo espa\u00e7o ser\u00e1 um local onde as pessoas possam superar um pouco as dificuldades do caminho migrat\u00f3rio<\/p>\n","protected":false},"author":83,"featured_media":256634,"comment_status":"open","ping_status":"open","sticky":false,"template":"","format":"standard","meta":{"site-sidebar-layout":"default","site-content-layout":"default","ast-global-header-display":"","ast-banner-title-visibility":"","ast-main-header-display":"","ast-hfb-above-header-display":"","ast-hfb-below-header-display":"","ast-hfb-mobile-header-display":"","site-post-title":"","ast-breadcrumbs-content":"","ast-featured-img":"","footer-sml-layout":"","theme-transparent-header-meta":"default","adv-header-id-meta":"","stick-header-meta":"","header-above-stick-meta":"","header-main-stick-meta":"","header-below-stick-meta":""},"categories":[863,50],"tags":[2017,3228],"acf":[],"_links":{"self":[{"href":"https:\/\/www.cnbb.org.br\/cnbb-app\/wp\/v2\/posts\/256633"}],"collection":[{"href":"https:\/\/www.cnbb.org.br\/cnbb-app\/wp\/v2\/posts"}],"about":[{"href":"https:\/\/www.cnbb.org.br\/cnbb-app\/wp\/v2\/types\/post"}],"author":[{"embeddable":true,"href":"https:\/\/www.cnbb.org.br\/cnbb-app\/wp\/v2\/users\/83"}],"replies":[{"embeddable":true,"href":"https:\/\/www.cnbb.org.br\/cnbb-app\/wp\/v2\/comments?post=256633"}],"version-history":[{"count":0,"href":"https:\/\/www.cnbb.org.br\/cnbb-app\/wp\/v2\/posts\/256633\/revisions"}],"wp:featuredmedia":[{"embeddable":true,"href":"https:\/\/www.cnbb.org.br\/cnbb-app\/wp\/v2\/media\/256634"}],"wp:attachment":[{"href":"https:\/\/www.cnbb.org.br\/cnbb-app\/wp\/v2\/media?parent=256633"}],"wp:term":[{"taxonomy":"category","embeddable":true,"href":"https:\/\/www.cnbb.org.br\/cnbb-app\/wp\/v2\/categories?post=256633"},{"taxonomy":"post_tag","embeddable":true,"href":"https:\/\/www.cnbb.org.br\/cnbb-app\/wp\/v2\/tags?post=256633"}],"curies":[{"name":"wp","href":"https:\/\/api.w.org\/{rel}","templated":true}]}}