{"id":256693,"date":"2020-12-24T07:01:28","date_gmt":"2020-12-24T10:01:28","guid":{"rendered":"https:\/\/www.cnbb.org.br\/?p=256693"},"modified":"2020-12-28T14:29:33","modified_gmt":"2020-12-28T17:29:33","slug":"papa-francisco-celebra-a-missa-de-natal-no-vaticano-nesta-quinta-feira-24-de-dezembro-as-15h30-no-horario-de-brasilia","status":"publish","type":"post","link":"https:\/\/www.cnbb.org.br\/papa-francisco-celebra-a-missa-de-natal-no-vaticano-nesta-quinta-feira-24-de-dezembro-as-15h30-no-horario-de-brasilia\/","title":{"rendered":"Papa Francisco celebra a missa de Natal no Vaticano nesta quinta-feira, 24 de dezembro, \u00e0s 15h30, no hor\u00e1rio de Bras\u00edlia"},"content":{"rendered":"<p style=\"text-align: justify;\">A partir desta quinta-feira, 24 de dezembro, o Papa Francisco d\u00e1 in\u00edcio ao calend\u00e1rio de celebra\u00e7\u00f5es de Natal e de in\u00edcio de 2021. A Santa Missa desta noite da Natividade (24), na Bas\u00edlica de S\u00e3o Pedro, precisou ser antecipada devido a pandemia da Covid-19 e no Brasil ser\u00e1 \u00e0s 15h30, hor\u00e1rio de Bras\u00edlia.<\/p>\n<p style=\"text-align: justify;\">As demais celebra\u00e7\u00f5es devem seguir os hor\u00e1rios tradicionais. A participa\u00e7\u00e3o de fieis nas celebra\u00e7\u00f5es ser\u00e1 limitada, devido \u00e0 situa\u00e7\u00e3o de sa\u00fade. Todas as missas ser\u00e3o transmitidas pelo Vatican News, com coment\u00e1rios em portugu\u00eas.<\/p>\n<p style=\"text-align: justify;\">Todos os hor\u00e1rios desta mat\u00e9ria j\u00e1 foram ajustados para o hor\u00e1rio de Bras\u00edlia que \u00e9 4 horas a menos em rela\u00e7\u00e3o \u00e0 Roma.<\/p>\n<p style=\"text-align: justify;\"><strong>Natal<\/strong><\/p>\n<ul>\n<li style=\"text-align: justify;\">Dia 24 de dezembro: missa de Natal \u00e0s 15h30 \u2013 hor\u00e1rio de Bras\u00edlia<\/li>\n<li style=\"text-align: justify;\">Dia 25 de dezembro: b\u00ean\u00e7\u00e3o Urbi et Orbi \u00e0s 8h \u2013 hor\u00e1rio de Bras\u00edlia<\/li>\n<\/ul>\n<p style=\"text-align: justify;\"><strong>Ano Novo<\/strong><\/p>\n<ul>\n<li style=\"text-align: justify;\">Dia 31 de dezembro: v\u00e9speras e o Te Deum de A\u00e7\u00e3o de Gra\u00e7as pelo ano que passou ser\u00e1 \u00e0s 13h, na Bas\u00edlica de S\u00e3o Pedro \u2013 hor\u00e1rio de Bras\u00edlia<\/li>\n<li style=\"text-align: justify;\">Dia 1\u00b0 de janeiro: solenidade de Maria Sant\u00edssima M\u00e3e de Deus e 54\u00ba Dia Mundial da Paz, a missa ser\u00e1 \u00e0s 6h na Bas\u00edlica vaticana \u2013 hor\u00e1rio de Bras\u00edlia<\/li>\n<li style=\"text-align: justify;\">Dia 6 de janeiro: solenidade da Epifania, a missa ser\u00e1 \u00e0s 6h, novamente na Bas\u00edlica de S\u00e3o Pedro \u2013 hor\u00e1rio de Bras\u00edlia<\/li>\n<\/ul>\n<p>As celebra\u00e7\u00f5es poder\u00e3o ser acompanhadas na p\u00e1gina do\u00a0<a href=\"https:\/\/www.vaticannews.va\/pt.html\" target=\"_blank\" rel=\"noopener noreferrer\">Vatican News<\/a>.<\/p>\n<pre><em>Foto de capa: Vatican News<\/em><\/pre>\n","protected":false},"excerpt":{"rendered":"<p>As datas e hor\u00e1rios de algumas celebra\u00e7\u00f5es de fim de ano presididas por Francisco foram reajustadas devido \u00e0 pandemia da Covid-19 e a participa\u00e7\u00e3o de fieis nas celebra\u00e7\u00f5es ser\u00e1 limitada. Todas as missas ser\u00e3o transmitidas pelo Vatican News, com coment\u00e1rios em portugu\u00eas<\/p>\n","protected":false},"author":83,"featured_media":256694,"comment_status":"open","ping_status":"open","sticky":false,"template":"","format":"standard","meta":{"site-sidebar-layout":"default","site-content-layout":"default","ast-global-header-display":"","ast-banner-title-visibility":"","ast-main-header-display":"","ast-hfb-above-header-display":"","ast-hfb-below-header-display":"","ast-hfb-mobile-header-display":"","site-post-title":"","ast-breadcrumbs-content":"","ast-featured-img":"","footer-sml-layout":"","theme-transparent-header-meta":"default","adv-header-id-meta":"","stick-header-meta":"","header-above-stick-meta":"","header-main-stick-meta":"","header-below-stick-meta":""},"categories":[784],"tags":[],"acf":[],"_links":{"self":[{"href":"https:\/\/www.cnbb.org.br\/cnbb-app\/wp\/v2\/posts\/256693"}],"collection":[{"href":"https:\/\/www.cnbb.org.br\/cnbb-app\/wp\/v2\/posts"}],"about":[{"href":"https:\/\/www.cnbb.org.br\/cnbb-app\/wp\/v2\/types\/post"}],"author":[{"embeddable":true,"href":"https:\/\/www.cnbb.org.br\/cnbb-app\/wp\/v2\/users\/83"}],"replies":[{"embeddable":true,"href":"https:\/\/www.cnbb.org.br\/cnbb-app\/wp\/v2\/comments?post=256693"}],"version-history":[{"count":0,"href":"https:\/\/www.cnbb.org.br\/cnbb-app\/wp\/v2\/posts\/256693\/revisions"}],"wp:featuredmedia":[{"embeddable":true,"href":"https:\/\/www.cnbb.org.br\/cnbb-app\/wp\/v2\/media\/256694"}],"wp:attachment":[{"href":"https:\/\/www.cnbb.org.br\/cnbb-app\/wp\/v2\/media?parent=256693"}],"wp:term":[{"taxonomy":"category","embeddable":true,"href":"https:\/\/www.cnbb.org.br\/cnbb-app\/wp\/v2\/categories?post=256693"},{"taxonomy":"post_tag","embeddable":true,"href":"https:\/\/www.cnbb.org.br\/cnbb-app\/wp\/v2\/tags?post=256693"}],"curies":[{"name":"wp","href":"https:\/\/api.w.org\/{rel}","templated":true}]}}