{"id":256724,"date":"2020-12-18T11:28:09","date_gmt":"2020-12-18T14:28:09","guid":{"rendered":"https:\/\/www.cnbb.org.br\/?p=256724"},"modified":"2020-12-18T11:31:38","modified_gmt":"2020-12-18T14:31:38","slug":"rosto-de-2020","status":"publish","type":"post","link":"https:\/\/www.cnbb.org.br\/rosto-de-2020\/","title":{"rendered":"Rosto de 2020"},"content":{"rendered":"<p style=\"text-align: right;\"><strong>Dom Genival Saraiva<\/strong><br \/>\n<strong>Bispo Em\u00e9rito de Palmares (PE)<\/strong><\/p>\n<p>&nbsp;<\/p>\n<p style=\"text-align: justify;\">Num olhar sobre o \u201co que quer que seja\u201d, \u00e9 muito comum a pessoa fazer um olhar sobre a realidade com base no fator tempo. Santo Agostinho fala do tempo na sua tr\u00edplice face \u2013 presente, passado e futuro: \u201cse nada passasse, n\u00e3o haveria tempo passado; se nada sucedesse, n\u00e3o havia o tempo futuro; e se agora nada houvesse, n\u00e3o existia o tempo presente.\u201d Nesse olhar, a pessoa faz compara\u00e7\u00e3o, encontra semelhan\u00e7a, identifica diferen\u00e7a entre o que \u00e9 recente ou remoto, atual ou antigo, novo ou velho, presente ou passado, presente ou futuro. Cada indiv\u00edduo faz isso enquanto atento cultor do car\u00e1ter investigativo ou como despretensioso leitor da hist\u00f3ria, movido por esp\u00edrito de pesquisa elaborada ou por deleite intelectual, por amor \u00e0 ci\u00eancia ou por simples curiosidade, conforme a sua lente de leitura da realidade. O objeto dessa leitura \u00e9 muito diversificado, podendo ser de natureza religiosa, hist\u00f3rica, social, cultural, pol\u00edtica.<\/p>\n<p style=\"text-align: justify;\">\u00c9 nessa \u00f3tica que todas as pessoas veem a pandemia do coronav\u00edrus e fazem suas considera\u00e7\u00f5es. O calend\u00e1rio civil, por muitas linguagens, induz qualquer pessoa a ler a realidade de hoje, confrontando-a com a face de ontem e enxergando o amanh\u00e3, com interroga\u00e7\u00f5es, incertezas, expectativas e esperan\u00e7as. Isso est\u00e1 acontecendo a essa altura de 2020, em todo o mundo, no contexto da pandemia. Nesse contexto, o Papa Francisco escreveu na Carta Enc\u00edclica \u201cFratelli Tutti\u201d (Todos irm\u00e3os): \u201cAl\u00e9m disso, enquanto redigia esta Carta, irrompeu de forma inesperada a pandemia da Covid-19, que deixou descobertas as nossas falsas seguran\u00e7as. Apesar das v\u00e1rias respostas que deram os diferentes pa\u00edses, ficou evidente a incapacidade de agir em conjunto. Embora estejamos superconectados, verificou-se uma fragmenta\u00e7\u00e3o que tornou mais dif\u00edcil resolver os problemas que nos afetam a todos. Se algu\u00e9m pensa que se trata apenas de fazer funcionar melhor o que j\u00e1 faz\u00edamos, ou que a \u00fanica li\u00e7\u00e3o a aprender \u00e9 que devemos melhorar os sistemas e regras j\u00e1 existentes, est\u00e1 negando a realidade.\u201d (n.7) [&#8230;] \u201c\u00c9 verdade que uma trag\u00e9dia global como a pandemia da Covid-19 despertou, por algum tempo, a consci\u00eancia de sermos uma comunidade mundial que viaja no mesmo barco, em que o mal de um prejudica a todos.\u201d(n.32)<\/p>\n<p style=\"text-align: justify;\">Pa\u00edses do mundo asi\u00e1tico e europeu vivenciam o segundo \u201cfim e in\u00edcio de ano\u201d, sob o estigma da pandemia. Esse mal, sem precedentes na humanidade, deixa tr\u00e1gicas consequ\u00eancias no mundo, em raz\u00e3o de mais de um milh\u00e3o de mortes e sequelas dolorosas em mais de setenta milh\u00f5es de infectados. Nos pa\u00edses latino-americanos, inclu\u00eddo o Brasil, as pessoas, as fam\u00edlias e a popula\u00e7\u00e3o vivem o primeiro \u201cfim e in\u00edcio de ano\u201d com a indesejada, por\u00e9m necess\u00e1ria, \u201cmarca registrada\u201d do isolamento social, do distanciamento interpessoal, do uso de m\u00e1scara e de outros procedimentos contidos nos protocolos de preven\u00e7\u00e3o da covid-19, emitidos pelos poderes p\u00fablicos. As estat\u00edsticas da pandemia fotografam o rosto desfigurado da popula\u00e7\u00e3o brasileira com um pr\u00f3ximo e triste registro de duzentas mil mortes e passam de sete milh\u00f5es os casos confirmados de infec\u00e7\u00e3o pela covid-19. Seguramente, a maioria, se n\u00e3o a totalidade, das pessoas tem diante de si o peculiar pano de fundo de 2020, com a marca existencial de suas dores e l\u00e1grimas, em face de v\u00edtimas fatais, perdas materiais e preju\u00edzos financeiros, causados pela pandemia.<\/p>\n<p style=\"text-align: justify;\">Mesmo vivendo em meio \u00e0 penumbra dessas afli\u00e7\u00f5es, \u00e9 necess\u00e1rio que as pessoas vislumbrem, com a luz da sua raz\u00e3o e a pulsa\u00e7\u00e3o da esperan\u00e7a em seu cora\u00e7\u00e3o, a aurora da supera\u00e7\u00e3o desse grave problema, atrav\u00e9s de mudan\u00e7as de comportamento individual e coletivo e da ado\u00e7\u00e3o de pol\u00edticas p\u00fablicas pertinentes, como a aguardada vacina\u00e7\u00e3o em massa da popula\u00e7\u00e3o. Diante desse mal, os crist\u00e3os sabem que \u201ca esperan\u00e7a n\u00e3o decepciona\u201d. (Rm 5,5)<\/p>\n<p>&nbsp;<\/p>\n","protected":false},"excerpt":{"rendered":"<p>Dom Genival Saraiva Bispo Em\u00e9rito de Palmares (PE) &nbsp; Num olhar sobre o \u201co que quer que seja\u201d, \u00e9 muito comum a pessoa fazer um olhar sobre a realidade com base no fator tempo. Santo Agostinho fala do tempo na sua tr\u00edplice face \u2013 presente, passado e futuro: \u201cse nada passasse, n\u00e3o haveria tempo passado; &hellip;<\/p>\n<p class=\"read-more\"> <a class=\"\" href=\"https:\/\/www.cnbb.org.br\/rosto-de-2020\/\"> <span class=\"screen-reader-text\">Rosto de 2020<\/span> Leia mais &raquo;<\/a><\/p>\n","protected":false},"author":59,"featured_media":0,"comment_status":"open","ping_status":"open","sticky":false,"template":"","format":"standard","meta":{"site-sidebar-layout":"default","site-content-layout":"default","ast-global-header-display":"","ast-banner-title-visibility":"","ast-main-header-display":"","ast-hfb-above-header-display":"","ast-hfb-below-header-display":"","ast-hfb-mobile-header-display":"","site-post-title":"","ast-breadcrumbs-content":"","ast-featured-img":"","footer-sml-layout":"","theme-transparent-header-meta":"default","adv-header-id-meta":"","stick-header-meta":"","header-above-stick-meta":"","header-main-stick-meta":"","header-below-stick-meta":""},"categories":[758],"tags":[],"acf":[],"_links":{"self":[{"href":"https:\/\/www.cnbb.org.br\/cnbb-app\/wp\/v2\/posts\/256724"}],"collection":[{"href":"https:\/\/www.cnbb.org.br\/cnbb-app\/wp\/v2\/posts"}],"about":[{"href":"https:\/\/www.cnbb.org.br\/cnbb-app\/wp\/v2\/types\/post"}],"author":[{"embeddable":true,"href":"https:\/\/www.cnbb.org.br\/cnbb-app\/wp\/v2\/users\/59"}],"replies":[{"embeddable":true,"href":"https:\/\/www.cnbb.org.br\/cnbb-app\/wp\/v2\/comments?post=256724"}],"version-history":[{"count":0,"href":"https:\/\/www.cnbb.org.br\/cnbb-app\/wp\/v2\/posts\/256724\/revisions"}],"wp:attachment":[{"href":"https:\/\/www.cnbb.org.br\/cnbb-app\/wp\/v2\/media?parent=256724"}],"wp:term":[{"taxonomy":"category","embeddable":true,"href":"https:\/\/www.cnbb.org.br\/cnbb-app\/wp\/v2\/categories?post=256724"},{"taxonomy":"post_tag","embeddable":true,"href":"https:\/\/www.cnbb.org.br\/cnbb-app\/wp\/v2\/tags?post=256724"}],"curies":[{"name":"wp","href":"https:\/\/api.w.org\/{rel}","templated":true}]}}