{"id":25674,"date":"2012-11-09T00:00:00","date_gmt":"2012-11-09T02:00:00","guid":{"rendered":"https:\/\/www.cnbb.org.br\/bispo-se-reune-com-os-prefeitos-e-vereadores-dos-municipios-da-diocese-de-umuarama\/"},"modified":"2012-11-09T00:00:00","modified_gmt":"2012-11-09T02:00:00","slug":"bispo-se-reune-com-os-prefeitos-e-vereadores-dos-municipios-da-diocese-de-umuarama","status":"publish","type":"post","link":"https:\/\/www.cnbb.org.br\/bispo-se-reune-com-os-prefeitos-e-vereadores-dos-municipios-da-diocese-de-umuarama\/","title":{"rendered":"Bispo se re\u00fane com os prefeitos e vereadores dos munic\u00edpios da diocese de Umuarama"},"content":{"rendered":"<p style=\"text-align: justify\">No dia 30 de outubro das 08h30 \u00e0s 17h, foi realizado no audit\u00f3rio Jo\u00e3o Paulo Segundo na Par\u00f3quia Catedral Divino Esp\u00edrito Santo, em Umuarama (PR), o encontro do bispo diocesano dom frei Jo\u00e3o Mamede Filho OFM Conv., entre prefeitos(as) e vices, vereadores(as) eleitos para o pr\u00f3ximo mandato, padres e lideran\u00e7as, o evento reuniu aproximadamente 170 pessoas.<\/p>\n<p><!--more--><\/p>\n<p style=\"text-align: justify\">O evento teve como tema, \u201cIntegra\u00e7\u00e3o regional e sub-regional, atrav\u00e9s da AMERIOS (Associa\u00e7\u00e3o dos Munic\u00edpios de Entre Rios, 32 munic\u00edpios)\u201d, com objetivo de promover a descentraliza\u00e7\u00e3o nas decis\u00f5es pol\u00edticas e o fortalecimento tamb\u00e9m nas pequenas localidades; enfrentando juntos os desafios.<\/p>\n<p style=\"text-align: justify\">No per\u00edodo da manh\u00e3 na acolhida, foi realizada a din\u00e2mica dos crach\u00e1s, onde os participantes escreveram os seus nomes e munic\u00edpio e os sonhos compartilhados para os seus mandatos, reuniram-se em grupo e logo em seguida todos se dirigiram para o audit\u00f3rio onde foram iniciadas as atividades do dia. E trabalhado: A Import\u00e2ncia e significado do trabalho que cada pol\u00edtico se prop\u00f5e a fazer;Conceito de subsidiariedade; (In)forma\u00e7\u00e3o; Autoridade e poder; As li\u00e7\u00f5es de Alexis Tocqueville e uma reflex\u00e3o sobre a Import\u00e2ncia da vida local e sobre as a\u00e7\u00f5es que o munic\u00edpio pode fazer e n\u00e3o faz, por qu\u00ea?.<\/p>\n<p style=\"text-align: justify\">No per\u00edodo da tarde foram trabalhados: Escola de Cidadania; Gest\u00e3o P\u00fablica; Coopera\u00e7\u00e3o Intermunicipal;Como romper barreiras? (sugest\u00f5es); O encontro foi assessorado por Jos\u00e9 M\u00e1rio Brasiliense e Gustavo Santos &#8211; Oficina Municipal: Escola de Cidadania e Gest\u00e3o P\u00fablica (SP), ONG que tem parceria com a Funda\u00e7\u00e3o Konrad Adenauer da Alemanha.<\/p>\n<p style=\"text-align: justify\">Ao t\u00e9rmino dom Mamede fez as suas considera\u00e7\u00f5es finais. \u201cA diocese vai incentivar ao m\u00e1ximo esse fortalecimento da regi\u00e3o, pois, com isso, todos t\u00eam a ganhar. E a Diocese, no atual (15\u00ba) Plano da A\u00e7\u00e3o Evangelizadora, atrav\u00e9s de um dos seus projetos, prop\u00f5e a viv\u00eancia concreta da caridade; \u00e9 preciso ir al\u00e9m dos socorros de urg\u00eancia; a AMERIOS \u00e9 um caminho para isso, pois \u00e9 um espa\u00e7o nato para a constru\u00e7\u00e3o do bem comum e, com a colabora\u00e7\u00e3o de todos, oferece grande poder de transforma\u00e7\u00e3o\u201d.<\/p>\n","protected":false},"excerpt":{"rendered":"<p>No dia 30 de outubro das 08h30 \u00e0s 17h, foi realizado no audit\u00f3rio Jo\u00e3o Paulo Segundo na Par\u00f3quia Catedral Divino Esp\u00edrito Santo, em Umuarama (PR), o encontro do bispo diocesano dom frei Jo\u00e3o Mamede Filho OFM Conv., entre prefeitos(as) e vices, vereadores(as) eleitos para o pr\u00f3ximo mandato, padres e lideran\u00e7as, o evento reuniu aproximadamente 170 &hellip;<\/p>\n<p class=\"read-more\"> <a class=\"\" href=\"https:\/\/www.cnbb.org.br\/bispo-se-reune-com-os-prefeitos-e-vereadores-dos-municipios-da-diocese-de-umuarama\/\"> <span class=\"screen-reader-text\">Bispo se re\u00fane com os prefeitos e vereadores dos munic\u00edpios da diocese de Umuarama<\/span> Leia mais &raquo;<\/a><\/p>\n","protected":false},"author":83,"featured_media":25675,"comment_status":"open","ping_status":"open","sticky":false,"template":"","format":"standard","meta":{"site-sidebar-layout":"default","site-content-layout":"default","ast-global-header-display":"","ast-banner-title-visibility":"","ast-main-header-display":"","ast-hfb-above-header-display":"","ast-hfb-below-header-display":"","ast-hfb-mobile-header-display":"","site-post-title":"","ast-breadcrumbs-content":"","ast-featured-img":"","footer-sml-layout":"","theme-transparent-header-meta":"","adv-header-id-meta":"","stick-header-meta":"","header-above-stick-meta":"","header-main-stick-meta":"","header-below-stick-meta":""},"categories":[769,781],"tags":[],"acf":[],"_links":{"self":[{"href":"https:\/\/www.cnbb.org.br\/cnbb-app\/wp\/v2\/posts\/25674"}],"collection":[{"href":"https:\/\/www.cnbb.org.br\/cnbb-app\/wp\/v2\/posts"}],"about":[{"href":"https:\/\/www.cnbb.org.br\/cnbb-app\/wp\/v2\/types\/post"}],"author":[{"embeddable":true,"href":"https:\/\/www.cnbb.org.br\/cnbb-app\/wp\/v2\/users\/83"}],"replies":[{"embeddable":true,"href":"https:\/\/www.cnbb.org.br\/cnbb-app\/wp\/v2\/comments?post=25674"}],"version-history":[{"count":0,"href":"https:\/\/www.cnbb.org.br\/cnbb-app\/wp\/v2\/posts\/25674\/revisions"}],"wp:featuredmedia":[{"embeddable":true,"href":"https:\/\/www.cnbb.org.br\/cnbb-app\/wp\/v2\/media\/25675"}],"wp:attachment":[{"href":"https:\/\/www.cnbb.org.br\/cnbb-app\/wp\/v2\/media?parent=25674"}],"wp:term":[{"taxonomy":"category","embeddable":true,"href":"https:\/\/www.cnbb.org.br\/cnbb-app\/wp\/v2\/categories?post=25674"},{"taxonomy":"post_tag","embeddable":true,"href":"https:\/\/www.cnbb.org.br\/cnbb-app\/wp\/v2\/tags?post=25674"}],"curies":[{"name":"wp","href":"https:\/\/api.w.org\/{rel}","templated":true}]}}