{"id":256884,"date":"2020-12-31T07:01:42","date_gmt":"2020-12-31T10:01:42","guid":{"rendered":"https:\/\/www.cnbb.org.br\/?p=256884"},"modified":"2020-12-28T14:15:43","modified_gmt":"2020-12-28T17:15:43","slug":"sob-o-olhar-da-mae-maria-iniciamos-2021","status":"publish","type":"post","link":"https:\/\/www.cnbb.org.br\/sob-o-olhar-da-mae-maria-iniciamos-2021\/","title":{"rendered":"Sob o olhar da M\u00e3e Maria iniciamos 2021!"},"content":{"rendered":"<p style=\"text-align: right;\"><strong>Dom Eurico dos Santos Veloso<br \/>\n<\/strong><strong>Arcebispo Em\u00e9rito de Juiz de Fora (MG)<\/strong><strong>\u00a0<\/strong><\/p>\n<p style=\"text-align: justify;\">Mais um ano se inicia. Com o ano da gra\u00e7a de 2021 volvemos nossos cora\u00e7\u00f5es para a Solenidade de Santa M\u00e3e de Deus, Maria. Neste dia, a liturgia coloca-nos diante de evoca\u00e7\u00f5es diversas, ainda que todas importantes. Celebra-se, em primeiro lugar, a Solenidade de Santa Maria, M\u00e3e de Deus: somos convidados a contemplar a figura de Maria, aquela mulher que, com o seu \u201csim\u201d ao projeto de Deus, nos ofereceu Jesus, o nosso libertador. Celebra-se, em segundo lugar, o Dia Mundial da Paz: em 1968, o Papa S\u00e3o Paulo VI prop\u00f4s aos homens de boa vontade que, neste dia, se rezasse pela paz no mundo. Celebra-se, finalmente, o primeiro dia do ano civil: \u00e9 o in\u00edcio de uma caminhada percorrida de m\u00e3os dadas com esse Deus que nos ama, que em cada dia nos cumula da sua b\u00ean\u00e7\u00e3o e nos oferece a vida em plenitude.<\/p>\n<p style=\"text-align: justify;\">As leituras que hoje nos s\u00e3o propostas exploram, portanto, estas diversas coordenadas. Elas evocam esta multiplicidade de temas e de celebra\u00e7\u00f5es.<\/p>\n<p style=\"text-align: justify;\">Na primeira leitura(Nm 6,22-27), sublinha-se a dimens\u00e3o da presen\u00e7a cont\u00ednua de Deus na nossa caminhada e recorda-se que a sua b\u00ean\u00e7\u00e3o nos proporciona a vida em plenitude.<\/p>\n<p style=\"text-align: justify;\">Na segunda leitura(Gl 4,4-7), a liturgia evoca, outra vez, o amor de Deus, que enviou o seu Filho ao encontro dos homens para os libertar da escravid\u00e3o da Lei e para os tornar seus \u201cfilhos\u201d. \u00c9 nessa situa\u00e7\u00e3o privilegiada de \u201cfilhos\u201d livres e amados que podemos dirigir-nos a Deus e chamar-lhe \u201cabb\u00e1\u201d (\u201cpap\u00e1\u201d).<\/p>\n<p style=\"text-align: justify;\">O Evangelho mostra como a chegada do projeto libertador de Deus (que se tornou realidade plena no nosso mundo atrav\u00e9s de Jesus) provoca alegria e felicidade naqueles que n\u00e3o t\u00eam outra possibilidade de acesso \u00e0 salva\u00e7\u00e3o: os pobres e os marginalizados. Convida-nos tamb\u00e9m a louvar a Deus pelo seu amor e a testemunhar o des\u00edgnio libertador de Deus no meio dos homens. Maria, a mulher que proporcionou o nosso encontro com Jesus, \u00e9 o modelo do crente que \u00e9 sens\u00edvel aos projetos de Deus, que sabe ler os seus sinais na hist\u00f3ria, que aceita acolher a proposta de Deus no cora\u00e7\u00e3o e que colabora com Deus na concretiza\u00e7\u00e3o do projeto divino de salva\u00e7\u00e3o para o mundo.<\/p>\n<p style=\"text-align: justify;\">Elevemos a Deus nosso canto de b\u00ean\u00e7\u00e3o, pedindo a paz e a alegria sobre todos os homens de boa vontade. B\u00ean\u00e7\u00e3o, paz e alegria tr\u00eas verdades b\u00edblicas quer inspiram-nos a celebrar esta Solenidade com maior ardor. A b\u00ean\u00e7\u00e3o de Deus sobre o seu povo \u00e9 derramada com largueza, guardando-o e dando-lhe a paz. Assim, a terra exulta de alegria e, por isso, Deus \u00e9 louvado na\u00e7\u00f5es(Sl 66). O exemplo mais belo, que re\u00fane em si todas estas d\u00e1divas, \u00e9, sem d\u00favida, a Sant\u00edssima Virgem Maria, M\u00e3e de Deus, M\u00e3e da Igreja e nossa M\u00e3e. Em Santa Maria, o Senhor vem visitar-nos, quando \u201cna plenitude dos tempos\u201d envia seu Filho que faz de todos n\u00f3s herdeiros do seu amor(Gl 4,4.7).<\/p>\n<p style=\"text-align: justify;\">Unidos aos pastores, corramos pressurosos a fim de aprendermos a meditar nos cora\u00e7\u00f5es os mist\u00e9rios que nos foram revelados. Com Maria, entramos em um novo santu\u00e1rio. Um santu\u00e1rio preparado por Deus para que tenhamos a coragem de trilhar um ano de 2021 sob o seu olhar e a sua prote\u00e7\u00e3o. Senhora, invocada por tantos nomes, encoraja-nos desde a simplicidade de Bel\u00e9m, a fim de que nos alegremos com as maravilhas que nos s\u00e3o contadas.<\/p>\n<p style=\"text-align: justify;\">Sob o olhar da M\u00e3e Maria iniciamos 2021! Por isso, com Maria Sant\u00edssima, que nos d\u00e1 a sua presen\u00e7a apontando para o seu Filho Jesus, possamos rezar: \u201cAo Rei dos s\u00e9culos imortal e invis\u00edvel honra e gl\u00f3ria pelos s\u00e9culos dos s\u00e9culos. Am\u00e9m\u201d.<\/p>\n","protected":false},"excerpt":{"rendered":"<p>Dom Eurico dos Santos Veloso Arcebispo Em\u00e9rito de Juiz de Fora (MG)\u00a0 Mais um ano se inicia. Com o ano da gra\u00e7a de 2021 volvemos nossos cora\u00e7\u00f5es para a Solenidade de Santa M\u00e3e de Deus, Maria. Neste dia, a liturgia coloca-nos diante de evoca\u00e7\u00f5es diversas, ainda que todas importantes. Celebra-se, em primeiro lugar, a Solenidade &hellip;<\/p>\n<p class=\"read-more\"> <a class=\"\" href=\"https:\/\/www.cnbb.org.br\/sob-o-olhar-da-mae-maria-iniciamos-2021\/\"> <span class=\"screen-reader-text\">Sob o olhar da M\u00e3e Maria iniciamos 2021!<\/span> Leia mais &raquo;<\/a><\/p>\n","protected":false},"author":73,"featured_media":0,"comment_status":"open","ping_status":"open","sticky":false,"template":"","format":"standard","meta":{"site-sidebar-layout":"default","site-content-layout":"default","ast-global-header-display":"","ast-banner-title-visibility":"","ast-main-header-display":"","ast-hfb-above-header-display":"","ast-hfb-below-header-display":"","ast-hfb-mobile-header-display":"","site-post-title":"","ast-breadcrumbs-content":"","ast-featured-img":"","footer-sml-layout":"","theme-transparent-header-meta":"default","adv-header-id-meta":"","stick-header-meta":"","header-above-stick-meta":"","header-main-stick-meta":"","header-below-stick-meta":""},"categories":[758],"tags":[],"acf":[],"_links":{"self":[{"href":"https:\/\/www.cnbb.org.br\/cnbb-app\/wp\/v2\/posts\/256884"}],"collection":[{"href":"https:\/\/www.cnbb.org.br\/cnbb-app\/wp\/v2\/posts"}],"about":[{"href":"https:\/\/www.cnbb.org.br\/cnbb-app\/wp\/v2\/types\/post"}],"author":[{"embeddable":true,"href":"https:\/\/www.cnbb.org.br\/cnbb-app\/wp\/v2\/users\/73"}],"replies":[{"embeddable":true,"href":"https:\/\/www.cnbb.org.br\/cnbb-app\/wp\/v2\/comments?post=256884"}],"version-history":[{"count":0,"href":"https:\/\/www.cnbb.org.br\/cnbb-app\/wp\/v2\/posts\/256884\/revisions"}],"wp:attachment":[{"href":"https:\/\/www.cnbb.org.br\/cnbb-app\/wp\/v2\/media?parent=256884"}],"wp:term":[{"taxonomy":"category","embeddable":true,"href":"https:\/\/www.cnbb.org.br\/cnbb-app\/wp\/v2\/categories?post=256884"},{"taxonomy":"post_tag","embeddable":true,"href":"https:\/\/www.cnbb.org.br\/cnbb-app\/wp\/v2\/tags?post=256884"}],"curies":[{"name":"wp","href":"https:\/\/api.w.org\/{rel}","templated":true}]}}