{"id":256904,"date":"2020-12-27T07:01:40","date_gmt":"2020-12-27T10:01:40","guid":{"rendered":"https:\/\/www.cnbb.org.br\/?p=256904"},"modified":"2020-12-28T15:03:21","modified_gmt":"2020-12-28T18:03:21","slug":"festa-da-sagrada-familia","status":"publish","type":"post","link":"https:\/\/www.cnbb.org.br\/festa-da-sagrada-familia\/","title":{"rendered":"Festa da Sagrada Fam\u00edlia"},"content":{"rendered":"<p style=\"text-align: right;\"><strong>Dom Adimir Antonio Mazali<\/strong><br \/>\n<strong>Bispo Diocesano de Erexim<\/strong><\/p>\n<p style=\"text-align: justify;\">Renovando os votos de Feliz Natal a todos, saudamos os ouvintes que acompanham este programa Voz da Diocese, neste dia 27 de dezembro.<\/p>\n<p style=\"text-align: justify;\">O dia da Sagrada Fam\u00edlia celebra-se no domingo seguinte ao Natal dentro da oitava do Natal. Lembramos que o Natal, assim como a P\u00e1scoa, possui uma semana prolongada chamada de oitava, ou seja, que a festa se estende. Se o Natal for no domingo, esta festa \u00e9 celebrada no dia 30 de dezembro.<\/p>\n<p style=\"text-align: justify;\">\u00c9 uma festa muito antiga, que vai al\u00e9m do s\u00e9culo XVII que surgiu para exaltar a Sagrada Fam\u00edlia como um modelo de vida familiar para todas as fam\u00edlias crist\u00e3s, destacando-se dela as suas virtudes de simplicidade, amor, humildade, dedica\u00e7\u00e3o um ao outro, trabalho e tantas outras, particularmente sua vida de f\u00e9 e fidelidade \u00e0 vontade de Deus.<\/p>\n<p style=\"text-align: justify;\">Na liturgia que celebramos, encontramos alguns elementos muito importantes e pr\u00e1ticos para a nossa vida familiar. A 1\u00aa Leitura do Livro do Eclesi\u00e1stico, cap. 3, apresenta algumas atitudes que os filhos devem ter para com os pais. Refere-se de forma direta ao cumprimento do 4\u00ba mandamento da Lei de Deus; \u201cHonrar pai e m\u00e3e\u201d, que significa uma atitude de respeito e gratid\u00e3o aos pais.<\/p>\n<p style=\"text-align: justify;\">A 2\u00aa leitura da Carta de S\u00e3o Paulo aos Colossenses, cap.3, tamb\u00e9m acentua a dimens\u00e3o do amor para a vida crist\u00e3, convidando-nos a revestir-nos \u201cde sincera miseric\u00f3rdia, bondade, humildade, mansid\u00e3o e paci\u00eancia\u201d e, sobretudo diz: \u201camai-vos uns aos outros, pois o amor \u00e9 o v\u00ednculo da perfei\u00e7\u00e3o\u201d. Esse amor deve ser concretizado em nossos relacionamentos, mas de forma muito especial, com todos os que convivem conosco no espa\u00e7o familiar.<\/p>\n<p style=\"text-align: justify;\">E para nos iluminar ainda mais, o Evangelho de Lucas no cap. 2,22 ss., nos mostra a cena duma fam\u00edlia, a fam\u00edlia de Nazar\u00e9 que acolhe e vive segundo a Palavra de Deus, consagrando suas vidas na confian\u00e7a que depositam no Senhor. Encontra-se nesta passagem a figura dos anci\u00e3os Sime\u00e3o e Ana que t\u00eam olhar particular voltado profeticamente ao futuro, capazes de perceber e compreender os sinais de Deus como uma presen\u00e7a libertadora no meio dos homens. Em Jesus encontra-se a liberta\u00e7\u00e3o.<\/p>\n<p style=\"text-align: justify;\">\u00c9 na fam\u00edlia que aprendemos a viver em sociedade, partilhando as mesmas esperan\u00e7as e as mesmas ang\u00fastias. \u00c9 na fam\u00edlia que encontramos a nossa identidade, a nossa verdade e esta verdade nos liberta. N\u00e3o escolhemos nossas fam\u00edlias, por isso devemos am\u00e1-las como dom de Deus concedido a cada um de n\u00f3s.<\/p>\n<p style=\"text-align: justify;\">Por esta raz\u00e3o, com a Igreja, celebrando esta Festa da Sagrada Fam\u00edlia de Nazar\u00e9, queremos pedir sua intercess\u00e3o por nossas fam\u00edlias, com suas alegrias, esperan\u00e7as e tamb\u00e9m seus limites e inseguran\u00e7as, de modo particular\u00a0 neste tempo de pandemia, para que em nosso meio reinem as virtudes e atitudes vividas no Lar de Nazar\u00e9.<\/p>\n<p style=\"text-align: justify;\">Com o Papa Francisco rezamos:<\/p>\n<p style=\"text-align: justify;\">\u201cJesus, Maria e Jos\u00e9 a v\u00f3s com confian\u00e7a rezamos, a v\u00f3s com alegria nos confiamos\u201d.<\/p>\n<p style=\"text-align: justify;\">\u201cSagrada Fam\u00edlia de Nazar\u00e9,<\/p>\n<p style=\"text-align: justify;\">escola atraente do Santo Evangelho:<\/p>\n<p style=\"text-align: justify;\">ensinai-nos a imitar as vossas virtudes<\/p>\n<p style=\"text-align: justify;\">com uma s\u00e1bia disciplina espiritual&#8230;\u201d<\/p>\n<p style=\"text-align: justify;\">\u201cSagrada Fam\u00edlia de Nazar\u00e9! A nossa fam\u00edlia vossa \u00e9\u201d! Am\u00e9m!<\/p>\n","protected":false},"excerpt":{"rendered":"<p>Dom Adimir Antonio Mazali Bispo Diocesano de Erexim Renovando os votos de Feliz Natal a todos, saudamos os ouvintes que acompanham este programa Voz da Diocese, neste dia 27 de dezembro. O dia da Sagrada Fam\u00edlia celebra-se no domingo seguinte ao Natal dentro da oitava do Natal. Lembramos que o Natal, assim como a P\u00e1scoa, &hellip;<\/p>\n<p class=\"read-more\"> <a class=\"\" href=\"https:\/\/www.cnbb.org.br\/festa-da-sagrada-familia\/\"> <span class=\"screen-reader-text\">Festa da Sagrada Fam\u00edlia<\/span> Leia mais &raquo;<\/a><\/p>\n","protected":false},"author":103,"featured_media":0,"comment_status":"open","ping_status":"open","sticky":false,"template":"","format":"standard","meta":{"site-sidebar-layout":"default","site-content-layout":"default","ast-global-header-display":"","ast-banner-title-visibility":"","ast-main-header-display":"","ast-hfb-above-header-display":"","ast-hfb-below-header-display":"","ast-hfb-mobile-header-display":"","site-post-title":"","ast-breadcrumbs-content":"","ast-featured-img":"","footer-sml-layout":"","theme-transparent-header-meta":"default","adv-header-id-meta":"","stick-header-meta":"","header-above-stick-meta":"","header-main-stick-meta":"","header-below-stick-meta":""},"categories":[758],"tags":[],"acf":[],"_links":{"self":[{"href":"https:\/\/www.cnbb.org.br\/cnbb-app\/wp\/v2\/posts\/256904"}],"collection":[{"href":"https:\/\/www.cnbb.org.br\/cnbb-app\/wp\/v2\/posts"}],"about":[{"href":"https:\/\/www.cnbb.org.br\/cnbb-app\/wp\/v2\/types\/post"}],"author":[{"embeddable":true,"href":"https:\/\/www.cnbb.org.br\/cnbb-app\/wp\/v2\/users\/103"}],"replies":[{"embeddable":true,"href":"https:\/\/www.cnbb.org.br\/cnbb-app\/wp\/v2\/comments?post=256904"}],"version-history":[{"count":0,"href":"https:\/\/www.cnbb.org.br\/cnbb-app\/wp\/v2\/posts\/256904\/revisions"}],"wp:attachment":[{"href":"https:\/\/www.cnbb.org.br\/cnbb-app\/wp\/v2\/media?parent=256904"}],"wp:term":[{"taxonomy":"category","embeddable":true,"href":"https:\/\/www.cnbb.org.br\/cnbb-app\/wp\/v2\/categories?post=256904"},{"taxonomy":"post_tag","embeddable":true,"href":"https:\/\/www.cnbb.org.br\/cnbb-app\/wp\/v2\/tags?post=256904"}],"curies":[{"name":"wp","href":"https:\/\/api.w.org\/{rel}","templated":true}]}}