{"id":256963,"date":"2021-01-03T07:01:21","date_gmt":"2021-01-03T10:01:21","guid":{"rendered":"https:\/\/www.cnbb.org.br\/?p=256963"},"modified":"2020-12-30T21:01:32","modified_gmt":"2020-12-31T00:01:32","slug":"solenidade-da-epifania-do-senhor-reflexao-sobre-maria-mae-de-deus-gratidao-e-esperanca","status":"publish","type":"post","link":"https:\/\/www.cnbb.org.br\/solenidade-da-epifania-do-senhor-reflexao-sobre-maria-mae-de-deus-gratidao-e-esperanca\/","title":{"rendered":"Solenidade da Epifania do Senhor\u00a0(Reflex\u00e3o sobre Maria, M\u00e3e de Deus) &#8211; \u201cGratid\u00e3o e Esperan\u00e7a\u201d"},"content":{"rendered":"<p style=\"text-align: right;\"><strong>Dom Adimir Antonio Mazali<\/strong><br \/>\n<strong>Bispo Diocesano de Erexim<\/strong><\/p>\n<p style=\"text-align: justify;\">Prezados irm\u00e3os e irm\u00e3s de Voz da Diocese, nossa sauda\u00e7\u00e3o e nosso carinho. Unimos nossos sentimentos de gratid\u00e3o ao final de mais um ano e a esperan\u00e7a de um novo que chega. Estamos no primeiro domingo deste novo ano 2021 e celebramos a solenidade da Epifania do Senhor, mas gostaria de voltar o olhar para o que vivemos no final de 2020 e a abertura deste ano na grande Solenidade de Maria, M\u00e3e de Deus, renovando nossas esperan\u00e7as neste ano que rec\u00e9m iniciamos.<\/p>\n<p style=\"text-align: justify;\">A gratid\u00e3o \u00e9 a express\u00e3o de uma alma generosa que n\u00e3o se acha dona de tudo o que possui, mas sabe descobrir o que lhe foi dado por outros generosamente. \u00c9 o amor que leva \u00e0 verdadeira gratid\u00e3o, abrindo a alma para os outros num anseio de entrega confiante. Gratid\u00e3o que sempre se manifesta em duas dire\u00e7\u00f5es: para o alto e para o lado.<\/p>\n<p style=\"text-align: justify;\">Gratid\u00e3o para o alto significa reconhecer os benef\u00edcios e gra\u00e7as concedidos por Deus para toda a humanidade e revelados plenamente no mist\u00e9rio do Natal que h\u00e1 pouco celebramos. Gratid\u00e3o a Deus porque no Menino de Bel\u00e9m, anunciado alos pastores, se d\u00e1 o verdadeiro encontro de Deus com toda a humanidade.<\/p>\n<p style=\"text-align: justify;\">Gratid\u00e3o para o lado que significa reconhecer o que dos irm\u00e3os, inevitavelmente, recebemos, pois, n\u00e3o vivemos sozinhos e isolados, mas, por natureza, em comunidade.<\/p>\n<p style=\"text-align: justify;\">Ao concluirmos, portanto, o ano de 2020, que nosso cora\u00e7\u00e3o se abra para este sentimento generoso que \u00e9 a gratid\u00e3o a Deus e aos irm\u00e3os, pois juntos constru\u00edmos mais um ano de nossas vidas. Mas lembremos de que dizer muito obrigado n\u00e3o \u00e9 uma express\u00e3o apenas de final de ano, mas uma manifesta\u00e7\u00e3o de verdadeiro amor com aqueles que, no dia-a-dia de nossa vida, nos ajudam a viver bem e a construir nossa hist\u00f3ria, especialmente a Deus, o Senhor de nossa hist\u00f3ria.<\/p>\n<p style=\"text-align: justify;\">A esperan\u00e7a \u00e9 o outro sentimento que brota vislumbrando a virada para o novo ano que almejamos seja melhor do que aquele que findamos, assim pensam muitos ou quase todos, especialmente deste ano de pandemia.<\/p>\n<p style=\"text-align: justify;\">Para n\u00f3s crist\u00e3os, este novo ano come\u00e7a com uma grande festa: Solenidade da Santa M\u00e3e de Deus e Dia Mundial da Paz e da Fraternidade Universal, celebrado no dia 1\u00ba de janeiro.<\/p>\n<p style=\"text-align: justify;\">Com esta festa, renovamos a certeza de que Deus continuar\u00e1 a nos aben\u00e7oar como fez em toda a hist\u00f3ria. Revendo a 1\u00aa leitura daquela solenidade, encontramos a b\u00ean\u00e7\u00e3o de Aar\u00e3o: \u201cO Senhor te aben\u00e7oe e te guarde; o Senhor fa\u00e7a brilhar a sua face e se compade\u00e7a de ti; o Senhor volte para ti o seu rosto e te d\u00ea a paz\u201d. A 2\u00aa leitura nos lembra de que somos filhos e chamamos a Deus \u2013 Abb\u00e1 \u2013 \u00d3 Pai. E como filhos somos herdeiros de toda gra\u00e7a que ele nos oferece. Nisto renovamos a confian\u00e7a.<\/p>\n<p style=\"text-align: justify;\">De Maria, M\u00e3e de Deus, recebemos o salvador \u2013 Jesus. Com os pastores, somos convidados a reconhecer esta presen\u00e7a de Deus num Menino enrolado em faixas nos bra\u00e7os de uma Mulher que silenciosamente guarda todas as coias em seu cora\u00e7\u00e3o. Somos chamados ainda com esta festa a reconhecer em <strong>Maria, M\u00e3e de Deus, tamb\u00e9m a nossa m\u00e3e.<\/strong> Senti-la sempre pronta a recordar as grandes coisas que Deus realizou em nossa vida. N\u00f3s precisamos de Maria para n\u00e3o perder a grande alegria de viver e acreditar, mesmo quando as prova\u00e7\u00f5es se tornam grandes e o caminho se torna pesado. De nosso olhar ao pres\u00e9pio, voltemos nosso olhar \u00e0 cruz e nas duas realidades, Maria nos ensina a estarmos em p\u00e9, firmes na f\u00e9 e confiantes no amor de Deus derramado sobre n\u00f3s.<\/p>\n<p style=\"text-align: justify;\">Levantemos a cabe\u00e7a com coragem diante de todos; glorifiquemos e louvemos ao Senhor que n\u00e3o se esquece de n\u00f3s em nenhum momento. Com Maria e como Maria, M\u00e3e de Deus, reconhe\u00e7amos tamb\u00e9m: \u201cO Poderoso fez em mim maravilhas e santo \u00e9 o seu nome.\u201d.<\/p>\n<p style=\"text-align: justify;\">Com o sentimento de gratid\u00e3o, conclu\u00edmos recentemente o ano de 2020 e com o sentimento de esperan\u00e7a iniciemos este novo ano de 2021, comprometidos com a promo\u00e7\u00e3o da Vida, da Paz e da Fraternidade Universal. A todos, sinceros votos de um Feliz e Aben\u00e7oado Ano Novo.<\/p>\n","protected":false},"excerpt":{"rendered":"<p>Dom Adimir Antonio Mazali Bispo Diocesano de Erexim Prezados irm\u00e3os e irm\u00e3s de Voz da Diocese, nossa sauda\u00e7\u00e3o e nosso carinho. Unimos nossos sentimentos de gratid\u00e3o ao final de mais um ano e a esperan\u00e7a de um novo que chega. Estamos no primeiro domingo deste novo ano 2021 e celebramos a solenidade da Epifania do &hellip;<\/p>\n<p class=\"read-more\"> <a class=\"\" href=\"https:\/\/www.cnbb.org.br\/solenidade-da-epifania-do-senhor-reflexao-sobre-maria-mae-de-deus-gratidao-e-esperanca\/\"> <span class=\"screen-reader-text\">Solenidade da Epifania do Senhor\u00a0(Reflex\u00e3o sobre Maria, M\u00e3e de Deus) &#8211; \u201cGratid\u00e3o e Esperan\u00e7a\u201d<\/span> Leia mais &raquo;<\/a><\/p>\n","protected":false},"author":103,"featured_media":0,"comment_status":"open","ping_status":"open","sticky":false,"template":"","format":"standard","meta":{"site-sidebar-layout":"default","site-content-layout":"default","ast-global-header-display":"","ast-banner-title-visibility":"","ast-main-header-display":"","ast-hfb-above-header-display":"","ast-hfb-below-header-display":"","ast-hfb-mobile-header-display":"","site-post-title":"","ast-breadcrumbs-content":"","ast-featured-img":"","footer-sml-layout":"","theme-transparent-header-meta":"default","adv-header-id-meta":"","stick-header-meta":"","header-above-stick-meta":"","header-main-stick-meta":"","header-below-stick-meta":""},"categories":[758,1837],"tags":[],"acf":[],"_links":{"self":[{"href":"https:\/\/www.cnbb.org.br\/cnbb-app\/wp\/v2\/posts\/256963"}],"collection":[{"href":"https:\/\/www.cnbb.org.br\/cnbb-app\/wp\/v2\/posts"}],"about":[{"href":"https:\/\/www.cnbb.org.br\/cnbb-app\/wp\/v2\/types\/post"}],"author":[{"embeddable":true,"href":"https:\/\/www.cnbb.org.br\/cnbb-app\/wp\/v2\/users\/103"}],"replies":[{"embeddable":true,"href":"https:\/\/www.cnbb.org.br\/cnbb-app\/wp\/v2\/comments?post=256963"}],"version-history":[{"count":0,"href":"https:\/\/www.cnbb.org.br\/cnbb-app\/wp\/v2\/posts\/256963\/revisions"}],"wp:attachment":[{"href":"https:\/\/www.cnbb.org.br\/cnbb-app\/wp\/v2\/media?parent=256963"}],"wp:term":[{"taxonomy":"category","embeddable":true,"href":"https:\/\/www.cnbb.org.br\/cnbb-app\/wp\/v2\/categories?post=256963"},{"taxonomy":"post_tag","embeddable":true,"href":"https:\/\/www.cnbb.org.br\/cnbb-app\/wp\/v2\/tags?post=256963"}],"curies":[{"name":"wp","href":"https:\/\/api.w.org\/{rel}","templated":true}]}}