{"id":256965,"date":"2021-01-03T07:30:10","date_gmt":"2021-01-03T10:30:10","guid":{"rendered":"https:\/\/www.cnbb.org.br\/?p=256965"},"modified":"2020-12-30T21:00:33","modified_gmt":"2020-12-31T00:00:33","slug":"jesus-a-luz-que-ilumina-o-mundo-e-nosso-coracao","status":"publish","type":"post","link":"https:\/\/www.cnbb.org.br\/jesus-a-luz-que-ilumina-o-mundo-e-nosso-coracao\/","title":{"rendered":"Jesus: a luz que ilumina o mundo e nosso cora\u00e7\u00e3o!"},"content":{"rendered":"<p style=\"text-align: right;\"><strong>Dom Eurico dos Santos Veloso<br \/>\n<\/strong><strong>Arcebispo Em\u00e9rito de Juiz de Fora (MG)<\/strong><strong>\u00a0<\/strong><\/p>\n<p style=\"text-align: justify;\">A liturgia deste domingo celebra a manifesta\u00e7\u00e3o de Jesus a todos os homens. A Solenidade da Epifania\u00a0 do Senhor \u2013 do grego <em>epifanein &#8211; , <\/em>que a Igreja celebra neste domingo, remonta aos prim\u00f3rdios da era crist\u00e3. Ela celebra um mist\u00e9rio multiforme, o de Cristo Luz. De fato, todas as celebra\u00e7\u00f5es do Tempo do Natal giram ao redor a manifesta\u00e7\u00e3o luminosa de Jesus. Ele se manifesta primeiramente ao encarnar-se no seio de Maria, depois ao aparecer aos pastores \u2013 (Natal, Missa da Aurora), aos reis magos(Epifania), ao ser batizado no Rio Jord\u00e3o(Batismo do Senhor e 2\u00ba. Domingo do Tempo Comum Anos A e B) e, finalmente, em Can\u00e1 da Galileia(2\u00ba. Domingo do Tempo Comum C), iniciando com o seu primeiro milagre a manifesta\u00e7\u00e3o de seu minist\u00e9rio p\u00fablico, que culminar\u00e1 na P\u00e1scoa, suma manifesta\u00e7\u00e3o do Senhor. Nesta Solenidade Cristo se revela a todos os povos, ra\u00e7as e l\u00ednguas. Todos podemos caminhar sob a luz de Jesus Cristo, a Estrela do Oriente, que guia a humanidade no caminho do bem e da paz. Como Igreja, novo povo do Senhor, manifestamos a nossa acolhida a Cristo que vem fazer da humanidade uma fam\u00edlia entrela\u00e7ada pela unidade e pela fraternidade. Jesus \u00e9 uma \u201cluz\u201d que se acende na noite do mundo e atrai a si todos os povos da terra. Cumprindo o projeto libertador que o Pai nos queria oferecer, essa \u201cluz\u201d incarnou na nossa hist\u00f3ria, iluminou os caminhos dos homens, conduziu-os ao encontro da salva\u00e7\u00e3o, da vida definitiva.<\/p>\n<p style=\"text-align: justify;\">A primeira leitura(Is 60,1-6) anuncia a chegada da luz salvadora de Deus Pai, que transfigurar\u00e1 Jerusal\u00e9m e que atrair\u00e1 \u00e0 cidade de Deus povos de todo o mundo. \u201cLevanta os olhos e v\u00ea\u201d(Is 60,4). Eis o come\u00e7o da estrada! Eis o princ\u00edpio do caminho! Um dia ao outro dia transmite essa mensagem e uma noite \u00e0 noite faz o mesmo(Sl 19,3). \u00c9 hora de se acenderem as luzes e, sobretudo, as do cora\u00e7\u00e3o! No mist\u00e9rio da Epifania do Senhor, h\u00e1 um convite insistente para ver. Isa\u00edas canta a passagem das trevas para a luz admir\u00e1vel. Sublinha o verdadeiro \u201cver\u201d por tr\u00eas vezes em seu texto.<\/p>\n<p style=\"text-align: justify;\">Unidos a Isa\u00edas, S\u00e3o Paulo e S\u00e3o Mateus fazem o mesmo.<\/p>\n<p style=\"text-align: justify;\">No Evangelho(Mt 2,1-12), vemos a concretiza\u00e7\u00e3o dessa promessa: ao encontro de Jesus v\u00eam os \u201cmagos\u201d do oriente, representantes de todos os povos da terra. Atentos aos sinais da chegada do Messias, procuram-n\u2019O com esperan\u00e7a at\u00e9 O encontrar, reconhecem n&#8217;Ele a \u201csalva\u00e7\u00e3o de Deus\u201d e aceitam-n\u2019O como \u201co Senhor\u201d. A salva\u00e7\u00e3o rejeitada pelos habitantes de Jerusal\u00e9m torna-se agora um dom que Deus oferece a todos os homens, sem excep\u00e7\u00e3o. Unimo-nos aos magos que viram a estrela. Todavia, embora a vissem, ela n\u00e3o era tudo: faltava-lhes ver o menino. H\u00e1 quem somente veja a estrela(fen\u00f4meno) e se esque\u00e7a do que ela mostra(epifania). Assim como os magos veem Jesus e se prostram, mais tarde seus disc\u00edpulos v\u00e3o v\u00ea-lo \u2013 ressuscitado \u2013 e se prostrar\u00e3o(Mt 28,17). Tornemo-nos novamente manjedoura, porque s\u00f3 assim emanaremos o calor do Evangelho.<\/p>\n<p style=\"text-align: justify;\">A segunda leitura(Ef 3,2-3a.5-6) apresenta o projeto salvador de Deus como uma realidade que vai atingir toda a humanidade, juntando judeus e pag\u00e3os numa mesma comunidade de irm\u00e3os &#8211; a comunidade de Jesus. S\u00e3o Paulo relembra que o mist\u00e9rio a ele revelado(<em>apocalipse)<\/em>. Aquele mesmo mist\u00e9rio que lhe abrira os olhos ao ceg\u00e1-los no caminho de Damasco.<\/p>\n<p style=\"text-align: justify;\">Nesta Epifania, em tempos t\u00e3o dif\u00edceis de confinamento pela COVID-19, repito-vos a palavra do Redentor:\u00a0<em>\u201cDuc in altum!\u201d.\u00a0<\/em>N\u00e3o temais as trevas do mundo, porque aquele que vos envia \u00e9 &#8220;<em>luz do mundo<\/em>&#8221; (<em>Jo<\/em>\u00a08, 12),\u00a0<em>\u201ca estrela resplandecente da manh\u00e3\u201d\u00a0<\/em>(<em>Ap\u00a0<\/em>22, 16).<\/p>\n<p style=\"text-align: justify;\"><strong>Jesus: a luz que ilumina o mundo e nosso cora\u00e7\u00e3o!<\/strong> E Tu, Jesus, que um dia disseste aos teus disc\u00edpulos: \u201cv\u00f3s sois a luz do mundo\u201d (<em>Mt<\/em>\u00a05, 14), faz com que cada um que sofre neste momento com a doen\u00e7a e a dor que a luz de Cristo\u00a0<em>resplande\u00e7a diante dos homens do nosso tempo.\u00a0 <\/em>Que M\u00e3e do Verbo encarnado, Virgem fiel, conserva todos os homens e mulheres de boa vontade que celebram a Epifania do Senhor sob a tua constante prote\u00e7\u00e3o, para que sejam mission\u00e1rios corajosos do Evangelho;\u00a0<em>fiel reflexo do amor de Cristo,\u00a0<\/em>luz dos povos e esperan\u00e7a do mundo.<\/p>\n","protected":false},"excerpt":{"rendered":"<p>Dom Eurico dos Santos Veloso Arcebispo Em\u00e9rito de Juiz de Fora (MG)\u00a0 A liturgia deste domingo celebra a manifesta\u00e7\u00e3o de Jesus a todos os homens. A Solenidade da Epifania\u00a0 do Senhor \u2013 do grego epifanein &#8211; , que a Igreja celebra neste domingo, remonta aos prim\u00f3rdios da era crist\u00e3. Ela celebra um mist\u00e9rio multiforme, o &hellip;<\/p>\n<p class=\"read-more\"> <a class=\"\" href=\"https:\/\/www.cnbb.org.br\/jesus-a-luz-que-ilumina-o-mundo-e-nosso-coracao\/\"> <span class=\"screen-reader-text\">Jesus: a luz que ilumina o mundo e nosso cora\u00e7\u00e3o!<\/span> Leia mais &raquo;<\/a><\/p>\n","protected":false},"author":73,"featured_media":0,"comment_status":"open","ping_status":"open","sticky":false,"template":"","format":"standard","meta":{"site-sidebar-layout":"default","site-content-layout":"default","ast-global-header-display":"","ast-banner-title-visibility":"","ast-main-header-display":"","ast-hfb-above-header-display":"","ast-hfb-below-header-display":"","ast-hfb-mobile-header-display":"","site-post-title":"","ast-breadcrumbs-content":"","ast-featured-img":"","footer-sml-layout":"","theme-transparent-header-meta":"default","adv-header-id-meta":"","stick-header-meta":"","header-above-stick-meta":"","header-main-stick-meta":"","header-below-stick-meta":""},"categories":[758,1837],"tags":[],"acf":[],"_links":{"self":[{"href":"https:\/\/www.cnbb.org.br\/cnbb-app\/wp\/v2\/posts\/256965"}],"collection":[{"href":"https:\/\/www.cnbb.org.br\/cnbb-app\/wp\/v2\/posts"}],"about":[{"href":"https:\/\/www.cnbb.org.br\/cnbb-app\/wp\/v2\/types\/post"}],"author":[{"embeddable":true,"href":"https:\/\/www.cnbb.org.br\/cnbb-app\/wp\/v2\/users\/73"}],"replies":[{"embeddable":true,"href":"https:\/\/www.cnbb.org.br\/cnbb-app\/wp\/v2\/comments?post=256965"}],"version-history":[{"count":0,"href":"https:\/\/www.cnbb.org.br\/cnbb-app\/wp\/v2\/posts\/256965\/revisions"}],"wp:attachment":[{"href":"https:\/\/www.cnbb.org.br\/cnbb-app\/wp\/v2\/media?parent=256965"}],"wp:term":[{"taxonomy":"category","embeddable":true,"href":"https:\/\/www.cnbb.org.br\/cnbb-app\/wp\/v2\/categories?post=256965"},{"taxonomy":"post_tag","embeddable":true,"href":"https:\/\/www.cnbb.org.br\/cnbb-app\/wp\/v2\/tags?post=256965"}],"curies":[{"name":"wp","href":"https:\/\/api.w.org\/{rel}","templated":true}]}}