{"id":257042,"date":"2021-01-05T11:19:39","date_gmt":"2021-01-05T14:19:39","guid":{"rendered":"https:\/\/www.cnbb.org.br\/?p=257042"},"modified":"2021-01-05T11:20:19","modified_gmt":"2021-01-05T14:20:19","slug":"ano-novo-e-novas-esperancas","status":"publish","type":"post","link":"https:\/\/www.cnbb.org.br\/ano-novo-e-novas-esperancas\/","title":{"rendered":"Ano novo e novas esperan\u00e7as"},"content":{"rendered":"<p style=\"text-align: right;\"><strong>Dom Alo\u00edsio Alberto Dilli <\/strong><br \/>\n<strong>Bispo de Santa Cruz do Sul (RS)<\/strong><\/p>\n<p style=\"text-align: justify;\"><strong>\u00a0<\/strong><\/p>\n<p style=\"text-align: justify;\">Caros diocesanos. \u00c9 comum em todo in\u00edcio de ano civil que se crie uma esfera de esperan\u00e7a, de promessa de felicidade, sobretudo atrav\u00e9s da express\u00e3o: <em>Feliz ano Novo!<\/em> Ao iniciarmos 2021, esta caracter\u00edstica se acentua, de modo particular, por estarmos na esperan\u00e7a de vacinas eficazes para enfrentarmos o temido coronav\u00edrus covid-19 e vivermos novos tempos, com <em>novo normal<\/em> ou <em>melhor normal<\/em>.<\/p>\n<p style=\"text-align: justify;\">J\u00e1 em 2020, em meio \u00e0 crise da pandemia, alert\u00e1vamos para novas formas de criatividade na viv\u00eancia da nossa f\u00e9 crist\u00e3, sobretudo em nossa vida de ora\u00e7\u00e3o. Diz\u00edamos que todas as formas poderiam ser importantes e ter seu valor; mas, ao mesmo tempo, afirm\u00e1vamos que nem \u201c<em>tudo \u00e9 a mesma coisa<\/em>\u201d, pois h\u00e1 graus de participa\u00e7\u00e3o diferentes e consequentemente tamb\u00e9m de valor. <strong>Primeiro grau<\/strong>: Esta forma est\u00e1 mais ligada ao <em>assistir<\/em> uma celebra\u00e7\u00e3o por TV, Redes sociais ou ouvir pela r\u00e1dio. O <em>assistente<\/em> ou <em>ouvinte<\/em> normalmente n\u00e3o se sente diretamente envolvido e comprometido com o ato lit\u00fargico, pois sua participa\u00e7\u00e3o n\u00e3o \u00e9 t\u00e3o ativa e plena por n\u00e3o estar presente com os outros. N\u00e3o se nega com isso que esta forma tamb\u00e9m possa trazer frutos espirituais (medita\u00e7\u00e3o, ora\u00e7\u00e3o, comunh\u00e3o espiritual, catequese&#8230;). <strong>Segundo grau<\/strong>: S\u00e3o as formas que recuperam o valor da ora\u00e7\u00e3o em comum, realizada na casa (em fam\u00edlia), de modo especial ao redor da Palavra de Deus. Certamente vale mais <em>celebrar<\/em>, mesmo se em grupo reduzido, do que simplesmente assistir ou ouvir celebra\u00e7\u00f5es. Aqui se destaca a import\u00e2ncia dos subs\u00eddios em diversos n\u00edveis, que valorizam a B\u00edblia (Leitura Orante). <strong>Terceiro grau<\/strong>: Esta \u00e9 a forma celebrativa normal e mais valiosa, pois ela acontece na comunidade-Igreja, \u00e0 qual as pessoas est\u00e3o ligadas e comprometidas pelo batismo. \u00c9 o encontro com Deus e os irm\u00e3os. \u00c9 o lugar da comunh\u00e3o e participa\u00e7\u00e3o mais plena. Ali os crist\u00e3os alimentam sua f\u00e9, sua comunh\u00e3o com a Igreja. Ao passar a pandemia, voltaremos com saudade para nossas comunidades. \u00c9 nelas que nos alimentamos com o P\u00e3o da Palavra e da Eucaristia.<\/p>\n<p style=\"text-align: justify;\">Estamos felizes porque este tempo melhor e novo est\u00e1 chegando sempre mais perto e muito desejamos retornar \u00e0s nossas celebra\u00e7\u00f5es e outras atividades normais em nossas comunidades. Certamente est\u00e1 sendo um tempo em que muito aprendemos em diversas \u00e1reas de nossa vida, sobretudo da sa\u00fade, do relacionamento social e familiar, da f\u00e9, da esperan\u00e7a e da caridade. Quem n\u00e3o percebeu o quanto dependemos dos outros para sobreviver? N\u00e3o faltaram sinais depressivos e o pr\u00f3prio sentido da vida voltou a ser tema de profundos questionamentos, pr\u00f3prio dos tempos de crise. Gra\u00e7as a Deus, um novo horizonte se vislumbra e 2021, aos poucos, promete ser diferente, na expectativa de que tenhamos aprendido novos valores e vivamos com esperan\u00e7a o in\u00edcio deste ano.<\/p>\n<p style=\"text-align: justify;\">\u00c9 dentro deste esp\u00edrito que devemos ler a carta que o Cardeal Sarah, Prefeito da Congrega\u00e7\u00e3o para o Culto Divino e a Disciplina dos Sacramentos emitiu em setembro passado, com aprova\u00e7\u00e3o do Papa Francisco. A orienta\u00e7\u00e3o da Santa S\u00e9 ainda \u00e9 para o tempo da pandemia, mas sobretudo para o rein\u00edcio mais pleno das atividades celebrativas e outros encontros em nossas comunidades. Na mensagem da pr\u00f3xima semana abordaremos a carta citada. Desejamos a todos \u201cFeliz Ano Novo\u201d, com b\u00ean\u00e7\u00e3o para 2021: \u201c<em>O Senhor vos aben\u00e7oe e vos guarde. O Senhor vos mostre a sua face e se compade\u00e7a de v\u00f3s. O senhor volva o seu rosto para v\u00f3s e vos d\u00ea a Paz. O Senhor vos aben\u00e7oe: Pai e Filho e Esp\u00edrito Santo. Am\u00e9m\u201d.<\/em><\/p>\n<p>&nbsp;<\/p>\n","protected":false},"excerpt":{"rendered":"<p>Dom Alo\u00edsio Alberto Dilli Bispo de Santa Cruz do Sul (RS) \u00a0 Caros diocesanos. \u00c9 comum em todo in\u00edcio de ano civil que se crie uma esfera de esperan\u00e7a, de promessa de felicidade, sobretudo atrav\u00e9s da express\u00e3o: Feliz ano Novo! Ao iniciarmos 2021, esta caracter\u00edstica se acentua, de modo particular, por estarmos na esperan\u00e7a de &hellip;<\/p>\n<p class=\"read-more\"> <a class=\"\" href=\"https:\/\/www.cnbb.org.br\/ano-novo-e-novas-esperancas\/\"> <span class=\"screen-reader-text\">Ano novo e novas esperan\u00e7as<\/span> Leia mais &raquo;<\/a><\/p>\n","protected":false},"author":33,"featured_media":0,"comment_status":"open","ping_status":"open","sticky":false,"template":"","format":"standard","meta":{"site-sidebar-layout":"default","site-content-layout":"default","ast-global-header-display":"","ast-banner-title-visibility":"","ast-main-header-display":"","ast-hfb-above-header-display":"","ast-hfb-below-header-display":"","ast-hfb-mobile-header-display":"","site-post-title":"","ast-breadcrumbs-content":"","ast-featured-img":"","footer-sml-layout":"","theme-transparent-header-meta":"default","adv-header-id-meta":"","stick-header-meta":"","header-above-stick-meta":"","header-main-stick-meta":"","header-below-stick-meta":""},"categories":[758],"tags":[],"acf":[],"_links":{"self":[{"href":"https:\/\/www.cnbb.org.br\/cnbb-app\/wp\/v2\/posts\/257042"}],"collection":[{"href":"https:\/\/www.cnbb.org.br\/cnbb-app\/wp\/v2\/posts"}],"about":[{"href":"https:\/\/www.cnbb.org.br\/cnbb-app\/wp\/v2\/types\/post"}],"author":[{"embeddable":true,"href":"https:\/\/www.cnbb.org.br\/cnbb-app\/wp\/v2\/users\/33"}],"replies":[{"embeddable":true,"href":"https:\/\/www.cnbb.org.br\/cnbb-app\/wp\/v2\/comments?post=257042"}],"version-history":[{"count":0,"href":"https:\/\/www.cnbb.org.br\/cnbb-app\/wp\/v2\/posts\/257042\/revisions"}],"wp:attachment":[{"href":"https:\/\/www.cnbb.org.br\/cnbb-app\/wp\/v2\/media?parent=257042"}],"wp:term":[{"taxonomy":"category","embeddable":true,"href":"https:\/\/www.cnbb.org.br\/cnbb-app\/wp\/v2\/categories?post=257042"},{"taxonomy":"post_tag","embeddable":true,"href":"https:\/\/www.cnbb.org.br\/cnbb-app\/wp\/v2\/tags?post=257042"}],"curies":[{"name":"wp","href":"https:\/\/api.w.org\/{rel}","templated":true}]}}