{"id":25710,"date":"2014-03-28T00:00:00","date_gmt":"2014-03-28T03:00:00","guid":{"rendered":"https:\/\/www.cnbb.org.br\/comunicadores-e-membros-da-pascom-se-encontram-em-curitiba\/"},"modified":"2014-03-28T00:00:00","modified_gmt":"2014-03-28T03:00:00","slug":"comunicadores-e-membros-da-pascom-se-encontram-em-curitiba","status":"publish","type":"post","link":"https:\/\/www.cnbb.org.br\/comunicadores-e-membros-da-pascom-se-encontram-em-curitiba\/","title":{"rendered":"Comunicadores do Sul 2 participam de forma\u00e7\u00e3o"},"content":{"rendered":"<p style=\"text-align: justify\">Como parte do projeto da Pastoral da Comunica\u00e7\u00e3o (Pascom) do Paran\u00e1, comunicadores que atuam nas dioceses e par\u00f3quias do regional Sul 2 da CNBB reuniram-se para um encontro de forma\u00e7\u00e3o com o jornalista Jorge Teles. O evento, realizado na noite do dia 26 de mar\u00e7o, no sal\u00e3o nobre da C\u00faria da arquidiocese de Curitiba, reuniu mais de 100 pessoas.<\/p>\n<p><!--more--><\/p>\n<p style=\"text-align: justify\">\u00a0Segundo o bispo auxiliar da arquidiocese, dom Jos\u00e9 M\u00e1rio, que esteve presente durante todo o encontro.<\/p>\n<p style=\"text-align: justify\">De acordo com organizadores do evento, a meta \u00e9 reunir profissionais da comunica\u00e7\u00e3o e membros da Pastoral da Comunica\u00e7\u00e3o das par\u00f3quias da arquidiocese, em cada um das 18 dioceses do Paran\u00e1, no decorrer desse ano de 2014. Para conseguir contato com os comunicadores, uma equipe designada visitou dezenas de par\u00f3quias nas \u00faltimas semanas.<\/p>\n<p style=\"text-align: justify\">Segundo o jornalista Teles, a Igreja do Paran\u00e1 possui uma grande experi\u00eancia de comunica\u00e7\u00e3o, mas falta ainda uma organiza\u00e7\u00e3o e articula\u00e7\u00e3o conjunta. Desta forma, houve um di\u00e1logo sobre a comunica\u00e7\u00e3o realizada pela Igreja; o que \u00e9 a Pascom; como estrutur\u00e1-la na comunidade ou par\u00f3quia; e qual contribui\u00e7\u00e3o que essa pastoral traz para a Igreja e a sociedade.<\/p>\n<p style=\"text-align: justify\">Fonte: CNBB \/ Regional Sul 2<\/p>\n","protected":false},"excerpt":{"rendered":"<p>Como parte do projeto da Pastoral da Comunica\u00e7\u00e3o (Pascom) do Paran\u00e1, comunicadores que atuam nas dioceses e par\u00f3quias do regional Sul 2 da CNBB reuniram-se para um encontro de forma\u00e7\u00e3o com o jornalista Jorge Teles. O evento, realizado na noite do dia 26 de mar\u00e7o, no sal\u00e3o nobre da C\u00faria da arquidiocese de Curitiba, reuniu &hellip;<\/p>\n<p class=\"read-more\"> <a class=\"\" href=\"https:\/\/www.cnbb.org.br\/comunicadores-e-membros-da-pascom-se-encontram-em-curitiba\/\"> <span class=\"screen-reader-text\">Comunicadores do Sul 2 participam de forma\u00e7\u00e3o<\/span> Leia mais &raquo;<\/a><\/p>\n","protected":false},"author":83,"featured_media":25711,"comment_status":"open","ping_status":"open","sticky":false,"template":"","format":"standard","meta":{"site-sidebar-layout":"default","site-content-layout":"default","ast-global-header-display":"","ast-banner-title-visibility":"","ast-main-header-display":"","ast-hfb-above-header-display":"","ast-hfb-below-header-display":"","ast-hfb-mobile-header-display":"","site-post-title":"","ast-breadcrumbs-content":"","ast-featured-img":"","footer-sml-layout":"","theme-transparent-header-meta":"","adv-header-id-meta":"","stick-header-meta":"","header-above-stick-meta":"","header-main-stick-meta":"","header-below-stick-meta":""},"categories":[769,781],"tags":[],"acf":[],"_links":{"self":[{"href":"https:\/\/www.cnbb.org.br\/cnbb-app\/wp\/v2\/posts\/25710"}],"collection":[{"href":"https:\/\/www.cnbb.org.br\/cnbb-app\/wp\/v2\/posts"}],"about":[{"href":"https:\/\/www.cnbb.org.br\/cnbb-app\/wp\/v2\/types\/post"}],"author":[{"embeddable":true,"href":"https:\/\/www.cnbb.org.br\/cnbb-app\/wp\/v2\/users\/83"}],"replies":[{"embeddable":true,"href":"https:\/\/www.cnbb.org.br\/cnbb-app\/wp\/v2\/comments?post=25710"}],"version-history":[{"count":0,"href":"https:\/\/www.cnbb.org.br\/cnbb-app\/wp\/v2\/posts\/25710\/revisions"}],"wp:featuredmedia":[{"embeddable":true,"href":"https:\/\/www.cnbb.org.br\/cnbb-app\/wp\/v2\/media\/25711"}],"wp:attachment":[{"href":"https:\/\/www.cnbb.org.br\/cnbb-app\/wp\/v2\/media?parent=25710"}],"wp:term":[{"taxonomy":"category","embeddable":true,"href":"https:\/\/www.cnbb.org.br\/cnbb-app\/wp\/v2\/categories?post=25710"},{"taxonomy":"post_tag","embeddable":true,"href":"https:\/\/www.cnbb.org.br\/cnbb-app\/wp\/v2\/tags?post=25710"}],"curies":[{"name":"wp","href":"https:\/\/api.w.org\/{rel}","templated":true}]}}