{"id":25712,"date":"2014-04-11T00:00:00","date_gmt":"2014-04-11T03:00:00","guid":{"rendered":"https:\/\/www.cnbb.org.br\/dom-manoel-e-apresentado-a-diocese-de-cornelio-procopio\/"},"modified":"2014-04-11T00:00:00","modified_gmt":"2014-04-11T03:00:00","slug":"dom-manoel-e-apresentado-a-diocese-de-cornelio-procopio","status":"publish","type":"post","link":"https:\/\/www.cnbb.org.br\/dom-manoel-e-apresentado-a-diocese-de-cornelio-procopio\/","title":{"rendered":"Dom Manoel \u00e9 apresentado \u00e0 diocese de Corn\u00e9lio Proc\u00f3pio"},"content":{"rendered":"<p style=\"text-align: justify\" align=\"center\"><span style=\"line-height: 1.3em\">Durante reuni\u00e3o do clero, em 10 de abril, dom Manoel Jo\u00e3o Francisco, nomeado pelo papa Francisco para a diocese de Corn\u00e9lio Proc\u00f3pio (PR), recebeu acolhida dos bispos, padres e religiosos da prov\u00edncia de Londrina.<\/span><\/p>\n<p><!--more--><\/p>\n<p style=\"text-align: justify\" align=\"center\"><span style=\"line-height: 1.3em\">O novo bispo foi apresentado por dom Get\u00falio Teixeira Guimar\u00e3es, que renunciou ao cargo ap\u00f3s completar 75 anos. Estiveram presentes arcebispo de Londrina, dom Orlando Brandes; o bispo de Apucarana (PR), dom Celso Ant\u00f4nio Marchiori; o bispo de Jacarezinho (PR), dom Ant\u00f4nio Braz Benevente; e o cardeal arcebispo-em\u00e9rito da de S\u00e3o Salvador, do<\/span><span style=\"line-height: 1.3em\">m Geraldo<\/span><span style=\"line-height: 1.3em\">\u00a0Majella Agnelo.<\/span><\/p>\n<p style=\"text-align: justify\"><span style=\"line-height: 1.3em\">Dom Manoel tomar\u00e1 posse no dia 1\u00b0 de junho, durante as comemora\u00e7\u00f5es da 9\u00aa Festa da Unidade de Corn\u00e9lio Proc\u00f3pio. A diocese \u00e9 composta por 19 munic\u00edpios e 25 par\u00f3quias, com uma \u00e1rea de 6,5 mil quil\u00f4metros quadrados e uma popula\u00e7\u00e3o estimada de 200 mil habitantes.\u00a0<\/span><\/p>\n","protected":false},"excerpt":{"rendered":"<p>Durante reuni\u00e3o do clero, em 10 de abril, dom Manoel Jo\u00e3o Francisco, nomeado pelo papa Francisco para a diocese de Corn\u00e9lio Proc\u00f3pio (PR), recebeu acolhida dos bispos, padres e religiosos da prov\u00edncia de Londrina.<\/p>\n","protected":false},"author":83,"featured_media":25713,"comment_status":"open","ping_status":"open","sticky":false,"template":"","format":"standard","meta":{"site-sidebar-layout":"default","site-content-layout":"default","ast-global-header-display":"","ast-banner-title-visibility":"","ast-main-header-display":"","ast-hfb-above-header-display":"","ast-hfb-below-header-display":"","ast-hfb-mobile-header-display":"","site-post-title":"","ast-breadcrumbs-content":"","ast-featured-img":"","footer-sml-layout":"","theme-transparent-header-meta":"","adv-header-id-meta":"","stick-header-meta":"","header-above-stick-meta":"","header-main-stick-meta":"","header-below-stick-meta":""},"categories":[769,781],"tags":[],"acf":[],"_links":{"self":[{"href":"https:\/\/www.cnbb.org.br\/cnbb-app\/wp\/v2\/posts\/25712"}],"collection":[{"href":"https:\/\/www.cnbb.org.br\/cnbb-app\/wp\/v2\/posts"}],"about":[{"href":"https:\/\/www.cnbb.org.br\/cnbb-app\/wp\/v2\/types\/post"}],"author":[{"embeddable":true,"href":"https:\/\/www.cnbb.org.br\/cnbb-app\/wp\/v2\/users\/83"}],"replies":[{"embeddable":true,"href":"https:\/\/www.cnbb.org.br\/cnbb-app\/wp\/v2\/comments?post=25712"}],"version-history":[{"count":0,"href":"https:\/\/www.cnbb.org.br\/cnbb-app\/wp\/v2\/posts\/25712\/revisions"}],"wp:featuredmedia":[{"embeddable":true,"href":"https:\/\/www.cnbb.org.br\/cnbb-app\/wp\/v2\/media\/25713"}],"wp:attachment":[{"href":"https:\/\/www.cnbb.org.br\/cnbb-app\/wp\/v2\/media?parent=25712"}],"wp:term":[{"taxonomy":"category","embeddable":true,"href":"https:\/\/www.cnbb.org.br\/cnbb-app\/wp\/v2\/categories?post=25712"},{"taxonomy":"post_tag","embeddable":true,"href":"https:\/\/www.cnbb.org.br\/cnbb-app\/wp\/v2\/tags?post=25712"}],"curies":[{"name":"wp","href":"https:\/\/api.w.org\/{rel}","templated":true}]}}