{"id":25714,"date":"2014-04-22T00:00:00","date_gmt":"2014-04-22T03:00:00","guid":{"rendered":"https:\/\/www.cnbb.org.br\/reliquias-de-joao-paulo-ii-e-joao-xxiii-serao-expostas-na-catedral-de-maringa\/"},"modified":"2014-04-22T00:00:00","modified_gmt":"2014-04-22T03:00:00","slug":"reliquias-de-joao-paulo-ii-e-joao-xxiii-serao-expostas-na-catedral-de-maringa","status":"publish","type":"post","link":"https:\/\/www.cnbb.org.br\/reliquias-de-joao-paulo-ii-e-joao-xxiii-serao-expostas-na-catedral-de-maringa\/","title":{"rendered":"Rel\u00edquias de Jo\u00e3o Paulo II e Jo\u00e3o XXIII ser\u00e3o expostas na Catedral de Maring\u00e1"},"content":{"rendered":"<p style=\"text-align: justify\"><span style=\"line-height: 1.3em\"><span style=\"line-height: 1.3em\">Durante a Festa da Miseric\u00f3rdia, os fi\u00e9is da arquidiocese de Maring\u00e1 (PR) ter\u00e3o a oportunidade de venerar as rel\u00edquias dos papas \u00a0Jo\u00e3o XXIII e J<\/span><span style=\"line-height: 1.3em\">o\u00e3o Paulo II<\/span><span style=\"line-height: 1.3em\">. A Festa ter\u00e1 in\u00edcio dia 26 de abril, com adora\u00e7\u00e3o ao Sant\u00edssimo Sacramento, que prosseguir\u00e1 at\u00e9 \u00e0s 3 horas do dia 27, quando ser\u00e1 feita a entroniza\u00e7\u00e3o das rel\u00edquias dos papas, na Catedral Bas\u00edlia Menor\u00a0<\/span><span style=\"line-height: 1.3em\">\u00a0Menor Nossa Senhora da Gl\u00f3ria.<\/span><\/span><\/p>\n<p><!--more--><\/p>\n<p style=\"text-align: justify\">Ap\u00f3s a entroniza\u00e7\u00e3o das rel\u00edquias ainda haver\u00e1 programa\u00e7\u00e3o especial, com prega\u00e7\u00f5es, ter\u00e7o da miseric\u00f3rdia e adora\u00e7\u00e3o. \u00c0s 15h30, acontecer\u00e1 o encerramento da Festa da Miseric\u00f3rdia, com uma missa.<\/p>\n<p style=\"text-align: justify\">A Festa da Divina Miseric\u00f3rdia \u00e9 celebrada em todo o mundo no segundo domingo da P\u00e1scoa. A data foi institu\u00edda pelo papa Jo\u00e3o Paulo II.<\/p>\n<p style=\"text-align: justify\">Tamb\u00e9m no dia 27 de abril, ser\u00e1 realizada a cerim\u00f4nia de canoniza\u00e7\u00e3o de Jo\u00e3o XXIII e Jo\u00e3o Paulo II, presidida pelo papa Francisco.\u00a0<span style=\"line-height: 1.3em\"><br \/>\n<\/span><\/p>\n<p style=\"text-align: justify\">Jo\u00e3o XXIII foi beatificado por Jo\u00e3o Paulo II em 3 de setembro de 2000. Jo\u00e3o Paulo II descreveu Jo\u00e3o XXIII, durante homilia da beatifica\u00e7\u00e3o, como \u201co papa que comoveu o mundo pela afabilidade do seu trato, que refletia a singular bondade do seu cora\u00e7\u00e3o\u201d.<\/p>\n<p style=\"text-align: justify\">J\u00e1 Jo\u00e3o Paulo II faleceu em 2 de abril de 2005. Seis anos e um m\u00eas ap\u00f3s a sua morte, foi beatificado. O papa Bento XVI fixou a data da sua mem\u00f3ria lit\u00fargica no dia 22 de outubro.<\/p>\n<p style=\"text-align: justify\">\n<p style=\"text-align: justify\"><span style=\"font-size: xx-small\">Imagem: R\u00e1dio Vaticano<\/span><\/p>\n","protected":false},"excerpt":{"rendered":"<p>Durante a Festa da Miseric\u00f3rdia, os fi\u00e9is da arquidiocese de Maring\u00e1 (PR) ter\u00e3o a oportunidade de venerar as rel\u00edquias dos papas \u00a0Jo\u00e3o XXIII e Jo\u00e3o Paulo II. A Festa ter\u00e1 in\u00edcio dia 26 de abril, com adora\u00e7\u00e3o ao Sant\u00edssimo Sacramento, que prosseguir\u00e1 at\u00e9 \u00e0s 3 horas do dia 27, quando ser\u00e1 feita a entroniza\u00e7\u00e3o das &hellip;<\/p>\n<p class=\"read-more\"> <a class=\"\" href=\"https:\/\/www.cnbb.org.br\/reliquias-de-joao-paulo-ii-e-joao-xxiii-serao-expostas-na-catedral-de-maringa\/\"> <span class=\"screen-reader-text\">Rel\u00edquias de Jo\u00e3o Paulo II e Jo\u00e3o XXIII ser\u00e3o expostas na Catedral de Maring\u00e1<\/span> Leia mais &raquo;<\/a><\/p>\n","protected":false},"author":83,"featured_media":25715,"comment_status":"open","ping_status":"open","sticky":false,"template":"","format":"standard","meta":{"site-sidebar-layout":"default","site-content-layout":"default","ast-global-header-display":"","ast-banner-title-visibility":"","ast-main-header-display":"","ast-hfb-above-header-display":"","ast-hfb-below-header-display":"","ast-hfb-mobile-header-display":"","site-post-title":"","ast-breadcrumbs-content":"","ast-featured-img":"","footer-sml-layout":"","theme-transparent-header-meta":"","adv-header-id-meta":"","stick-header-meta":"","header-above-stick-meta":"","header-main-stick-meta":"","header-below-stick-meta":""},"categories":[769,781],"tags":[],"acf":[],"_links":{"self":[{"href":"https:\/\/www.cnbb.org.br\/cnbb-app\/wp\/v2\/posts\/25714"}],"collection":[{"href":"https:\/\/www.cnbb.org.br\/cnbb-app\/wp\/v2\/posts"}],"about":[{"href":"https:\/\/www.cnbb.org.br\/cnbb-app\/wp\/v2\/types\/post"}],"author":[{"embeddable":true,"href":"https:\/\/www.cnbb.org.br\/cnbb-app\/wp\/v2\/users\/83"}],"replies":[{"embeddable":true,"href":"https:\/\/www.cnbb.org.br\/cnbb-app\/wp\/v2\/comments?post=25714"}],"version-history":[{"count":0,"href":"https:\/\/www.cnbb.org.br\/cnbb-app\/wp\/v2\/posts\/25714\/revisions"}],"wp:featuredmedia":[{"embeddable":true,"href":"https:\/\/www.cnbb.org.br\/cnbb-app\/wp\/v2\/media\/25715"}],"wp:attachment":[{"href":"https:\/\/www.cnbb.org.br\/cnbb-app\/wp\/v2\/media?parent=25714"}],"wp:term":[{"taxonomy":"category","embeddable":true,"href":"https:\/\/www.cnbb.org.br\/cnbb-app\/wp\/v2\/categories?post=25714"},{"taxonomy":"post_tag","embeddable":true,"href":"https:\/\/www.cnbb.org.br\/cnbb-app\/wp\/v2\/tags?post=25714"}],"curies":[{"name":"wp","href":"https:\/\/api.w.org\/{rel}","templated":true}]}}