{"id":25716,"date":"2014-05-14T00:00:00","date_gmt":"2014-05-14T03:00:00","guid":{"rendered":"https:\/\/www.cnbb.org.br\/parana-tem-novas-arquieparquia-e-eparquia\/"},"modified":"2014-05-14T00:00:00","modified_gmt":"2014-05-14T03:00:00","slug":"parana-tem-novas-arquieparquia-e-eparquia","status":"publish","type":"post","link":"https:\/\/www.cnbb.org.br\/parana-tem-novas-arquieparquia-e-eparquia\/","title":{"rendered":"Paran\u00e1 tem novas arquieparquia e eparquia"},"content":{"rendered":"<p style=\"text-align: justify\"><span style=\"line-height: 1.3em\">Nesta quarta-feira, 14 de maio, o papa Francisco elevou a eparquia de S\u00e3o Jo\u00e3o Batista de Rito Ucraniano, em Curitiba (PR), \u00e0 condi\u00e7\u00e3o de arquieparquia metropolitana, e nomeou como primeiro arcieparca, dom Volodemer Koubetch.<\/span><\/p>\n<p><!--more--><\/p>\n<p style=\"text-align: justify\"><span style=\"line-height: 1.3em\">No mesmo dia, o papa criou a eparquia da Imaculada Concei\u00e7\u00e3o de Rito Ucraniano, em Prudent\u00f3polis (PR), e nomeou como eparca, dom Meron Mazur, at\u00e9 ent\u00e3o, bispo auxiliar da eparquia de Curitiba (PR).<\/span><\/p>\n<p style=\"text-align: justify\"><span style=\"line-height: 1.3em\">Eparquia \u00e9 uma tipologia adotada nas Igrejas Orientais Cat\u00f3licas, que corresponde ao conceito de diocese. A arquieparquia de S\u00e3o Jo\u00e3o Batista de Rito Ucraniano, em Curitiba, \u00e9 uma circunscri\u00e7\u00e3o eclesi\u00e1stica da Igreja Cat\u00f3lica para os fi\u00e9is de rito ucraniano de tradi\u00e7\u00e3o bizantina que moram no Brasil.<\/span><\/p>\n<p style=\"text-align: justify\"><strong><span style=\"line-height: 1.3em\">Sobre os nomeados<\/span><\/strong><\/p>\n<p style=\"text-align: justify\"><span style=\"line-height: 1.3em\">Dom Volodemer\u00a0tem 61 anos e nasceu na cidade de Mandagua\u00e7u, no Paran\u00e1. Estudou Filosofia e Teologia e foi ordenado sacerdote em 6 de dezembro de 1981. \u00c9 mestre em Teologia Moral pela Pontif\u00edcia Faculdade Nossa Senhora da Assun\u00e7\u00e3o (S\u00e3o Paulo) e doutor em Teologia Sistem\u00e1tica pela Pontif\u00edcia Universidade Cat\u00f3lica (Rio). Atualmente \u00e9 professor de \u00c9tica (Studium S\u00e3o Bas\u00edlio e Semin\u00e1rio Arquidiocesano) e de Teologia Moral (Studium Theologicum, Curitiba).<\/span><\/p>\n<p style=\"text-align: justify\"><span style=\"line-height: 1.3em\"><img decoding=\"async\" loading=\"lazy\" class=\" alignleft size-full wp-image-22298\" style=\"float: left\" src=\"https:\/\/www.cnbb.org.br\/wp-content\/uploads\/2020\/03\/00000Dom-Meron-Mazur-2.jpg\" width=\"135\" height=\"200\" border=\"0\" \/>Dom Meron Mazur nasceu em 5 de fevereiro de 1962, na cidade de Prudent\u00f3polis (PR). Obteve o doutorado em Ci\u00eancias da Educa\u00e7\u00e3o e, em 8 de setembro de 1990, foi ordenado sacerdote pertencente \u00e0 Ordem Basiliana de S\u00e3o Josaf\u00e1. No ano de 2005, foi nomeado bispo titular de Simittu e auxiliar de S\u00e3o Jo\u00e3o Batista em Curitiba, sendo sagrado em 26 de fevereiro de 2006.<\/span><\/p>\n","protected":false},"excerpt":{"rendered":"<p>Nesta quarta-feira, 14 de maio, o papa Francisco elevou a eparquia de S\u00e3o Jo\u00e3o Batista de Rito Ucraniano, em Curitiba (PR), \u00e0 condi\u00e7\u00e3o de arquieparquia metropolitana, e nomeou como primeiro arcieparca, dom Volodemer Koubetch.<\/p>\n","protected":false},"author":83,"featured_media":25717,"comment_status":"open","ping_status":"open","sticky":false,"template":"","format":"standard","meta":{"site-sidebar-layout":"default","site-content-layout":"default","ast-global-header-display":"","ast-banner-title-visibility":"","ast-main-header-display":"","ast-hfb-above-header-display":"","ast-hfb-below-header-display":"","ast-hfb-mobile-header-display":"","site-post-title":"","ast-breadcrumbs-content":"","ast-featured-img":"","footer-sml-layout":"","theme-transparent-header-meta":"","adv-header-id-meta":"","stick-header-meta":"","header-above-stick-meta":"","header-main-stick-meta":"","header-below-stick-meta":""},"categories":[769,781],"tags":[],"acf":[],"_links":{"self":[{"href":"https:\/\/www.cnbb.org.br\/cnbb-app\/wp\/v2\/posts\/25716"}],"collection":[{"href":"https:\/\/www.cnbb.org.br\/cnbb-app\/wp\/v2\/posts"}],"about":[{"href":"https:\/\/www.cnbb.org.br\/cnbb-app\/wp\/v2\/types\/post"}],"author":[{"embeddable":true,"href":"https:\/\/www.cnbb.org.br\/cnbb-app\/wp\/v2\/users\/83"}],"replies":[{"embeddable":true,"href":"https:\/\/www.cnbb.org.br\/cnbb-app\/wp\/v2\/comments?post=25716"}],"version-history":[{"count":0,"href":"https:\/\/www.cnbb.org.br\/cnbb-app\/wp\/v2\/posts\/25716\/revisions"}],"wp:featuredmedia":[{"embeddable":true,"href":"https:\/\/www.cnbb.org.br\/cnbb-app\/wp\/v2\/media\/25717"}],"wp:attachment":[{"href":"https:\/\/www.cnbb.org.br\/cnbb-app\/wp\/v2\/media?parent=25716"}],"wp:term":[{"taxonomy":"category","embeddable":true,"href":"https:\/\/www.cnbb.org.br\/cnbb-app\/wp\/v2\/categories?post=25716"},{"taxonomy":"post_tag","embeddable":true,"href":"https:\/\/www.cnbb.org.br\/cnbb-app\/wp\/v2\/tags?post=25716"}],"curies":[{"name":"wp","href":"https:\/\/api.w.org\/{rel}","templated":true}]}}