{"id":25720,"date":"2014-05-26T00:00:00","date_gmt":"2014-05-26T03:00:00","guid":{"rendered":"https:\/\/www.cnbb.org.br\/coordenadores-de-pastorais-sociais-participam-de-encontro-em-paranagua\/"},"modified":"2014-05-26T00:00:00","modified_gmt":"2014-05-26T03:00:00","slug":"coordenadores-de-pastorais-sociais-participam-de-encontro-em-paranagua","status":"publish","type":"post","link":"https:\/\/www.cnbb.org.br\/coordenadores-de-pastorais-sociais-participam-de-encontro-em-paranagua\/","title":{"rendered":"Coordenadores das Pastorais Sociais do Sul 2 encontram-se em Paranagu\u00e1"},"content":{"rendered":"<p style=\"text-align: justify\"><span style=\"line-height: 1.3em\">\u201cVida plena para todos\u201d foi o tema do 7\u00ba Encontro das Pastorais Sociais do Regional Sul 2 da Confer\u00eancia Nacional dos Bispos do Brasil (CNBB), ocorrido nos dias 24 e 25, no Santu\u00e1rio Nossa Senhora do Rocio, em Paranagu\u00e1 (PR). O evento reuniu 80 coordenadores das Pastorais Sociais e organismos e contou com a assessoria do padre Ari Ant\u00f4nio dos Reis, da Comiss\u00e3o Episcopal Pastoral <\/span><span style=\"line-height: 1.3em\">\u00a0para o Servi\u00e7o da Caridade, da Justi\u00e7a e da Paz da CNBB.\u00a0<\/span><span style=\"line-height: 1.3em\">Na ocasi\u00e3o, as lideran\u00e7as firmaram os trabalhos desenvolvidos no estado do Paran\u00e1.<br \/>\n<\/span><\/p>\n<p style=\"text-align: justify\">\n<p><!--more--><\/p>\n<p style=\"text-align: justify\"><span style=\"line-height: 1.3em\">Como gesto concreto do encontro, foi decidido que haver\u00e1 um curso para agentes das Pastorais Sociais em parceria com a Pontif\u00edcia Universidade Cat\u00f3lica do Paran\u00e1 (PUC-PR) sobre a Doutrina Social da Igreja, em tr\u00eas m\u00f3dulos a partir do primeiro semestre de 2015. Tamb\u00e9m foi aprovada a realiza\u00e7\u00e3o de uma A\u00e7\u00e3o Evangelizadora nas par\u00f3quias do Regional a fim de arrecadar recursos para ameniza\u00e7\u00e3o da fome no Haiti, como o t\u00edtulo \u201cFoi a mim que o fizestes\u201d.<\/span><\/p>\n<p style=\"text-align: justify\">O bispo de Paranagu\u00e1 (PR), dom Jo\u00e3o Alves dos Santos, participou do encontro e \u00a0presidiu \u00a0celebra\u00e7\u00e3o eucar\u00edstica. Dom Jo\u00e3o Alves destacou &#8220;o importante trabalho que os agentes das Pastorais Sociais realizam no contato direto com o povo pobre&#8221; e pediu que Nossa Senhora do Ros\u00e1rio do Rocio, Rainha e Padroeira do Paran\u00e1, envolva a todos com seu manto protetor.<\/p>\n<p style=\"text-align: justify\"><span style=\"line-height: 1.3em\">Os coordenadores das Pastorais Sociais tamb\u00e9m participaram de uma festa em que conheceram dan\u00e7as tradicionais e o \u201cbarreado\u201d, comida t\u00edpica da regi\u00e3o.<\/span><\/p>\n","protected":false},"excerpt":{"rendered":"<p>\u201cVida plena para todos\u201d foi o tema do 7\u00ba Encontro das Pastorais Sociais do Regional Sul 2 da Confer\u00eancia Nacional dos Bispos do Brasil (CNBB), ocorrido nos dias 24 e 25, no Santu\u00e1rio Nossa Senhora do Rocio, em Paranagu\u00e1 (PR). O evento reuniu 80 coordenadores das Pastorais Sociais e organismos e contou com a assessoria &hellip;<\/p>\n<p class=\"read-more\"> <a class=\"\" href=\"https:\/\/www.cnbb.org.br\/coordenadores-de-pastorais-sociais-participam-de-encontro-em-paranagua\/\"> <span class=\"screen-reader-text\">Coordenadores das Pastorais Sociais do Sul 2 encontram-se em Paranagu\u00e1<\/span> Leia mais &raquo;<\/a><\/p>\n","protected":false},"author":83,"featured_media":25721,"comment_status":"open","ping_status":"open","sticky":false,"template":"","format":"standard","meta":{"site-sidebar-layout":"default","site-content-layout":"default","ast-global-header-display":"","ast-banner-title-visibility":"","ast-main-header-display":"","ast-hfb-above-header-display":"","ast-hfb-below-header-display":"","ast-hfb-mobile-header-display":"","site-post-title":"","ast-breadcrumbs-content":"","ast-featured-img":"","footer-sml-layout":"","theme-transparent-header-meta":"","adv-header-id-meta":"","stick-header-meta":"","header-above-stick-meta":"","header-main-stick-meta":"","header-below-stick-meta":""},"categories":[769,781],"tags":[],"acf":[],"_links":{"self":[{"href":"https:\/\/www.cnbb.org.br\/cnbb-app\/wp\/v2\/posts\/25720"}],"collection":[{"href":"https:\/\/www.cnbb.org.br\/cnbb-app\/wp\/v2\/posts"}],"about":[{"href":"https:\/\/www.cnbb.org.br\/cnbb-app\/wp\/v2\/types\/post"}],"author":[{"embeddable":true,"href":"https:\/\/www.cnbb.org.br\/cnbb-app\/wp\/v2\/users\/83"}],"replies":[{"embeddable":true,"href":"https:\/\/www.cnbb.org.br\/cnbb-app\/wp\/v2\/comments?post=25720"}],"version-history":[{"count":0,"href":"https:\/\/www.cnbb.org.br\/cnbb-app\/wp\/v2\/posts\/25720\/revisions"}],"wp:featuredmedia":[{"embeddable":true,"href":"https:\/\/www.cnbb.org.br\/cnbb-app\/wp\/v2\/media\/25721"}],"wp:attachment":[{"href":"https:\/\/www.cnbb.org.br\/cnbb-app\/wp\/v2\/media?parent=25720"}],"wp:term":[{"taxonomy":"category","embeddable":true,"href":"https:\/\/www.cnbb.org.br\/cnbb-app\/wp\/v2\/categories?post=25720"},{"taxonomy":"post_tag","embeddable":true,"href":"https:\/\/www.cnbb.org.br\/cnbb-app\/wp\/v2\/tags?post=25720"}],"curies":[{"name":"wp","href":"https:\/\/api.w.org\/{rel}","templated":true}]}}