{"id":25724,"date":"2014-07-25T00:00:00","date_gmt":"2014-07-25T03:00:00","guid":{"rendered":"https:\/\/www.cnbb.org.br\/eleito-administrador-da-diocese-de-uniao-da-vitoria\/"},"modified":"2014-07-25T00:00:00","modified_gmt":"2014-07-25T03:00:00","slug":"eleito-administrador-da-diocese-de-uniao-da-vitoria","status":"publish","type":"post","link":"https:\/\/www.cnbb.org.br\/eleito-administrador-da-diocese-de-uniao-da-vitoria\/","title":{"rendered":"Eleito administrador da diocese de Uni\u00e3o da Vit\u00f3ria"},"content":{"rendered":"<p style=\"text-align: justify\">O Col\u00e9gio de Consultores da diocese de Uni\u00e3o da Vit\u00f3ria (PR) elegeu o padre Jos\u00e9 Levi Godoy como administrador diocesano durante o per\u00edodo de vac\u00e2ncia ocasionado pela transfer\u00eancia do bispo Jo\u00e3o Bosco Barbosa de Sousa para a diocese de Osasco (SP).<\/p>\n<p><!--more--><\/p>\n<p style=\"text-align: justify\">No \u00faltimo dia 22, padre Levy foi escolhido para representar a diocese diante da Santa S\u00e9 e da Confer\u00eancia Nacional dos Bispos do Brasil (CNBB), at\u00e9 que seja nomeado um novo bispo. O administrador diocesano \u00e9 ainda respons\u00e1vel por animar a viv\u00eancia pastoral, promovendo a unidade e incentivando a pr\u00e1tica da f\u00e9 na diocese.<\/p>\n<p style=\"text-align: justify\">Ordenado sacerdote em Uni\u00e3o da Vit\u00f3ria no ano de 1977, padre Jos\u00e9 Levi Godoy tem 61 anos e \u00e9 natural do munic\u00edpio de Mallet. Ele frequentou o Semin\u00e1rio Menor S\u00e3o Jos\u00e9, em Ponta Grossa; cursou Filosofia no Semin\u00e1rio Rainha dos Ap\u00f3stolos e Teologia, no Faculdade Claretiana \u201cStudium Theologicum\u201d, em Curitiba. O sacerdote \u00e9 licenciado em Teologia Moral pela Universidade Santo Tom\u00e1s de Aquino, em Roma. \u00c9 membro do Col\u00e9gio de Consultores e atual p\u00e1roco da par\u00f3quia S\u00e3o Joaquim e Senhora Sant\u2019Ana, em Paulo Frontin (PR).<\/p>\n","protected":false},"excerpt":{"rendered":"<p>O Col\u00e9gio de Consultores da diocese de Uni\u00e3o da Vit\u00f3ria (PR) elegeu o padre Jos\u00e9 Levi Godoy como administrador diocesano durante o per\u00edodo de vac\u00e2ncia ocasionado pela transfer\u00eancia do bispo Jo\u00e3o Bosco Barbosa de Sousa para a diocese de Osasco (SP).<\/p>\n","protected":false},"author":83,"featured_media":25725,"comment_status":"open","ping_status":"open","sticky":false,"template":"","format":"standard","meta":{"site-sidebar-layout":"default","site-content-layout":"default","ast-global-header-display":"","ast-banner-title-visibility":"","ast-main-header-display":"","ast-hfb-above-header-display":"","ast-hfb-below-header-display":"","ast-hfb-mobile-header-display":"","site-post-title":"","ast-breadcrumbs-content":"","ast-featured-img":"","footer-sml-layout":"","theme-transparent-header-meta":"","adv-header-id-meta":"","stick-header-meta":"","header-above-stick-meta":"","header-main-stick-meta":"","header-below-stick-meta":""},"categories":[769,781],"tags":[],"acf":[],"_links":{"self":[{"href":"https:\/\/www.cnbb.org.br\/cnbb-app\/wp\/v2\/posts\/25724"}],"collection":[{"href":"https:\/\/www.cnbb.org.br\/cnbb-app\/wp\/v2\/posts"}],"about":[{"href":"https:\/\/www.cnbb.org.br\/cnbb-app\/wp\/v2\/types\/post"}],"author":[{"embeddable":true,"href":"https:\/\/www.cnbb.org.br\/cnbb-app\/wp\/v2\/users\/83"}],"replies":[{"embeddable":true,"href":"https:\/\/www.cnbb.org.br\/cnbb-app\/wp\/v2\/comments?post=25724"}],"version-history":[{"count":0,"href":"https:\/\/www.cnbb.org.br\/cnbb-app\/wp\/v2\/posts\/25724\/revisions"}],"wp:featuredmedia":[{"embeddable":true,"href":"https:\/\/www.cnbb.org.br\/cnbb-app\/wp\/v2\/media\/25725"}],"wp:attachment":[{"href":"https:\/\/www.cnbb.org.br\/cnbb-app\/wp\/v2\/media?parent=25724"}],"wp:term":[{"taxonomy":"category","embeddable":true,"href":"https:\/\/www.cnbb.org.br\/cnbb-app\/wp\/v2\/categories?post=25724"},{"taxonomy":"post_tag","embeddable":true,"href":"https:\/\/www.cnbb.org.br\/cnbb-app\/wp\/v2\/tags?post=25724"}],"curies":[{"name":"wp","href":"https:\/\/api.w.org\/{rel}","templated":true}]}}