{"id":25728,"date":"2014-08-25T00:00:00","date_gmt":"2014-08-25T03:00:00","guid":{"rendered":"https:\/\/www.cnbb.org.br\/cardeal-aviz-participa-de-encontro-no-parana\/"},"modified":"2014-08-25T00:00:00","modified_gmt":"2014-08-25T03:00:00","slug":"cardeal-aviz-participa-de-encontro-no-parana","status":"publish","type":"post","link":"https:\/\/www.cnbb.org.br\/cardeal-aviz-participa-de-encontro-no-parana\/","title":{"rendered":"Cardeal Aviz participa de encontro no Paran\u00e1"},"content":{"rendered":"<p style=\"text-align: justify\">\n<p style=\"text-align: justify\"><span style=\"line-height: 1.3em\">A Confer\u00eancia dos Religiosos do Brasil do Paran\u00e1 (CRB-PR) receber\u00e1 nos pr\u00f3ximos dias o prefeito da Congrega\u00e7\u00e3o para os Institutos de Vida Consagrada e Sociedades de Vida Apost\u00f3lica do Vaticano, o cardeal brasileiro Jo\u00e3o Braz de Aviz. O encontro visa motivar as celebra\u00e7\u00f5es do Ano da Vida Consagrada, convocado pelo papa Francisco para 2015, e comemorar os 60 anos da CRB. O evento acontecer\u00e1 em Curitiba (PR), nos dias 28 e 29 de agosto.<\/span><\/p>\n<p><!--more--><\/p>\n<p style=\"text-align: justify\"><span style=\"line-height: 1.3em\">De acordo com o coordenador da CRB regional de Curitiba, padre Antonio Ramos de Moura Neto, ser\u00e1 um encontro \u201ccapaz de nos colocar em movimento e impelir a sair da autorreferencialidade para abrir-nos a Cristo e aos irm\u00e3os e irm\u00e3s\u201d. Ora\u00e7\u00f5es, testemunhos, di\u00e1logos, partilhas e palestras sobre a Vida Consagrada ap\u00f3s o Conc\u00edlio Vaticano II conduzir\u00e3o o evento, que tem como tema \u201cConsagrados (as) Alegrai-vos\u2026 fostes encontrados, alcan\u00e7ados e transformados pela Verdade que \u00e9 Cristo\u201d.<\/span><\/p>\n<p style=\"text-align: justify\">Al\u00e9m de dom Jo\u00e3o Braz de Aviz, o evento ter\u00e1 como assessores o doutor em Teologia e professor na Pontif\u00edcia Universidade Cat\u00f3lica do Paran\u00e1, frei Clodovis Boff, e o Abade do Mosteiro Trapista de Campo do Tenente (PR), dom Bernardo Bonowitz.<\/p>\n<p style=\"text-align: justify\">No primeiro dia do encontro, que tem atividades de 8h30 a 17h, haver\u00e1 uma sess\u00e3o \u00e0s 19h30 para os religiosos impossibilitados de participar durante o dia. A CRB do Paran\u00e1 tamb\u00e9m transmitir\u00e1 o encontro ao vivo pelo seu canal no YouTube. Acesso pelo link: http:\/\/youtu.be\/Jao8klTaKI4<\/p>\n<p style=\"text-align: justify\">\n<p style=\"text-align: justify\"><span style=\"line-height: 1.3em\">\u00a0<\/span><\/p>\n<p>&nbsp;<\/p>\n<p>&nbsp;<\/p>\n<p>&nbsp;<\/p>\n","protected":false},"excerpt":{"rendered":"<p>A Confer\u00eancia dos Religiosos do Brasil do Paran\u00e1 (CRB-PR) receber\u00e1 nos pr\u00f3ximos dias o prefeito da Congrega\u00e7\u00e3o para os Institutos de Vida Consagrada e Sociedades de Vida Apost\u00f3lica do Vaticano, o cardeal brasileiro Jo\u00e3o Braz de Aviz. O encontro visa motivar as celebra\u00e7\u00f5es do Ano da Vida Consagrada, convocado pelo papa Francisco para 2015, e &hellip;<\/p>\n<p class=\"read-more\"> <a class=\"\" href=\"https:\/\/www.cnbb.org.br\/cardeal-aviz-participa-de-encontro-no-parana\/\"> <span class=\"screen-reader-text\">Cardeal Aviz participa de encontro no Paran\u00e1<\/span> Leia mais &raquo;<\/a><\/p>\n","protected":false},"author":83,"featured_media":19662,"comment_status":"open","ping_status":"open","sticky":false,"template":"","format":"standard","meta":{"site-sidebar-layout":"default","site-content-layout":"default","ast-global-header-display":"","ast-banner-title-visibility":"","ast-main-header-display":"","ast-hfb-above-header-display":"","ast-hfb-below-header-display":"","ast-hfb-mobile-header-display":"","site-post-title":"","ast-breadcrumbs-content":"","ast-featured-img":"","footer-sml-layout":"","theme-transparent-header-meta":"","adv-header-id-meta":"","stick-header-meta":"","header-above-stick-meta":"","header-main-stick-meta":"","header-below-stick-meta":""},"categories":[769,781],"tags":[],"acf":[],"_links":{"self":[{"href":"https:\/\/www.cnbb.org.br\/cnbb-app\/wp\/v2\/posts\/25728"}],"collection":[{"href":"https:\/\/www.cnbb.org.br\/cnbb-app\/wp\/v2\/posts"}],"about":[{"href":"https:\/\/www.cnbb.org.br\/cnbb-app\/wp\/v2\/types\/post"}],"author":[{"embeddable":true,"href":"https:\/\/www.cnbb.org.br\/cnbb-app\/wp\/v2\/users\/83"}],"replies":[{"embeddable":true,"href":"https:\/\/www.cnbb.org.br\/cnbb-app\/wp\/v2\/comments?post=25728"}],"version-history":[{"count":0,"href":"https:\/\/www.cnbb.org.br\/cnbb-app\/wp\/v2\/posts\/25728\/revisions"}],"wp:featuredmedia":[{"embeddable":true,"href":"https:\/\/www.cnbb.org.br\/cnbb-app\/wp\/v2\/media\/19662"}],"wp:attachment":[{"href":"https:\/\/www.cnbb.org.br\/cnbb-app\/wp\/v2\/media?parent=25728"}],"wp:term":[{"taxonomy":"category","embeddable":true,"href":"https:\/\/www.cnbb.org.br\/cnbb-app\/wp\/v2\/categories?post=25728"},{"taxonomy":"post_tag","embeddable":true,"href":"https:\/\/www.cnbb.org.br\/cnbb-app\/wp\/v2\/tags?post=25728"}],"curies":[{"name":"wp","href":"https:\/\/api.w.org\/{rel}","templated":true}]}}