{"id":257303,"date":"2021-01-08T11:06:51","date_gmt":"2021-01-08T14:06:51","guid":{"rendered":"https:\/\/www.cnbb.org.br\/?p=257303"},"modified":"2021-01-08T11:07:18","modified_gmt":"2021-01-08T14:07:18","slug":"batizados-e-amados-por-deus","status":"publish","type":"post","link":"https:\/\/www.cnbb.org.br\/batizados-e-amados-por-deus\/","title":{"rendered":"Batizados e amados por Deus"},"content":{"rendered":"<p class=\"x_s3\" style=\"text-align: right;\"><strong>Dom Jos\u00e9 Gislon<\/strong><br \/>\n<strong>Bispo de Caxias do Sul (RS)<\/strong><\/p>\n<p>&nbsp;<\/p>\n<p class=\"x_s5\" dir=\"auto\" style=\"text-align: justify;\"><span class=\"x_s4\"><span class=\"x_bumpedFont15\">A Festa do Batismo do S<\/span><\/span><span class=\"x_s4\"><span class=\"x_bumpedFont15\">enhor \u00e9 uma grande oportunidade<\/span><\/span><span class=\"x_s4\"><span class=\"x_bumpedFont15\">\u00a0para tamb\u00e9m celebrarmos<\/span><\/span><span class=\"x_s4\"><span class=\"x_bumpedFont15\">,<\/span><\/span><span class=\"x_s4\"><span class=\"x_bumpedFont15\">\u00a0<\/span><\/span><span class=\"x_s4\"><span class=\"x_bumpedFont15\">espiritualmente<\/span><\/span><span class=\"x_s4\"><span class=\"x_bumpedFont15\">,<\/span><\/span><span class=\"x_s4\"><span class=\"x_bumpedFont15\">\u00a0<\/span><\/span><span class=\"x_s4\"><span class=\"x_bumpedFont15\">a gra\u00e7a do nosso Batismo. Atrav\u00e9s dele, assumimos uma nova identidade, marcada pela f\u00e9, que nos distingue, na sociedade e no mundo, como disc\u00edpulos e disc\u00edpulas do Senhor Jesus.<\/span><\/span><\/p>\n<p class=\"x_s5\" style=\"text-align: justify;\"><span class=\"x_s4\"><span class=\"x_bumpedFont15\">O profeta Isa\u00edas introduz a profecia, que ser\u00e1 cumprida no batismo de Jesus, com palavras de\u00a0<\/span><\/span><span class=\"x_s4\"><span class=\"x_bumpedFont15\">consola\u00e7\u00e3o que s\u00e3o sussurradas\u00a0<\/span><\/span><span class=\"x_s4\"><span class=\"x_bumpedFont15\">\u201cao cora\u00e7\u00e3o de Jerusal\u00e9m\u201d, mas que s\u00e3o tamb\u00e9m gritadas sem temor de \u201cum alto monte\u201d. Essa aparente contradi\u00e7\u00e3o entre o sussurro e o grito se deve ao fato que a consola\u00e7\u00e3o \u00e9 ao mesmo tempo um fato \u00edntimo e profundo que toca as cordas secretas do cora\u00e7\u00e3o, que cura os sofrimentos e as doen\u00e7as, mas tamb\u00e9m \u00e9 um f<\/span><\/span><span class=\"x_s4\"><span class=\"x_bumpedFont15\">ato p\u00fablico, que envolve o povo. N<\/span><\/span><span class=\"x_s4\"><span class=\"x_bumpedFont15\">\u00f3s n\u00e3o somos habituados \u00e0 linguagem da consola\u00e7\u00e3o<\/span><\/span><span class=\"x_s4\"><span class=\"x_bumpedFont15\">\u00a0do povo, mas a f\u00e9 \u00e9 iss<\/span><\/span><span class=\"x_s4\"><span class=\"x_bumpedFont15\">o! \u00c9 an\u00fa<\/span><\/span><span class=\"x_s4\"><span class=\"x_bumpedFont15\">ncio de um Deus que salva toda a humanidade, que guia a nossa hist\u00f3ria pessoal e do mundo atrav\u00e9s dos s\u00e9culos.\u00a0<\/span><\/span><\/p>\n<p class=\"x_s5\" style=\"text-align: justify;\"><span class=\"x_s4\"><span class=\"x_bumpedFont15\">No batismo de Jesus, Deus entrou na hist\u00f3ria que j\u00e1 lhe perte<\/span><\/span><span class=\"x_s4\"><span class=\"x_bumpedFont15\">ncia. E,<\/span><\/span><span class=\"x_s4\"><span class=\"x_bumpedFont15\">\u00a0atrav\u00e9s do nosso batismo, passamos a tomar parte da gra\u00e7a de Deus, marcados interiormente, no cora\u00e7\u00e3o<\/span><\/span><span class=\"x_s4\"><span class=\"x_bumpedFont15\">, pelo amor de Deus. Esse amor provoca uma mudan\u00e7a<\/span><\/span><span class=\"x_s4\"><span class=\"x_bumpedFont15\">\u00a0no modo de ver o mundo, as coisas e a realidade que est\u00e1 ao nosso redor.\u00a0<\/span><\/span><\/p>\n<p class=\"x_s5\" style=\"text-align: justify;\"><span class=\"x_s4\"><span class=\"x_bumpedFont15\">Somente assim poderemos entender porque o batismo \u00e9 um ponto de partida na vida de Cristo, mas tamb\u00e9m do crist\u00e3o. Por isso<\/span><\/span><span class=\"x_s4\"><span class=\"x_bumpedFont15\">,<\/span><\/span><span class=\"x_s4\"><span class=\"x_bumpedFont15\">\u00a0n\u00e3o devemos fechar o cora\u00e7\u00e3o ao agir da gra\u00e7a de Deus na nossa vida. Ela continua transformando o batizado durante toda a sua exist\u00ea<\/span><\/span><span class=\"x_s4\"><span class=\"x_bumpedFont15\">ncia, para torn\u00e1-lo\u00a0<\/span><\/span><span class=\"x_s4\"><span class=\"x_bumpedFont15\">um outro Cristo, capaz de sentir aquilo que ele sente, de escolher aquilo que ele escolhe, de amar aquilo que ele ama, de ter compaix\u00e3o pelo seu pr\u00f3ximo e viver a vida com esperan\u00e7a.<\/span><\/span><\/p>\n<p class=\"x_s5\" style=\"text-align: justify;\"><span class=\"x_s4\"><span class=\"x_bumpedFont15\">Segundo o texto do Evangelho de Lucas (<\/span><\/span><span class=\"x_s4\"><span class=\"x_bumpedFont15\">Lc<\/span><\/span><span class=\"x_s4\"><span class=\"x_bumpedFont15\">\u00a03,15-16.21-22), o povo que esperava uma resposta hist\u00f3rica, de f\u00e9<\/span><\/span><span class=\"x_s4\"><span class=\"x_bumpedFont15\">,<\/span><\/span><span class=\"x_s4\"><span class=\"x_bumpedFont15\">\u00a0da parte de Deus, diante dos feitos de Jo\u00e3o Batista, no \u00edntimo do cora\u00e7\u00e3o se perguntava: \u201cQuem \u00e9 este homem? N\u00e3o ser\u00e1 ele o Messias que deve vir? Porque viam nas atitudes de Jo\u00e3o Batista, cheio de zelo por Deus e de compaix\u00e3o pelo povo, um sinal dos novos tempos, que a profecia da vinda do Messias estava para ser realizada.<\/span><\/span><\/p>\n<p class=\"x_s5\" style=\"text-align: justify;\"><span class=\"x_s4\"><span class=\"x_bumpedFont15\">Jo\u00e3o Batista n\u00e3o fazia distin\u00e7\u00e3o de pessoas, atendia o povo simples, os soldados, os publicanos<\/span><\/span><span class=\"x_s4\"><span class=\"x_bumpedFont15\">\u00a0e at\u00e9 mesmo o poderoso Herodes<\/span><\/span><span class=\"x_s4\"><span class=\"x_bumpedFont15\">\u00a0o tinha em considera\u00e7\u00e3o. Ningu\u00e9m como ele foi capaz de esperar e desejar a salva\u00e7\u00e3o de\u00a0<\/span><\/span><span class=\"x_s4\"><span class=\"x_bumpedFont15\">todos. Mas ele n\u00e3o era o Cristo. E<\/span><\/span><span class=\"x_s4\"><span class=\"x_bumpedFont15\">\u00a0Jo\u00e3o<\/span><\/span><span class=\"x_s4\"><span class=\"x_bumpedFont15\">,<\/span><\/span><span class=\"x_s4\"><span class=\"x_bumpedFont15\">\u00a0consciente da sua miss\u00e3o, o anuncia \u00e0s mult<\/span><\/span><span class=\"x_s4\"><span class=\"x_bumpedFont15\">id\u00f5es, antes mesmo de o acolher,<\/span><\/span><span class=\"x_s4\"><span class=\"x_bumpedFont15\">\u00e0s margens do Rio Jord\u00e3o, onde ele estava, na fila com os pecadores, para receber o batismo de Jo\u00e3o.\u00a0<\/span><\/span><\/p>\n<p class=\"x_s5\" style=\"text-align: justify;\"><span class=\"x_s4\"><span class=\"x_bumpedFont15\">A manifesta\u00e7\u00e3o de Jesus como o Cristo n\u00e3o \u00e9 feita com sinais mirabolantes, mas na mansid\u00e3o de uma palavra de amor pro<\/span><\/span><span class=\"x_s4\"><span class=\"x_bumpedFont15\">nunciada pelo Pai, em resposta \u00e0<\/span><\/span><span class=\"x_s4\"><span class=\"x_bumpedFont15\">\u00a0ora\u00e7\u00e3o silenciosa do Filho. \u201cTu \u00e9s o meu Filho amado, em ti ponho o meu bem-querer\u201d. No\u00a0<\/span><\/span><span class=\"x_s4\"><span class=\"x_bumpedFont15\">Filho amado, todos os homens e mulheres s\u00e3o efetivamente salvos, porque amados e perdoados.\u00a0<\/span><\/span><\/p>\n<p class=\"x_s5\" style=\"text-align: justify;\"><span class=\"x_s4\"><span class=\"x_bumpedFont15\">No seu estar\u00a0<\/span><\/span><span class=\"x_s4\"><span class=\"x_bumpedFont15\">no meio de n\u00f3s, Jesus nos abre\u00a0<\/span><\/span><span class=\"x_s4\"><span class=\"x_bumpedFont15\">\u00e0<\/span><\/span><span class=\"x_s4\"><span class=\"x_bumpedFont15\">\u00a0esperan\u00e7a a partir do nosso interior, nos ensina o caminho da salva\u00e7\u00e3o, convidando-<\/span><\/span><span class=\"x_s4\"><span class=\"x_bumpedFont15\">nos a renascermos pela \u00e1gua do s<\/span><\/span><span class=\"x_s4\"><span class=\"x_bumpedFont15\">eio materno da Igreja e na humilde confiss\u00e3o dos nossos pecados. A fonte b<\/span><\/span><span class=\"x_s4\"><span class=\"x_bumpedFont15\">atismal que nos acolheu a todos<\/span><\/span><span class=\"x_s4\"><span class=\"x_bumpedFont15\">\u00a0foi o ventre da M<\/span><\/span><span class=\"x_s4\"><span class=\"x_bumpedFont15\">\u00e3e Igreja<\/span><\/span><span class=\"x_s4\"><span class=\"x_bumpedFont15\">,<\/span><\/span><span class=\"x_s4\"><span class=\"x_bumpedFont15\">\u00a0e o nosso batismo \u00e9 a experi\u00eancia de sermos gerados para De<\/span><\/span><span class=\"x_s4\"><span class=\"x_bumpedFont15\">us<\/span><\/span><span class=\"x_s4\"><span class=\"x_bumpedFont15\">\u00a0e participantes da mesma experi\u00eancia divina de Jesus. Tamb\u00e9m sobre n\u00f3s, no segredo da ora\u00e7\u00e3o que o Esp\u00edrito elevou ao Pai durante o nosso batismo, aconteceu o<\/span><\/span><span class=\"x_s4\"><span class=\"x_bumpedFont15\">\u00a0doce an\u00fa<\/span><\/span><span class=\"x_s4\"><span class=\"x_bumpedFont15\">ncio<\/span><\/span><span class=\"x_s4\"><span class=\"x_bumpedFont15\">:<\/span><\/span><span class=\"x_s4\"><span class=\"x_bumpedFont15\">\u00a0\u201cTu \u00e9s meu filho amado, tu \u00e9s minha filha amada\u201d. Cada vez que retornamos ao Pai, confirmamos a nossa filia\u00e7\u00e3o \u00e0 Igreja, que ser\u00e1 sempre e somente povo de Deus a caminho, em continuo processo<\/span><\/span><span class=\"x_s4\"><span class=\"x_bumpedFont15\">de convers\u00e3o, porque aberto \u00e0 gra\u00e7a e \u00e0<\/span><\/span><span class=\"x_s4\"><span class=\"x_bumpedFont15\">\u00a0miseric\u00f3rdia do Pai. Em ora\u00e7\u00e3o e com o cora\u00e7\u00e3o aberto, p<\/span><\/span><span class=\"x_s4\"><span class=\"x_bumpedFont15\">ara escutar em sil\u00eancio ou no j\u00fa<\/span><\/span><span class=\"x_s4\"><span class=\"x_bumpedFont15\">bilo a voz do Pai: \u201cEste \u00e9 o meu filho amado, esta \u00e9 minha filha amada\u201d.<\/span><\/span><\/p>\n","protected":false},"excerpt":{"rendered":"<p>Dom Jos\u00e9 Gislon Bispo de Caxias do Sul (RS) &nbsp; A Festa do Batismo do Senhor \u00e9 uma grande oportunidade\u00a0para tamb\u00e9m celebrarmos,\u00a0espiritualmente,\u00a0a gra\u00e7a do nosso Batismo. Atrav\u00e9s dele, assumimos uma nova identidade, marcada pela f\u00e9, que nos distingue, na sociedade e no mundo, como disc\u00edpulos e disc\u00edpulas do Senhor Jesus. O profeta Isa\u00edas introduz a &hellip;<\/p>\n<p class=\"read-more\"> <a class=\"\" href=\"https:\/\/www.cnbb.org.br\/batizados-e-amados-por-deus\/\"> <span class=\"screen-reader-text\">Batizados e amados por Deus<\/span> Leia mais &raquo;<\/a><\/p>\n","protected":false},"author":20,"featured_media":0,"comment_status":"open","ping_status":"open","sticky":false,"template":"","format":"standard","meta":{"site-sidebar-layout":"default","site-content-layout":"default","ast-global-header-display":"","ast-banner-title-visibility":"","ast-main-header-display":"","ast-hfb-above-header-display":"","ast-hfb-below-header-display":"","ast-hfb-mobile-header-display":"","site-post-title":"","ast-breadcrumbs-content":"","ast-featured-img":"","footer-sml-layout":"","theme-transparent-header-meta":"default","adv-header-id-meta":"","stick-header-meta":"","header-above-stick-meta":"","header-main-stick-meta":"","header-below-stick-meta":""},"categories":[758,1837],"tags":[],"acf":[],"_links":{"self":[{"href":"https:\/\/www.cnbb.org.br\/cnbb-app\/wp\/v2\/posts\/257303"}],"collection":[{"href":"https:\/\/www.cnbb.org.br\/cnbb-app\/wp\/v2\/posts"}],"about":[{"href":"https:\/\/www.cnbb.org.br\/cnbb-app\/wp\/v2\/types\/post"}],"author":[{"embeddable":true,"href":"https:\/\/www.cnbb.org.br\/cnbb-app\/wp\/v2\/users\/20"}],"replies":[{"embeddable":true,"href":"https:\/\/www.cnbb.org.br\/cnbb-app\/wp\/v2\/comments?post=257303"}],"version-history":[{"count":0,"href":"https:\/\/www.cnbb.org.br\/cnbb-app\/wp\/v2\/posts\/257303\/revisions"}],"wp:attachment":[{"href":"https:\/\/www.cnbb.org.br\/cnbb-app\/wp\/v2\/media?parent=257303"}],"wp:term":[{"taxonomy":"category","embeddable":true,"href":"https:\/\/www.cnbb.org.br\/cnbb-app\/wp\/v2\/categories?post=257303"},{"taxonomy":"post_tag","embeddable":true,"href":"https:\/\/www.cnbb.org.br\/cnbb-app\/wp\/v2\/tags?post=257303"}],"curies":[{"name":"wp","href":"https:\/\/api.w.org\/{rel}","templated":true}]}}