{"id":25739,"date":"2014-12-10T00:00:00","date_gmt":"2014-12-10T02:00:00","guid":{"rendered":"https:\/\/www.cnbb.org.br\/diocese-de-apucarana-celebra-jubileu-de-ouro\/"},"modified":"2014-12-10T00:00:00","modified_gmt":"2014-12-10T02:00:00","slug":"diocese-de-apucarana-celebra-jubileu-de-ouro","status":"publish","type":"post","link":"https:\/\/www.cnbb.org.br\/diocese-de-apucarana-celebra-jubileu-de-ouro\/","title":{"rendered":"Diocese de Apucarana celebra Jubileu de Ouro"},"content":{"rendered":"<p style=\"text-align: justify\"><span style=\"line-height: 1.3em\">Os 50 anos de cria\u00e7\u00e3o da diocese de Apucarana (PR) j\u00e1 est\u00e3o sendo comemorados na regi\u00e3o. No dia 28 de novembro, a data foi celebrada em diversos eventos, antecedida por um Tr\u00edduo de celebra\u00e7\u00f5es nas 65 par\u00f3quias da diocese. Na noite festiva, o bispo diocesano, dom Celso Marchiori, presidiu uma solene eucar\u00edstica na Catedral diocesana, reunindo crist\u00e3os leigos, religiosos, representantes de todas as par\u00f3quias e comunidades diaconais, das pastorais e movimentos.<\/span><\/p>\n<p><!--more--><\/p>\n<p style=\"text-align: justify\"><span style=\"line-height: 1.3em\">Em sua homilia, dom Celso recordou a homilia de posse do primeiro bispo local, dom Romeu Alberti, e agradeceu a Deus pela oportunidade de ser o bispo diocesano nesse momento jubilar. Ele renovou com gratid\u00e3o o compromisso de fidelidade ao Senhor a com a miss\u00e3o.<\/span><\/p>\n<p style=\"text-align: justify\">Tamb\u00e9m em comemora\u00e7\u00e3o ao momento, a diocese enviou os jovens Jos\u00e9 Eduardo Ba\u00fa e Adilson Novaes para uma miss\u00e3o na regi\u00e3o amaz\u00f4nica. Os jovens mission\u00e1rios foram \u00e0 diocese de Coari e Parintins, no Amazonas.<\/p>\n<p style=\"text-align: justify\">As Santas Miss\u00f5es Populares e celebra\u00e7\u00f5es dos 50 anos do Conc\u00edlio Vaticano II t\u00eam sido outras formas de viv\u00eancia do ano jubilar na diocese. Ao longo do ano, houve encontros formativos para lideran\u00e7as paroquiais e eventos de reflex\u00e3o. No pr\u00f3ximo ano, ser\u00e1 realizado novamente o projeto de visita a todas as fam\u00edlias da diocese.<\/p>\n<p style=\"text-align: justify\">A grande celebra\u00e7\u00e3o do ano jubilar da diocese de Apucarana ser\u00e1 realizada em 28 de mar\u00e7o de 2015, dia em que se comemora a instala\u00e7\u00e3o da diocese e a chegada do primeiro bispo \u00e0 regi\u00e3o. O lema escolhido para as comemora\u00e7\u00f5es \u00e9 \u201cIgreja, povo de Deus, que anuncia, celebra e partilha\u201d, com inspira\u00e7\u00e3o b\u00edblica em \u201cide, eis que eu vos envio&#8230;\u201d (Lc 10,3).<\/p>\n<p style=\"text-align: justify\"><strong>Hist\u00f3ria<\/strong><\/p>\n<p style=\"text-align: justify\">A diocese de Apucarana foi criada em 28 de novembro de 1964 pela Bula <em>Ad maiorem dominici gregis<\/em>, do papa Paulo VI, sendo desmembrada da diocese de Londrina e da diocese de Campo Mour\u00e3o. Atualmente, \u00e9 organizada em sete regi\u00f5es pastorais, chamadas decanatos. Ao total, possui 65 par\u00f3quias e conta com 86 presb\u00edteros e 105 di\u00e1conos permanentes. O primeiro bispo diocesano foi dom Romeu Alberti, que esteve \u00e0 frente da diocese entre 1965 e 1982, sendo sucedido por dom Domingos Gabriel, de 1983 a 2005. Dom Luiz Vincenzo Bernertti assumiu em 2005 e permaneceu at\u00e9 2009, quando tomou posse dom Celso Marchori, atual pastor da diocese.<\/p>\n<p style=\"text-align: justify\"><span style=\"font-size: xx-small\"><em><strong>Com informa\u00e7\u00f5es da diocese de Apucarana<\/strong><\/em><\/span><\/p>\n<p>&nbsp;<\/p>\n<p>&nbsp;<\/p>\n<p>&nbsp;<\/p>\n","protected":false},"excerpt":{"rendered":"<p>Os 50 anos de cria\u00e7\u00e3o da diocese de Apucarana (PR) j\u00e1 est\u00e3o sendo comemorados na regi\u00e3o. No dia 28 de novembro, a data foi celebrada em diversos eventos, antecedida por um Tr\u00edduo de celebra\u00e7\u00f5es nas 65 par\u00f3quias da diocese. Na noite festiva, o bispo diocesano, dom Celso Marchiori, presidiu uma solene eucar\u00edstica na Catedral diocesana, &hellip;<\/p>\n<p class=\"read-more\"> <a class=\"\" href=\"https:\/\/www.cnbb.org.br\/diocese-de-apucarana-celebra-jubileu-de-ouro\/\"> <span class=\"screen-reader-text\">Diocese de Apucarana celebra Jubileu de Ouro<\/span> Leia mais &raquo;<\/a><\/p>\n","protected":false},"author":83,"featured_media":25740,"comment_status":"open","ping_status":"open","sticky":false,"template":"","format":"standard","meta":{"site-sidebar-layout":"default","site-content-layout":"default","ast-global-header-display":"","ast-banner-title-visibility":"","ast-main-header-display":"","ast-hfb-above-header-display":"","ast-hfb-below-header-display":"","ast-hfb-mobile-header-display":"","site-post-title":"","ast-breadcrumbs-content":"","ast-featured-img":"","footer-sml-layout":"","theme-transparent-header-meta":"","adv-header-id-meta":"","stick-header-meta":"","header-above-stick-meta":"","header-main-stick-meta":"","header-below-stick-meta":""},"categories":[769,781],"tags":[],"acf":[],"_links":{"self":[{"href":"https:\/\/www.cnbb.org.br\/cnbb-app\/wp\/v2\/posts\/25739"}],"collection":[{"href":"https:\/\/www.cnbb.org.br\/cnbb-app\/wp\/v2\/posts"}],"about":[{"href":"https:\/\/www.cnbb.org.br\/cnbb-app\/wp\/v2\/types\/post"}],"author":[{"embeddable":true,"href":"https:\/\/www.cnbb.org.br\/cnbb-app\/wp\/v2\/users\/83"}],"replies":[{"embeddable":true,"href":"https:\/\/www.cnbb.org.br\/cnbb-app\/wp\/v2\/comments?post=25739"}],"version-history":[{"count":0,"href":"https:\/\/www.cnbb.org.br\/cnbb-app\/wp\/v2\/posts\/25739\/revisions"}],"wp:featuredmedia":[{"embeddable":true,"href":"https:\/\/www.cnbb.org.br\/cnbb-app\/wp\/v2\/media\/25740"}],"wp:attachment":[{"href":"https:\/\/www.cnbb.org.br\/cnbb-app\/wp\/v2\/media?parent=25739"}],"wp:term":[{"taxonomy":"category","embeddable":true,"href":"https:\/\/www.cnbb.org.br\/cnbb-app\/wp\/v2\/categories?post=25739"},{"taxonomy":"post_tag","embeddable":true,"href":"https:\/\/www.cnbb.org.br\/cnbb-app\/wp\/v2\/tags?post=25739"}],"curies":[{"name":"wp","href":"https:\/\/api.w.org\/{rel}","templated":true}]}}