{"id":25751,"date":"2015-03-26T00:00:00","date_gmt":"2015-03-26T03:00:00","guid":{"rendered":"https:\/\/www.cnbb.org.br\/dom-mauro-aparecido-e-reconduzido-a-presidencia-do-regional-sul-2\/"},"modified":"2015-03-26T00:00:00","modified_gmt":"2015-03-26T03:00:00","slug":"dom-mauro-aparecido-e-reconduzido-a-presidencia-do-regional-sul-2","status":"publish","type":"post","link":"https:\/\/www.cnbb.org.br\/dom-mauro-aparecido-e-reconduzido-a-presidencia-do-regional-sul-2\/","title":{"rendered":"Dom Mauro Aparecido \u00e9 reconduzido \u00e0 presid\u00eancia do regional Sul 2"},"content":{"rendered":"<p style=\"text-align: justify\">\n<p style=\"text-align: justify\"><span style=\"font-size: 12.1599998474121px;line-height: 1.3em\">Reunidos em Apucarana (PR), os bispos do Paran\u00e1 reelegeram nesta quinta-feira, dia 26, durante Assembleia, o arcebispo de Cascavel (PR), dom Mauro Aparecido dos Santos (centro), e o bispo de Paranava\u00ed (PR), dom Geremias Steinmetz (esquerda), para a presid\u00eancia e vice-presid\u00eancia, respectivamente, do regional Sul 2 da Confer\u00eancia Nacional dos Bispos do Brasil (CNBB).<\/span><\/p>\n<p>  <!--more-->  <\/p>\n<p style=\"text-align: justify\">\u00a0<span style=\"font-size: 12.1599998474121px;line-height: 1.3em\">O bispo de S\u00e3o Jos\u00e9 dos Pinhais (PR), dom Francisco Carlos Bach <\/span>(direita)<span style=\"font-size: 12.1599998474121px;line-height: 1.3em\">, ser\u00e1 o novo secret\u00e1rio, substituindo o bispo auxiliar de Curitiba (PR), dom Rafael Biernaski. O atual secret\u00e1rio executivo, padre M\u00e1rio Spaki, tamb\u00e9m continuar\u00e1 na fun\u00e7\u00e3o. A nova presid\u00eancia do regional atuar\u00e1 no quadri\u00eanio de 2015 a 2019.<\/span><\/p>\n<p style=\"text-align: justify\">Al\u00e9m da elei\u00e7\u00e3o da presid\u00eancia, os bispos do regional Sul 2 trataram de assuntos relativos \u00e0 Igreja no Paran\u00e1 e participam das celebra\u00e7\u00f5es do Jubileu de Ouro da diocese de Apucarana.<\/p>\n<p style=\"text-align: justify\"><img decoding=\"async\" loading=\"lazy\" class=\" alignright size-full wp-image-25290\" src=\"https:\/\/www.cnbb.org.br\/wp-content\/uploads\/2020\/03\/Cardeal-Joo-Braz-de-Aviz-Apuracarana-350x300-1.jpg\" border=\"0\" alt=\"\" width=\"181\" height=\"155\" align=\"right\" \/>O prefeito da Congrega\u00e7\u00e3o para os Institutos de Vida Consagrada e Sociedades de Vida Apost\u00f3lica do Vaticano, cardeal Jo\u00e3o Braz de Aviz, est\u00e1 na diocese para as comemora\u00e7\u00f5es. Ele fez parte do clero diocesano at\u00e9 1994, quando foi eleito bispo auxiliar de Vit\u00f3ria (ES). Em sua programa\u00e7\u00e3o est\u00e1 um encontro com religiosos e religiosas de Prov\u00edncia Eclesi\u00e1stica de Londrina (PR), que acontecer\u00e1 na sexta-feira, dia 27, em Arapongas (PR), no Santu\u00e1rio Nossa Senhora Aparecida.<\/p>\n<p style=\"text-align: justify\">O presidente e o vice do regional ser\u00e3o os membros que participar\u00e3o das reuni\u00f5es do Conselho Permanente da CNBB, em Bras\u00edlia. A assembleia tamb\u00e9m escolheu os membros representantes das prov\u00edncias para a Comiss\u00e3o Episcopal de Pastoral das prov\u00edncias eclesi\u00e1sticas do regional e tr\u00eas membros para o Conselho Fiscal:<\/p>\n<p style=\"text-align: justify\"><strong>Representantes das prov\u00edncias para a Comiss\u00e3o Episcopal de Pastoral:<\/strong><\/p>\n<p>\u2013 Prov\u00edncia de Curitiba (PR): dom Jos\u00e9 Ant\u00f4nio Peruzzo<br \/> \u2013 Prov\u00edncia de Londrina (PR): dom Jo\u00e3o Manoel Francisco<br \/> \u2013 Prov\u00edncia de Maring\u00e1 (PR): dom Anuar Battisti<br \/> \u2013 Prov\u00edncia de Cascavel (PR): dom Dirceu Vegini<\/p>\n<p><strong>Membros para o Conselho Fiscal:<\/strong><\/p>\n<p>\u2013 Dom S\u00e9rgio Arthur Braschi,<br \/> \u2013 Dom Orlando Brandes<br \/> \u2013 Dom Celso Marchiori<\/p>\n<p>\u00a0<\/p>\n<h5>Com informa\u00e7\u00f5es e fotografia do regional Sul 2 da CNBB<\/h5>\n<p>\u00a0<\/p>\n<p>\u00a0<\/p>\n<p>\u00a0<\/p>\n","protected":false},"excerpt":{"rendered":"<p>Reunidos em Apucarana (PR), os bispos do Paran\u00e1 reelegeram nesta quinta-feira, dia 26, durante Assembleia, o arcebispo de Cascavel (PR), dom Mauro Aparecido dos Santos (centro), e o bispo de Paranava\u00ed (PR), dom Geremias Steinmetz (esquerda), para a presid\u00eancia e vice-presid\u00eancia, respectivamente, do regional Sul 2 da Confer\u00eancia Nacional dos Bispos do Brasil (CNBB).<\/p>\n","protected":false},"author":83,"featured_media":25752,"comment_status":"open","ping_status":"open","sticky":false,"template":"","format":"standard","meta":{"site-sidebar-layout":"default","site-content-layout":"default","ast-global-header-display":"","ast-banner-title-visibility":"","ast-main-header-display":"","ast-hfb-above-header-display":"","ast-hfb-below-header-display":"","ast-hfb-mobile-header-display":"","site-post-title":"","ast-breadcrumbs-content":"","ast-featured-img":"","footer-sml-layout":"","theme-transparent-header-meta":"","adv-header-id-meta":"","stick-header-meta":"","header-above-stick-meta":"","header-main-stick-meta":"","header-below-stick-meta":""},"categories":[769,781],"tags":[],"acf":[],"_links":{"self":[{"href":"https:\/\/www.cnbb.org.br\/cnbb-app\/wp\/v2\/posts\/25751"}],"collection":[{"href":"https:\/\/www.cnbb.org.br\/cnbb-app\/wp\/v2\/posts"}],"about":[{"href":"https:\/\/www.cnbb.org.br\/cnbb-app\/wp\/v2\/types\/post"}],"author":[{"embeddable":true,"href":"https:\/\/www.cnbb.org.br\/cnbb-app\/wp\/v2\/users\/83"}],"replies":[{"embeddable":true,"href":"https:\/\/www.cnbb.org.br\/cnbb-app\/wp\/v2\/comments?post=25751"}],"version-history":[{"count":0,"href":"https:\/\/www.cnbb.org.br\/cnbb-app\/wp\/v2\/posts\/25751\/revisions"}],"wp:featuredmedia":[{"embeddable":true,"href":"https:\/\/www.cnbb.org.br\/cnbb-app\/wp\/v2\/media\/25752"}],"wp:attachment":[{"href":"https:\/\/www.cnbb.org.br\/cnbb-app\/wp\/v2\/media?parent=25751"}],"wp:term":[{"taxonomy":"category","embeddable":true,"href":"https:\/\/www.cnbb.org.br\/cnbb-app\/wp\/v2\/categories?post=25751"},{"taxonomy":"post_tag","embeddable":true,"href":"https:\/\/www.cnbb.org.br\/cnbb-app\/wp\/v2\/tags?post=25751"}],"curies":[{"name":"wp","href":"https:\/\/api.w.org\/{rel}","templated":true}]}}