{"id":257568,"date":"2021-02-15T07:00:34","date_gmt":"2021-02-15T10:00:34","guid":{"rendered":"https:\/\/www.cnbb.org.br\/?p=257568"},"modified":"2021-02-15T11:18:12","modified_gmt":"2021-02-15T14:18:12","slug":"em-tempo-de-pandemia-vaticano-muda-o-rito-de-imposicao-das-cinzas-no-inicio-da-quaresma","status":"publish","type":"post","link":"https:\/\/www.cnbb.org.br\/em-tempo-de-pandemia-vaticano-muda-o-rito-de-imposicao-das-cinzas-no-inicio-da-quaresma\/","title":{"rendered":"Rito de imposi\u00e7\u00e3o das Cinzas que marca o in\u00edcio da Quaresma ser\u00e1 diferente por conta da pandemia"},"content":{"rendered":"<div class=\"article__text \">\n<p style=\"text-align: justify;\">A situa\u00e7\u00e3o de sa\u00fade causada pela crise pand\u00eamica do coronav\u00edrus continua exigindo uma s\u00e9rie de aten\u00e7\u00f5es que tamb\u00e9m se refletem em \u00e2mbito lit\u00fargico. Tendo em vista o in\u00edcio da Quaresma deste ano, na pr\u00f3xima quarta-feira 17 de fevereiro, a Congrega\u00e7\u00e3o para o Culto Divino e a Disciplina dos Sacramentos da Santa S\u00e9 publicou, dia 12 de janeiro, em seu site as disposi\u00e7\u00f5es a serem seguidas pelos celebrantes no rito de imposi\u00e7\u00e3o das Cinzas.<\/p>\n<p style=\"text-align: justify;\">\u201cFeita a ora\u00e7\u00e3o de b\u00ean\u00e7\u00e3o das cinzas e depois de as ter aspergido com \u00e1gua benta sem dizer nada &#8211; precisa a nota -, o sacerdote, voltado para os presentes, diz uma s\u00f3 vez para todos a f\u00f3rmula que se encontra no Missal Romano: \u2018Convertei-vos e acreditai no Evangelho\u2019, ou \u2018Lembra-te que \u00e9s p\u00f3 da terra e \u00e0 terra voltar\u00e1s\u2019.\u201d<\/p>\n<p style=\"text-align: justify;\">Depois, prossegue a nota, \u201co sacerdote lava as m\u00e3os, coloca a m\u00e1scara protegendo o nariz e aboca, e imp\u00f5e as cinzas a todos os presentes que se aproximam dele, ou, se for mais conveniente, aproxima-se ele do lugar daqueles que est\u00e3o de p\u00e9. O sacerdote pega nas cinzas e deixa-as cair sobre a cabe\u00e7a de cada um, sem dizer nada\u201d.<\/p>\n<p style=\"text-align: justify;\">\u00c0s estas orienta\u00e7\u00f5es da Santa S\u00e9, deve-se acrescentar a observa\u00e7\u00e3o das regras e medidas sanit\u00e1rias adotadas por cada diocese, arquidiocese e comunidade da Igreja no Brasil a partir de seu contexto espec\u00edfico.<\/p>\n<pre>Com foto de celebra\u00e7\u00e3o no Santu\u00e1rio de Aparecida (SP) do <a href=\"https:\/\/www.a12.com\/santuario\/noticias\/santuario-celebra-o-inicio-do-tempo-da-quaresmal-a-grande-escola-de-jesus\" target=\"_blank\" rel=\"noopener\">portal A1<\/a>2 e informa\u00e7\u00f5es <a href=\"https:\/\/www.vaticannews.va\/pt\/vaticano\/news\/2021-01\/congregacao-culto-divino-modificado-rito-cinzas-tempo-pandemia.html\" target=\"_blank\" rel=\"noopener\">VaticanNews<\/a><\/pre>\n<p>&nbsp;<\/p>\n<\/div>\n","protected":false},"excerpt":{"rendered":"<p>A situa\u00e7\u00e3o de sa\u00fade causada pela crise pand\u00eamica do coronav\u00edrus continua exigindo uma s\u00e9rie de aten\u00e7\u00f5es que tamb\u00e9m se refletem em \u00e2mbito lit\u00fargico. Tendo em vista o in\u00edcio da Quaresma deste ano, na pr\u00f3xima quarta-feira 17 de fevereiro, a Congrega\u00e7\u00e3o para o Culto Divino e a Disciplina dos Sacramentos publicou em seu site as disposi\u00e7\u00f5es a serem seguidas pelos celebrantes no rito de imposi\u00e7\u00e3o das Cinzas<\/p>\n","protected":false},"author":83,"featured_media":257576,"comment_status":"open","ping_status":"open","sticky":false,"template":"","format":"standard","meta":{"site-sidebar-layout":"default","site-content-layout":"default","ast-global-header-display":"","ast-banner-title-visibility":"","ast-main-header-display":"","ast-hfb-above-header-display":"","ast-hfb-below-header-display":"","ast-hfb-mobile-header-display":"","site-post-title":"","ast-breadcrumbs-content":"","ast-featured-img":"","footer-sml-layout":"","theme-transparent-header-meta":"default","adv-header-id-meta":"","stick-header-meta":"","header-above-stick-meta":"","header-main-stick-meta":"","header-below-stick-meta":""},"categories":[50],"tags":[1730,3297,2557],"acf":[],"_links":{"self":[{"href":"https:\/\/www.cnbb.org.br\/cnbb-app\/wp\/v2\/posts\/257568"}],"collection":[{"href":"https:\/\/www.cnbb.org.br\/cnbb-app\/wp\/v2\/posts"}],"about":[{"href":"https:\/\/www.cnbb.org.br\/cnbb-app\/wp\/v2\/types\/post"}],"author":[{"embeddable":true,"href":"https:\/\/www.cnbb.org.br\/cnbb-app\/wp\/v2\/users\/83"}],"replies":[{"embeddable":true,"href":"https:\/\/www.cnbb.org.br\/cnbb-app\/wp\/v2\/comments?post=257568"}],"version-history":[{"count":0,"href":"https:\/\/www.cnbb.org.br\/cnbb-app\/wp\/v2\/posts\/257568\/revisions"}],"wp:featuredmedia":[{"embeddable":true,"href":"https:\/\/www.cnbb.org.br\/cnbb-app\/wp\/v2\/media\/257576"}],"wp:attachment":[{"href":"https:\/\/www.cnbb.org.br\/cnbb-app\/wp\/v2\/media?parent=257568"}],"wp:term":[{"taxonomy":"category","embeddable":true,"href":"https:\/\/www.cnbb.org.br\/cnbb-app\/wp\/v2\/categories?post=257568"},{"taxonomy":"post_tag","embeddable":true,"href":"https:\/\/www.cnbb.org.br\/cnbb-app\/wp\/v2\/tags?post=257568"}],"curies":[{"name":"wp","href":"https:\/\/api.w.org\/{rel}","templated":true}]}}