{"id":25761,"date":"2015-07-28T00:00:00","date_gmt":"2015-07-28T03:00:00","guid":{"rendered":"https:\/\/www.cnbb.org.br\/regional-sul-2-recebe-inscricoes-para-encontro-de-comunicadores\/"},"modified":"2015-07-28T00:00:00","modified_gmt":"2015-07-28T03:00:00","slug":"regional-sul-2-recebe-inscricoes-para-encontro-de-comunicadores","status":"publish","type":"post","link":"https:\/\/www.cnbb.org.br\/regional-sul-2-recebe-inscricoes-para-encontro-de-comunicadores\/","title":{"rendered":"Regional Sul 2 recebe inscri\u00e7\u00f5es para encontro de comunicadores"},"content":{"rendered":"<p style=\"text-align: justify\"><span style=\"font-size: 12.1599998474121px;line-height: 1.3em\">A fim de dar continuidade ao trabalho e melhorar cada vez a articula\u00e7\u00e3o da comunica\u00e7\u00e3o, o regional Sul 2 da Confer\u00eancia Nacional dos Bispos do Brasil (CNBB) ir\u00e1 promover o 5\u00ba Encontro dos Coordenadores Diocesanos da Pastoral da Comunica\u00e7\u00e3o (Pascom) e o 1\u00ba Encontro de Jornalistas das dioceses, regionais, pastorais e organismos do regional. O evento acontecer\u00e1 nos dias 29 e 30 de agosto, em Maring\u00e1 (PR).<\/span><\/p>\n<p>  <!--more-->  <\/p>\n<p style=\"text-align: justify\">No encontro ser\u00e3o abordados assuntos referentes ao primeiro Mutir\u00e3o Regional de Comunica\u00e7\u00e3o, previsto para outubro. Al\u00e9m disso, ser\u00e1 um momento de troca de experi\u00eancias sobre a Pascom nas arquidioceses e dioceses do regional. Haver\u00e1 tamb\u00e9m uma breve avalia\u00e7\u00e3o da participa\u00e7\u00e3o do regional Sul 2 no 9\u00ba Mutir\u00e3o de Comunica\u00e7\u00e3o (Muticom) Nacional; conversa com jornalistas que atuam junto ao regional sobre a Pascom e as assessorias, visando potencializar a comunica\u00e7\u00e3o.<\/p>\n<p style=\"text-align: justify\">O jornalista Gerson Mamarotti conduzir\u00e1 uma palestra sobre \u201cA visibilidade da Igreja na m\u00eddia a partir do papa Francisco\u201d, enquanto a jornalista e doutoranda em comunica\u00e7\u00e3o, Alexandra Fante Nishiyama, abordar\u00e1 \u201cGlobaliza\u00e7\u00e3o e regionalismo: As estrat\u00e9gias da comunica\u00e7\u00e3o com uso das ferramentas do marketing e do Facebook\u201d. \u00a0<\/p>\n<p style=\"text-align: justify\">O regional espera a participa\u00e7\u00e3o de at\u00e9 tr\u00eas pessoas da Pascom por arquidiocese ou diocese, al\u00e9m dos jornalistas.<\/p>\n<p style=\"text-align: justify\">As inscri\u00e7\u00f5es devem ser efetuadas pelo e-mail secretaria@cnbbs2.org.br<\/p>\n<h5 style=\"text-align: justify\">Com informa\u00e7\u00f5es do regional Sul 2<\/h5>\n","protected":false},"excerpt":{"rendered":"<p>A fim de dar continuidade ao trabalho e melhorar cada vez a articula\u00e7\u00e3o da comunica\u00e7\u00e3o, o regional Sul 2 da Confer\u00eancia Nacional dos Bispos do Brasil (CNBB) ir\u00e1 promover o 5\u00ba Encontro dos Coordenadores Diocesanos da Pastoral da Comunica\u00e7\u00e3o (Pascom) e o 1\u00ba Encontro de Jornalistas das dioceses, regionais, pastorais e organismos do regional. O &hellip;<\/p>\n<p class=\"read-more\"> <a class=\"\" href=\"https:\/\/www.cnbb.org.br\/regional-sul-2-recebe-inscricoes-para-encontro-de-comunicadores\/\"> <span class=\"screen-reader-text\">Regional Sul 2 recebe inscri\u00e7\u00f5es para encontro de comunicadores<\/span> Leia mais &raquo;<\/a><\/p>\n","protected":false},"author":83,"featured_media":25762,"comment_status":"open","ping_status":"open","sticky":false,"template":"","format":"standard","meta":{"site-sidebar-layout":"default","site-content-layout":"default","ast-global-header-display":"","ast-banner-title-visibility":"","ast-main-header-display":"","ast-hfb-above-header-display":"","ast-hfb-below-header-display":"","ast-hfb-mobile-header-display":"","site-post-title":"","ast-breadcrumbs-content":"","ast-featured-img":"","footer-sml-layout":"","theme-transparent-header-meta":"","adv-header-id-meta":"","stick-header-meta":"","header-above-stick-meta":"","header-main-stick-meta":"","header-below-stick-meta":""},"categories":[769,781],"tags":[],"acf":[],"_links":{"self":[{"href":"https:\/\/www.cnbb.org.br\/cnbb-app\/wp\/v2\/posts\/25761"}],"collection":[{"href":"https:\/\/www.cnbb.org.br\/cnbb-app\/wp\/v2\/posts"}],"about":[{"href":"https:\/\/www.cnbb.org.br\/cnbb-app\/wp\/v2\/types\/post"}],"author":[{"embeddable":true,"href":"https:\/\/www.cnbb.org.br\/cnbb-app\/wp\/v2\/users\/83"}],"replies":[{"embeddable":true,"href":"https:\/\/www.cnbb.org.br\/cnbb-app\/wp\/v2\/comments?post=25761"}],"version-history":[{"count":0,"href":"https:\/\/www.cnbb.org.br\/cnbb-app\/wp\/v2\/posts\/25761\/revisions"}],"wp:featuredmedia":[{"embeddable":true,"href":"https:\/\/www.cnbb.org.br\/cnbb-app\/wp\/v2\/media\/25762"}],"wp:attachment":[{"href":"https:\/\/www.cnbb.org.br\/cnbb-app\/wp\/v2\/media?parent=25761"}],"wp:term":[{"taxonomy":"category","embeddable":true,"href":"https:\/\/www.cnbb.org.br\/cnbb-app\/wp\/v2\/categories?post=25761"},{"taxonomy":"post_tag","embeddable":true,"href":"https:\/\/www.cnbb.org.br\/cnbb-app\/wp\/v2\/tags?post=25761"}],"curies":[{"name":"wp","href":"https:\/\/api.w.org\/{rel}","templated":true}]}}