{"id":257624,"date":"2021-01-14T10:13:19","date_gmt":"2021-01-14T13:13:19","guid":{"rendered":"https:\/\/www.cnbb.org.br\/?p=257624"},"modified":"2021-01-14T10:13:38","modified_gmt":"2021-01-14T13:13:38","slug":"ministerios-repartidos-numa-igreja-servidora","status":"publish","type":"post","link":"https:\/\/www.cnbb.org.br\/ministerios-repartidos-numa-igreja-servidora\/","title":{"rendered":"Minist\u00e9rios repartidos numa Igreja servidora"},"content":{"rendered":"<p style=\"text-align: right;\"><strong>Dom Roberto Francisco Ferreria Paz<br \/>\n<\/strong><strong>Bispo de Campos (RJ)<\/strong><\/p>\n<p style=\"text-align: justify;\">\n<p style=\"text-align: justify;\">O Papa Francisco, nesta semana que passou, promulgou o <em>Motu Proprio Spiritus Domini<\/em>, alterou o c\u00e2n. 230 \u00a7 1 que limitava o acesso \u00e0s mulheres aos minist\u00e9rios est\u00e1veis. Este c\u00e2non est\u00e1 situado no T\u00edtulo II, do Livro II, \u201cDo Povo de Deus\u201d, onde se exp\u00f5em as obriga\u00e7\u00f5es e direitos dos fi\u00e9is leigos. Tem origem no <em>Motu Proprio Ministeria Quedam,<\/em> de S\u00e3o Paulo VI, em 15 \/08\/1972, que abolia as ordens menores e abria, para os fi\u00e9is leigos, a possibilidade de exercer os minist\u00e9rios est\u00e1veis do leitorato e acolitato, embora os reservando para os leigos var\u00f5es por serem exigidos tamb\u00e9m para os seminaristas candidatos \u00e0s ordens sacras.<\/p>\n<p style=\"text-align: justify;\">O novo, no documento disciplinar de S\u00e3o Paulo VI, era o reconhecimento dos minist\u00e9rios laicais e batismais, mas a restri\u00e7\u00e3o aos var\u00f5es ficava injustificada. Por isso, as pr\u00e1ticas lit\u00fargicas e comunit\u00e1rias foram, seja pela via expressa do c\u00e2n 230 \u00a7 2, minist\u00e9rios tempor\u00e1rios para um ato, ou para uma s\u00e9rie de atos, j\u00e1 introduzindo as mulheres como leitoras e ajudantes do Altar.<\/p>\n<p style=\"text-align: justify;\">Em v\u00e1rios S\u00ednodos Eclesiais, os Padres sinodais tinham solicitado a altera\u00e7\u00e3o do c\u00e2n. 230 \u00a7 1, peti\u00e7\u00e3o que foi amadurecendo como um dos sinais dos tempos, cabendo ao Papa Francisco, com pleno discernimento, tanto da continuidade do magist\u00e9rio como do <em>sensus fidei<\/em>, tomar esta decis\u00e3o. Uma boa not\u00edcia para o laicato, por legitimar e valorizar os minist\u00e9rios batismais e o sacerd\u00f3cio comum dos fi\u00e9is.<\/p>\n<p style=\"text-align: justify;\">Um sinal de inclus\u00e3o e de abertura para a colabora\u00e7\u00e3o das mulheres que nas comunidades eclesiais s\u00e3o uma maioria expressiva. A Igreja manifesta, desta forma, um rosto ministerial participativo e servidor, mais abrangente, e uma comunh\u00e3o mission\u00e1ria para uma Igreja em sa\u00edda.<\/p>\n<p style=\"text-align: justify;\">S\u00e3o pequenos passos, mas conseq\u00fcentes e decisivos, que v\u00e3o fazendo acontecer uma renova\u00e7\u00e3o eclesial, n\u00e3o s\u00f3 nas estruturas externas, mas em atitudes de inclus\u00e3o, abertura e proximidade, construindo uma Igreja fraterna e samaritana, mas cr\u00edvel porque transparece, de forma mais expl\u00edcita, as pr\u00e1ticas de Jesus, o Salvador. Nestes tempos, em que pairam recuos e amea\u00e7as contra a liberdade e participa\u00e7\u00e3o das mulheres, e menosprezando seus direitos, \u00e9 bom saber que a Igreja de Cristo avan\u00e7a no seu reconhecimento e valoriza\u00e7\u00e3o. Deus seja louvado!<\/p>\n<p>&nbsp;<\/p>\n","protected":false},"excerpt":{"rendered":"<p>Dom Roberto Francisco Ferreria Paz Bispo de Campos (RJ) O Papa Francisco, nesta semana que passou, promulgou o Motu Proprio Spiritus Domini, alterou o c\u00e2n. 230 \u00a7 1 que limitava o acesso \u00e0s mulheres aos minist\u00e9rios est\u00e1veis. Este c\u00e2non est\u00e1 situado no T\u00edtulo II, do Livro II, \u201cDo Povo de Deus\u201d, onde se exp\u00f5em as &hellip;<\/p>\n<p class=\"read-more\"> <a class=\"\" href=\"https:\/\/www.cnbb.org.br\/ministerios-repartidos-numa-igreja-servidora\/\"> <span class=\"screen-reader-text\">Minist\u00e9rios repartidos numa Igreja servidora<\/span> Leia mais &raquo;<\/a><\/p>\n","protected":false},"author":23,"featured_media":0,"comment_status":"open","ping_status":"open","sticky":false,"template":"","format":"standard","meta":{"site-sidebar-layout":"default","site-content-layout":"default","ast-global-header-display":"","ast-banner-title-visibility":"","ast-main-header-display":"","ast-hfb-above-header-display":"","ast-hfb-below-header-display":"","ast-hfb-mobile-header-display":"","site-post-title":"","ast-breadcrumbs-content":"","ast-featured-img":"","footer-sml-layout":"","theme-transparent-header-meta":"default","adv-header-id-meta":"","stick-header-meta":"","header-above-stick-meta":"","header-main-stick-meta":"","header-below-stick-meta":""},"categories":[758,1837],"tags":[],"acf":[],"_links":{"self":[{"href":"https:\/\/www.cnbb.org.br\/cnbb-app\/wp\/v2\/posts\/257624"}],"collection":[{"href":"https:\/\/www.cnbb.org.br\/cnbb-app\/wp\/v2\/posts"}],"about":[{"href":"https:\/\/www.cnbb.org.br\/cnbb-app\/wp\/v2\/types\/post"}],"author":[{"embeddable":true,"href":"https:\/\/www.cnbb.org.br\/cnbb-app\/wp\/v2\/users\/23"}],"replies":[{"embeddable":true,"href":"https:\/\/www.cnbb.org.br\/cnbb-app\/wp\/v2\/comments?post=257624"}],"version-history":[{"count":0,"href":"https:\/\/www.cnbb.org.br\/cnbb-app\/wp\/v2\/posts\/257624\/revisions"}],"wp:attachment":[{"href":"https:\/\/www.cnbb.org.br\/cnbb-app\/wp\/v2\/media?parent=257624"}],"wp:term":[{"taxonomy":"category","embeddable":true,"href":"https:\/\/www.cnbb.org.br\/cnbb-app\/wp\/v2\/categories?post=257624"},{"taxonomy":"post_tag","embeddable":true,"href":"https:\/\/www.cnbb.org.br\/cnbb-app\/wp\/v2\/tags?post=257624"}],"curies":[{"name":"wp","href":"https:\/\/api.w.org\/{rel}","templated":true}]}}