{"id":257626,"date":"2021-01-14T10:16:39","date_gmt":"2021-01-14T13:16:39","guid":{"rendered":"https:\/\/www.cnbb.org.br\/?p=257626"},"modified":"2021-01-14T10:28:23","modified_gmt":"2021-01-14T13:28:23","slug":"despedidas-na-pandemia","status":"publish","type":"post","link":"https:\/\/www.cnbb.org.br\/despedidas-na-pandemia\/","title":{"rendered":"Despedidas na pandemia"},"content":{"rendered":"<p style=\"text-align: right;\"><strong>Cardeal Orani Jo\u00e3o Tempesta<br \/>\n<\/strong><strong>Arcebispo do Rio de Janeiro (RJ)<\/strong><\/p>\n<p style=\"text-align: justify;\">A Arquidiocese de S\u00e3o Sebasti\u00e3o do Rio de Janeiro se despede nesta quarta-feira, 13 de janeiro, do Eminent\u00edssimo Senhor Cardeal Dom Eus\u00e9bio Oscar Scheid \u2013 SCJ, Arcebispo Em\u00e9rito de nossa Arquidiocese, em virtude de insufici\u00eancia respirat\u00f3ria aguda, mais uma v\u00edtima da Covid-19, que j\u00e1 ceifou mais de 204 mil vidas somente em solo brasileiro. Em ora\u00e7\u00f5es, pe\u00e7o a Deus Pai Misericordioso que o receba em seus bra\u00e7os para a ressurrei\u00e7\u00e3o e gl\u00f3ria da vida eterna. Amou a Cristo e \u00e0 Igreja oferecendo sua vida pelos irm\u00e3os Bispos, padres, di\u00e1conos, consagrados e povo de Deus como ele mesmo deixou por escrito em seu testamento.<\/p>\n<p style=\"text-align: justify;\">Logo que assumi a Arquidiocese de S\u00e3o Sebasti\u00e3o do Rio de Janeiro, como sucessor do Cardeal Scheid, o convidei para que residisse dentro do territ\u00f3rio de nossa Arquidiocese. Ele mesmo me disse que j\u00e1 havia adquirido uma resid\u00eancia pr\u00f3pria na cidade de S\u00e3o Jos\u00e9 dos Campos, SP \u2013 onde exerceu seu bispado pela primeira vez e instalou aquela importante Igreja Particular \u2013 e que queria fixar resid\u00eancia naquela cidade do Vale do Para\u00edba. L\u00e1 viveu at\u00e9 ser chamado por Deus, hoje, no Hospital S\u00e3o Francisco, em Jacare\u00ed, SP, onde foi internado depois de ter tido alta de outro hospital e permanecer em sua resid\u00eancia bem assistido pelas irm\u00e3s e enfermeiros, quando pude tamb\u00e9m visita-lo no in\u00edcio deste m\u00eas. Por desejo expresso do Cardeal Scheid, transmitido \u00e0s religiosas que cuidaram, com esmero e dedica\u00e7\u00e3o de sua emeritude, o seu sepultamento se deu na cripta da Catedral de S\u00e3o Dimas, em S\u00e3o Jos\u00e9 dos Campos, SP. Em conversa telef\u00f4nica com Dom C\u00e9sar Teixeira, Bispo de S\u00e3o Jos\u00e9 dos Campos, SP, Sua Excel\u00eancia me disse que essa era o entendimento da Diocese de S\u00e3o Jos\u00e9 dos Campos, al\u00e9m da observ\u00e2ncia do protocolo deste tempo de pandemia. Foi um r\u00e1pido sepultamento, sem vel\u00f3rio, com poucas pessoas na cripta pois o acesso era restrito ao sepultamento, com todas as regras de seguran\u00e7a impostas pelo poder p\u00fablico, sendo que depois do sepultamento teriam as celebra\u00e7\u00e3o da Santa Missa na Catedral de S\u00e3o Dimas em sufr\u00e1gio da alma do saudoso purpurado. Aqui no Rio de Janeiro, neste dia do seu falecimento, celebramos a primeira missa em sufr\u00e1gio da alma do Cardeal Scheid, \u00e0s 18h10, dentro do s\u00e9timo dia da Trezena de S\u00e3o Sebasti\u00e3o, na Capela de S\u00e3o Sebasti\u00e3o, em Inhoa\u00edba exatamente no hor\u00e1rio de seu sepultamento.<\/p>\n<p style=\"text-align: justify;\">Pelas m\u00e3os do Papa S\u00e3o Jo\u00e3o Paulo II, Dom Eus\u00e9bio se tornou Cardeal em 21 de outubro de 2003, durante o Consist\u00f3rio Ordin\u00e1rio P\u00fablico, que tamb\u00e9m criou 30 novos cardeais. Foi lhe dado o t\u00edtulo de Cardeal Presb\u00edtero, com o t\u00edtulo de Santos Bonif\u00e1cio e Aleixo. Primeiro bispo da Diocese de S\u00e3o Jos\u00e9 dos Campos, quando governou aquela Diocese at\u00e9 23 de janeiro de 1991, foi transferido para Arcebispo Metropolitano de Florian\u00f3polis. No dia 25 de julho de 2001 foi nomeado Arcebispo Metropolitano de S\u00e3o Sebasti\u00e3o do Rio de Janeiro, tomando posse no dia 22 de setembro do mesmo ano. Governou a Arquidiocese at\u00e9 o dia 27 de fevereiro de 2009, quando fui nomeado pelo Papa Bento XVI seu sucessor. Assim que se tornou em\u00e9rito passou a viver no interior paulista, no Vale do Para\u00edba, na cidade de S\u00e3o Jos\u00e9 dos Campos, SP, sua primeira Diocese da qual ele \u00e9 tamb\u00e9m o primeiro bispo. Com gratid\u00e3o e amor daqueles que tiveram a gra\u00e7a de compartilhar sua espiritualidade elevada, celebrou o Jubileu de Diamante de sua Ordena\u00e7\u00e3o Presbiteral recentemente, em 3 de julho de 2020.<\/p>\n<p style=\"text-align: justify;\"><strong>Trajet\u00f3ria do Cardeal Scheid como Arcebispo do Rio de Janeiro: <\/strong><strong>Principais feitos no Rio de Janeiro<\/strong><\/p>\n<p style=\"text-align: justify;\"><strong>Plano de Pastoral<\/strong><\/p>\n<p style=\"text-align: justify;\">Ele aprovou, em novembro de 2004, com cinco cap\u00edtulos e validade para o quadri\u00eanio 2005 a 2008, o 10\u00ba Plano de Pastoral de Conjunto, com o tema \u201cNingu\u00e9m te ama como eu!\u201d. Entre as prioridades pastorais, estava a Inicia\u00e7\u00e3o Crist\u00e3, que depois resultou na publica\u00e7\u00e3o do Diret\u00f3rio da Inicia\u00e7\u00e3o Crist\u00e3 para Jovens e Adultos.<\/p>\n<p style=\"text-align: justify;\"><strong>Cria\u00e7\u00e3o de par\u00f3quias<\/strong><\/p>\n<p style=\"text-align: justify;\">Para uma a\u00e7\u00e3o pastoral mais eficaz, Dom Eus\u00e9bio criou 10 novas par\u00f3quias. S\u00e3o elas: Nossa Senhora da Concei\u00e7\u00e3o, em Campo Grande (2001); Santa Luzia, em Gard\u00eania Azul (2003); Nossa Senhora dos Navegantes, em Padre Miguel (2005); Nossa Senhora Aparecida, na Ilha do Governador (2006), Nossa Senhora Aparecida, na Penha Circular (2006), S\u00e3o Judas Tadeu, em Senador Camar\u00e1 (2006), e Nossa Senhora da Concei\u00e7\u00e3o, na Pavuna (2008).<\/p>\n<p style=\"text-align: justify;\"><strong>Minist\u00e9rios<\/strong><\/p>\n<p style=\"text-align: justify;\">Dom Eus\u00e9bio criou os minist\u00e9rios do Acolhimento e da Visita\u00e7\u00e3o e elevou \u00e0 categoria de minist\u00e9rio o trabalho da Pastoral da Consola\u00e7\u00e3o e Esperan\u00e7a. Tamb\u00e9m se empenhou na forma\u00e7\u00e3o da Pastoral da Comunica\u00e7\u00e3o nas par\u00f3quias e no fortalecimento da Pastoral da Fam\u00edlia, lutando pela valoriza\u00e7\u00e3o da vida, a partir de sua concep\u00e7\u00e3o.<\/p>\n<p style=\"text-align: justify;\"><strong>Ordena\u00e7\u00e3o de bispos<\/strong><\/p>\n<p style=\"text-align: justify;\">Sucessor dos ap\u00f3stolos, ordenou nove bispos para a Igreja no Brasil, entre eles, seis como seus auxiliares. Em 2003: Dom Assis Lopes (Bispo auxiliar em\u00e9rito de S\u00e3o Sebasti\u00e3o do Rio de Janeiro), Dom Dimas Lara Barbosa (Arcebispo de Campo Grande, MS) e Dom Wilson Tadeu J\u00f6nck, SCJ (Arcebispo de Florian\u00f3polis, SC); e, em 2005: Dom Edson de Castro Homem (Bispo de Iguat\u00fa, CE), Dom Ant\u00f4nio Augusto Dias Duarte (Bispo Auxiliar) e Dom Edney Gouv\u00eaa Mattoso (Bispo Em\u00e9rito de Nova Friburgo, RJ).<\/p>\n<p style=\"text-align: justify;\"><strong>Semin\u00e1rio Proped\u00eautico<\/strong><\/p>\n<p style=\"text-align: justify;\">Dom Eus\u00e9bio foi protagonista de uma novidade no campo da forma\u00e7\u00e3o dos futuros sacerdotes na Arquidiocese do Rio. Foi de sua iniciativa o Semin\u00e1rio Proped\u00eautico Rainha dos Ap\u00f3stolos, criado na Solenidade da Imaculada Concei\u00e7\u00e3o, dia 8 de dezembro de 2003, com o objetivo de preparar, no per\u00edodo de um ano, os jovens vocacionados para ingressarem na vida acad\u00eamica, a forma\u00e7\u00e3o presbiteral de n\u00edvel superior.<\/p>\n<p style=\"text-align: justify;\"><strong>Escola diaconal<\/strong><\/p>\n<p style=\"text-align: justify;\">Em uma nova etapa na hist\u00f3ria do diaconato na Arquidiocese do Rio, Dom Eus\u00e9bio criou, no dia 12 de fevereiro de 2003, a Escola Diaconal Santo Efr\u00e9m. Como complemento, aprovou, no dia 20 de maio de 2004, os estatutos da Comiss\u00e3o Arquidiocesana dos Di\u00e1conos Permanentes (Cadiperj).<\/p>\n<p style=\"text-align: justify;\">Nos primeiros anos, a escola funcionou na Par\u00f3quia S\u00e3o Joaquim, no bairro Est\u00e1cio, num espa\u00e7o pr\u00f3prio de forma\u00e7\u00e3o. Dom Eus\u00e9bio ordenou 75 di\u00e1conos, em cinco turmas, de 2003 a 2008. Atualmente, a escola funciona no complexo do Semin\u00e1rio S\u00e3o Jos\u00e9.<\/p>\n<p style=\"text-align: justify;\"><strong>Santu\u00e1rio Cristo Redentor<\/strong><\/p>\n<p style=\"text-align: justify;\">Na Solenidade de Nossa Senhora Aparecida, em 12 de outubro de 2006, Dom Eus\u00e9bio criou o Santu\u00e1rio Cristo Redentor, no morro do Corcovado. Sinal da sensibilidade pastoral, foi o presente que ele deu \u00e0 Igreja no Rio de Janeiro pelo anivers\u00e1rio de 75 anos do monumento, inaugurado em 1931, pelo seu predecessor, o ent\u00e3o Cardeal Sebasti\u00e3o Leme da Silveira Cintra.<\/p>\n<p style=\"text-align: justify;\"><strong>Vicariatos episcopais<\/strong><\/p>\n<p style=\"text-align: justify;\">Dom Eus\u00e9bio foi respons\u00e1vel pela cria\u00e7\u00e3o de tr\u00eas vicariatos episcopais na Arquidiocese do Rio: um territorial e dois n\u00e3o territoriais, com a finalidade de colaborar com o governo diocesano, de forma descentralizada, organizando melhor as rela\u00e7\u00f5es e atividades pastorais. S\u00e3o eles:<\/p>\n<p style=\"text-align: justify;\"><strong>Caridade Social<\/strong><\/p>\n<p style=\"text-align: justify;\">O Vicariato Episcopal para a Caridade Social foi constitu\u00eddo no dia 30 de abril de 2002. O vig\u00e1rio episcopal escolhido foi o c\u00f4nego Manuel de Oliveira Manang\u00e3o, que na \u00e9poca era respons\u00e1vel pela Pastoral do Trabalhador, e p\u00e1roco na Rocinha, \u00e0 frente da Par\u00f3quia Nossa Senhora da Boa Viagem.<\/p>\n<p style=\"text-align: justify;\"><strong>Comunica\u00e7\u00e3o Social<\/strong><\/p>\n<p style=\"text-align: justify;\">Durante a reuni\u00e3o do Conselho Presbiteral, no dia 17 de junho de 2005, Dom Eus\u00e9bio anunciou a cria\u00e7\u00e3o do Vicariato Episcopal para a Comunica\u00e7\u00e3o Social (Vicom), com o objetivo de integrar todos os segmentos de comunica\u00e7\u00e3o da arquidiocese.<\/p>\n<p style=\"text-align: justify;\"><strong>Vicariato Jacarepagu\u00e1<\/strong><\/p>\n<p style=\"text-align: justify;\">A cria\u00e7\u00e3o de novas comunidades paroquiais fez surgir o Vicariato Episcopal Jacarepagu\u00e1, em 1\u00ba de abril de 2006. A maioria das par\u00f3quias do novo vicariato pertencia aos vicariatos Suburbano e Sul. Ficaram integradas ao s\u00e9timo vicariato da Arquidiocese, par\u00f3quias situadas nos bairros da Barra da Tijuca, Itanhang\u00e1, Jacarepagu\u00e1, Recreio dos Bandeirantes, Rocinha, S\u00e3o Conrado e Vargem Grande.<\/p>\n<p style=\"text-align: justify;\"><strong>Sucessor dos Ap\u00f3stolos<\/strong><\/p>\n<p style=\"text-align: justify;\">Foi eleito bispo de S\u00e3o Jos\u00e9 dos Campos (SP), no dia 18 de fevereiro de 1981, pelo Papa Jo\u00e3o Paulo II, quando adotou o lema \u201cDeus \u00e9 bom\u201d.\u00a0 Sua ordena\u00e7\u00e3o episcopal foi em S\u00e3o Jos\u00e9 dos Campos, no dia 1\u00ba de maio de 1981, pelas m\u00e3os de Dom Carmine Rocco, n\u00fancio apost\u00f3lico no Brasil, Dom Geraldo Maria de Morais Penido e Dom Honorato Piazera, SCJ. Nesta diocese, fundou o Instituto de Filosofia Santa Teresinha e instalou a resid\u00eancia teol\u00f3gica Padre Rodolfo Komorek.<\/p>\n<p style=\"text-align: justify;\">Em 23 de janeiro de 1991 foi transferido para a Arquidiocese de Florian\u00f3polis, onde permaneceu por dez anos. Nesta arquidiocese, onde tomou posse no dia 16 de mar\u00e7o do mesmo ano, criou o Semin\u00e1rio de Teologia Conv\u00edvio de Ema\u00fas e o Semin\u00e1rio de Filosofia Edith Stein, inaugurou o Instituto Social Jo\u00e3o Paulo II e instituiu a Escola de Minist\u00e9rios. Tamb\u00e9m presidiu a cria\u00e7\u00e3o das dioceses de Crici\u00fama e Blumenau.<\/p>\n<p style=\"text-align: justify;\"><strong>Arcebispo do Rio de Janeiro<\/strong><\/p>\n<p style=\"text-align: justify;\">No dia 25 de julho de 2001 foi transferido para a Arquidiocese do Rio de Janeiro, sucedendo o Cardeal Eugenio de Araujo Sales. Tomou posse em 22 de setembro do mesmo ano. Tornou-se cardeal em 21 de outubro de 2003. Foi criado cardeal presb\u00edtero, com o t\u00edtulo da Bas\u00edlica dos Santos Bonif\u00e1cio e Aleixo.<\/p>\n<p style=\"text-align: justify;\"><strong>Formador<\/strong><\/p>\n<p style=\"text-align: justify;\">Antes de ser ordenado bispo, o Cardeal Scheid foi professor no Semin\u00e1rio Cristo Rei e Semin\u00e1rio Regional do Nordeste, Recife, em Pernambuco (1964-1965); professor de Teologia Dogm\u00e1tica e Liturgia no Instituto Teol\u00f3gico de Taubat\u00e9-SP (1966-1981) e Aparecida; coordenador da Catequese de Taubat\u00e9-SP (1970-1974); diretor da Faculdade de Teologia em Taubat\u00e9-SP; professor convidado da PUC-SP, para lecionar Cultura Religiosa (1966-1968).<\/p>\n<p style=\"text-align: justify;\"><strong>A servi\u00e7o da Igreja<\/strong><\/p>\n<p style=\"text-align: justify;\">Como bispo, realizou os seguintes servi\u00e7os: Bispo de S\u00e3o Jos\u00e9 dos Campos (1981-1991); arcebispo de Florian\u00f3polis (1991-2001); presidente do Regional Sul 4 \u2013 CNBB (1994-1998); membro da Comiss\u00e3o Episcopal de Doutrina da CNBB durante 12 anos; ordin\u00e1rio para os fi\u00e9is de Rito Oriental sem ordin\u00e1rio pr\u00f3prio (2001); respons\u00e1vel pela Pastoral Familiar no Regional Sul 1 durante 8 anos.<\/p>\n<p style=\"text-align: justify;\">No Vaticano foi conselheiro da Pontif\u00edcia Comiss\u00e3o para a Am\u00e9rica Latina, em 25 de novembro de 2002; membro do Pontif\u00edcio Conselho de Comunica\u00e7\u00e3o Social, em 29 de novembro de 2003; Legado Papal, de S. Santidade Bento XVI, ao XV Congresso Eucar\u00edstico Nacional, em Florian\u00f3polis (SC), de 18 a 21 de maio de 2006.<\/p>\n<p style=\"text-align: justify;\">Na CNBB, foi membro do Conselho Permanente; membro da Comiss\u00e3o Episcopal para o Santu\u00e1rio Nacional de Nossa Senhora Aparecida; presidente do Regional Leste 1 \u2013 CNBB (2003-2007).<\/p>\n<p style=\"text-align: justify;\">Tamb\u00e9m foi membro do Conselho de Cardeais para o estudo dos problemas organizacionais e econ\u00f4micos da Santa S\u00e9 em 17 de janeiro de 2007. Foi o ordenante principal de nove bispos, a maioria, auxiliares no Rio de Janeiro.<\/p>\n<p style=\"text-align: justify;\"><strong>Obras<\/strong><\/p>\n<p style=\"text-align: justify;\">Dom Eus\u00e9bio possui os seguintes livros publicados: Tese de l\u00e1urea sobre a Cristologia de Ubertino da Casale em seu contexto hist\u00f3rico; Prepara\u00e7\u00e3o para o Casamento e para a Vida Familiar; Introdu\u00e7\u00e3o \u00e0 Pastoral Familiar; e Minist\u00e9rio do Acolhimento.<\/p>\n<p style=\"text-align: justify;\"><strong>Nossa ora\u00e7\u00e3o pelo seu eterno descanso!<\/strong><\/p>\n<p style=\"text-align: justify;\">\u00c9 uma perda dolorosa, que se soma aos padres e bispos brasileiros que tiveram suas vidas interrompidas nesta pandemia, que j\u00e1 se transformou em uma trag\u00e9dia incalcul\u00e1vel que afeta direta ou indiretamente todas as fam\u00edlias. Centenas de religiosos e religiosas tamb\u00e9m se infectaram, muitos deles durante o trabalho pastoral incans\u00e1vel para anunciar o Evangelho e levar a mensagem de Cristo a todas as pessoas sem distin\u00e7\u00e3o, como manda seus ensinamentos. Apesar de todos os cuidados adotados pela Igreja no Brasil, como o distanciamento social, celebra\u00e7\u00f5es online, n\u00e3o deixamos de evangelizar e levar a palavra das sagradas escrituras aos nossos irm\u00e3os e irm\u00e3s.<\/p>\n<p style=\"text-align: justify;\">Dom Eus\u00e9bio, em seus 60 anos de minist\u00e9rio presbiteral e 40 anos dedicados \u00e0 vida episcopal, participou ativamente da hist\u00f3ria e deixa o seu legado \u00e0 Igreja. Nascido em Luzerna, no estado de Santa Catarina, no dia 8 de dezembro de 1932, o religioso da Congrega\u00e7\u00e3o dos Padres do Sagrado Cora\u00e7\u00e3o de Jesus, Dehonianos, fez a sua Profiss\u00e3o Religiosa em 02 de fevereiro de 1954. Conforme relatos hist\u00f3ricos da Diocese de S\u00e3o Jos\u00e9 dos Campos, dom Eus\u00e9bio estudou Filosofia em Brusque, SC, (1954) e na Pontif\u00edcia Universidade Gregoriana, em Roma, It\u00e1lia (1955-1957), onde tamb\u00e9m estudou Teologia (1957-1964). Foi ordenado presb\u00edtero no dia 03 de julho de 1960, em Roma. Continuou os estudos de p\u00f3s-gradua\u00e7\u00e3o e recebeu os t\u00edtulos no grau de Mestre e Doutor em Cristologia. Foi eleito bispo de S\u00e3o Jos\u00e9 dos Campos em 11 de fevereiro de 1981, onde ocorreu a sua ordena\u00e7\u00e3o episcopal em 1\u00ba de maio de 1981. Em 23 de janeiro de 1991 foi transferido para a Arquidiocese de Florian\u00f3polis. Em 2001 foi transferido para a Arquidiocese do Rio de Janeiro.<\/p>\n<p style=\"text-align: justify;\"><strong>Missas em sufr\u00e1gio de sua alma:<\/strong><\/p>\n<p style=\"text-align: justify;\">Missa com o clero do Rio de Janeiro \u2013 na missa do Rio Celebra, dia 16 de janeiro, \u00e0s 9h, na Catedral Metropolitana de S\u00e3o Sebasti\u00e3o do Rio de Janeiro, RJ.<\/p>\n<p style=\"text-align: justify;\">Missa de 7\u00ba Dia \u2013 na Igreja da Candel\u00e1ria, no dia 19 de janeiro, \u00e0s 18h.<\/p>\n<p style=\"text-align: justify;\">Ambas as celebra\u00e7\u00f5es ser\u00e3o transmitidas: a primeira pela Rede Vida de Televis\u00e3o e a segunda pelas m\u00eddias da Arquidiocese, e pela Web TV Redentor.<\/p>\n<p style=\"text-align: justify;\"><strong>Legado e a\u00e7\u00e3o de gra\u00e7as:<\/strong><\/p>\n<p style=\"text-align: justify;\">Com uma vida intensa e incans\u00e1vel, marcada pela preocupa\u00e7\u00e3o na forma\u00e7\u00e3o do clero, no incentivo \u00e0 evangeliza\u00e7\u00e3o e na organiza\u00e7\u00e3o da pastoral, sua morte n\u00e3o deve ser motivo para contrariedades humanas, mas sim, para compreendermos o projeto de Deus para n\u00f3s, a promessa da vida eterna ao lado de Cristo.<\/p>\n<p style=\"text-align: justify;\">Que S\u00e3o Sebasti\u00e3o, padroeiro do Rio de Janeiro, conforte seus familiares, amigos e todos aqueles que tiveram a gra\u00e7a de sua conviv\u00eancia. Agrade\u00e7o a Deus pelo dom da vida do Cardeal Eus\u00e9bio Oscar Scheid \u2013 SCJ e por todo o trabalho realizado em nossa Arquidiocese e em todos os lugares que serviu.<\/p>\n<p style=\"text-align: justify;\">Que nos unamos em ora\u00e7\u00f5es pelo descanso eterno de Dom Eus\u00e9bio e de todos os nossos irm\u00e3os e irm\u00e3s que partiram v\u00edtimas da Covid-19.<\/p>\n<p style=\"text-align: justify;\">S\u00e3o Sebasti\u00e3o, rogai por n\u00f3s!<\/p>\n<p><strong>\u00a0<\/strong><\/p>\n<p>&nbsp;<\/p>\n","protected":false},"excerpt":{"rendered":"<p>Cardeal Orani Jo\u00e3o Tempesta Arcebispo do Rio de Janeiro (RJ) A Arquidiocese de S\u00e3o Sebasti\u00e3o do Rio de Janeiro se despede nesta quarta-feira, 13 de janeiro, do Eminent\u00edssimo Senhor Cardeal Dom Eus\u00e9bio Oscar Scheid \u2013 SCJ, Arcebispo Em\u00e9rito de nossa Arquidiocese, em virtude de insufici\u00eancia respirat\u00f3ria aguda, mais uma v\u00edtima da Covid-19, que j\u00e1 ceifou &hellip;<\/p>\n<p class=\"read-more\"> <a class=\"\" href=\"https:\/\/www.cnbb.org.br\/despedidas-na-pandemia\/\"> <span class=\"screen-reader-text\">Despedidas na pandemia<\/span> Leia mais &raquo;<\/a><\/p>\n","protected":false},"author":31,"featured_media":0,"comment_status":"open","ping_status":"open","sticky":false,"template":"","format":"standard","meta":{"site-sidebar-layout":"default","site-content-layout":"default","ast-global-header-display":"","ast-banner-title-visibility":"","ast-main-header-display":"","ast-hfb-above-header-display":"","ast-hfb-below-header-display":"","ast-hfb-mobile-header-display":"","site-post-title":"","ast-breadcrumbs-content":"","ast-featured-img":"","footer-sml-layout":"","theme-transparent-header-meta":"default","adv-header-id-meta":"","stick-header-meta":"","header-above-stick-meta":"","header-main-stick-meta":"","header-below-stick-meta":""},"categories":[758,1837],"tags":[],"acf":[],"_links":{"self":[{"href":"https:\/\/www.cnbb.org.br\/cnbb-app\/wp\/v2\/posts\/257626"}],"collection":[{"href":"https:\/\/www.cnbb.org.br\/cnbb-app\/wp\/v2\/posts"}],"about":[{"href":"https:\/\/www.cnbb.org.br\/cnbb-app\/wp\/v2\/types\/post"}],"author":[{"embeddable":true,"href":"https:\/\/www.cnbb.org.br\/cnbb-app\/wp\/v2\/users\/31"}],"replies":[{"embeddable":true,"href":"https:\/\/www.cnbb.org.br\/cnbb-app\/wp\/v2\/comments?post=257626"}],"version-history":[{"count":0,"href":"https:\/\/www.cnbb.org.br\/cnbb-app\/wp\/v2\/posts\/257626\/revisions"}],"wp:attachment":[{"href":"https:\/\/www.cnbb.org.br\/cnbb-app\/wp\/v2\/media?parent=257626"}],"wp:term":[{"taxonomy":"category","embeddable":true,"href":"https:\/\/www.cnbb.org.br\/cnbb-app\/wp\/v2\/categories?post=257626"},{"taxonomy":"post_tag","embeddable":true,"href":"https:\/\/www.cnbb.org.br\/cnbb-app\/wp\/v2\/tags?post=257626"}],"curies":[{"name":"wp","href":"https:\/\/api.w.org\/{rel}","templated":true}]}}