{"id":257658,"date":"2021-01-15T08:05:45","date_gmt":"2021-01-15T11:05:45","guid":{"rendered":"https:\/\/www.cnbb.org.br\/?p=257658"},"modified":"2021-01-15T14:33:23","modified_gmt":"2021-01-15T17:33:23","slug":"31a-edicao-do-curso-anual-para-os-bispos-do-brasil-abordara-as-atualizacoes-catequese-previstas-em-seu-novo-diretorio","status":"publish","type":"post","link":"https:\/\/www.cnbb.org.br\/31a-edicao-do-curso-anual-para-os-bispos-do-brasil-abordara-as-atualizacoes-catequese-previstas-em-seu-novo-diretorio\/","title":{"rendered":"31\u00aa edi\u00e7\u00e3o do Curso Anual para os Bispos do Brasil abordar\u00e1 as atualiza\u00e7\u00f5es da catequese previstas em seu novo diret\u00f3rio"},"content":{"rendered":"<p style=\"text-align: justify;\">Pela primeira vez em sua hist\u00f3ria em raz\u00e3o da pandemia do novo Coronav\u00edrus, o Curso Anual para os Bispos do Brasil, promovido pela arquidiocese de S\u00e3o Sebasti\u00e3o do Rio de Janeiro, ser\u00e1 realizado totalmente em formato digital de 26 a 28 de janeiro. O tema da\u00a0 31\u00aa edi\u00e7\u00e3o do curso \u00e9 a catequese e a implanta\u00e7\u00e3o no Brasil do seu novo diret\u00f3rio.<\/p>\n<p style=\"text-align: justify;\">Com uma m\u00e9dia de participa\u00e7\u00e3o anual de 100 bispos, n\u00famero definido em raz\u00e3o da estrutura do Centro de Estudos e Forma\u00e7\u00e3o do Sumar\u00e9 onde o curso \u00e9 realizado, a forma\u00e7\u00e3o este ano n\u00e3o tem limite de inscri\u00e7\u00e3o por conta do seu formato virtual.\u00a0 Por outro lado, \u00e9 necess\u00e1ria a inscri\u00e7\u00e3o dos bispos, por meio do link j\u00e1 enviado, para assegurar o acesso ao curso.<\/p>\n<p style=\"text-align: justify;\">Os conferencistas ser\u00e3o dom Rino Fisichella, presidente do Pontif\u00edcio Conselho para a Nova Evangeliza\u00e7\u00e3o da Santa S\u00e9, \u00f3rg\u00e3o ao qual a catequese \u00e9 ligada no Vaticano; o padre Fl\u00e1vio Pl\u00e1cida, professor na Pontif\u00edcia Universidade Urbaniana. Os dois abordar\u00e3o a atual consci\u00eancia da Igreja sobre a catequese e as implica\u00e7\u00f5es de implementa\u00e7\u00e3o do novo diret\u00f3rio.<\/p>\n<p style=\"text-align: justify;\">O arcebispo de Curitiba (PR) e presidente da Comiss\u00e3o Episcopal para a Anima\u00e7\u00e3o B\u00edblico-Catequ\u00e9tica\u00a0 da Confer\u00eancia Nacional dos Bispos do Brasil (CNBB), dom Jos\u00e9 Ant\u00f4nio Peruzzo, tamb\u00e9m integra o time de conferencistas com a tarefa de apresentar o hist\u00f3rico da caminhada da catequese no Brasil nas \u00faltimas d\u00e9cadas.<\/p>\n<figure id=\"attachment_257684\" aria-describedby=\"caption-attachment-257684\" style=\"width: 300px\" class=\"wp-caption alignleft\"><img decoding=\"async\" loading=\"lazy\" class=\"wp-image-257684 size-medium\" src=\"https:\/\/www.cnbb.org.br\/wp-content\/uploads\/2021\/01\/Dom-Orani-Tempesta-300x220.jpg\" alt=\"\" width=\"300\" height=\"220\" srcset=\"https:\/\/www.cnbb.org.br\/wp-content\/uploads\/2021\/01\/Dom-Orani-Tempesta-300x220.jpg 300w, https:\/\/www.cnbb.org.br\/wp-content\/uploads\/2021\/01\/Dom-Orani-Tempesta.jpg 493w\" sizes=\"(max-width: 300px) 100vw, 300px\" \/><figcaption id=\"caption-attachment-257684\" class=\"wp-caption-text\">Cardeal Orani Tempesta, arcebispo da arquidiocese do Rio de Janeiro.<\/figcaption><\/figure>\n<p style=\"text-align: justify;\">Segundo o arcebispo da arquidiocese do Rio de Janeiro, cardeal Orani Tempesta, o curso vai aprofundar as atualiza\u00e7\u00f5es da catequese presentes nos documentos da Santa S\u00e9 e tamb\u00e9m da CNBB. Al\u00e9m da catequese, o cardeal destaca que o curso vai falar tamb\u00e9m da Palavra de Deus e o seu an\u00fancio \u00e0s pessoas.<\/p>\n<p style=\"text-align: justify;\">&#8220;A palavra de Deus nos ajuda a viver como crist\u00e3os no mundo contempor\u00e2neo. Estamos encontrando alternativas para que a nossa f\u00e9, cada vez mais, seja bem vivida. Por isto, a escolha do tema da atualiza\u00e7\u00e3o da catequese. Vamos tamb\u00e9m ouvir sugest\u00f5es dos bispos para aprimorar a forma\u00e7\u00e3o oferecida&#8221;, disse.<\/p>\n<h3>Programa\u00e7\u00e3o e metodologia do formato virtual<\/h3>\n<p>&nbsp;<\/p>\n<p style=\"text-align: justify;\">A programa\u00e7\u00e3o do curso contemplar\u00e1 a realiza\u00e7\u00e3o de duas confer\u00eancias ao longo do dia, sendo uma pela manh\u00e3 e outra \u00e0 tarde. Depois das confer\u00eancias haver\u00e1 tempo para os bispos interagirem com os conferencistas convidados.<\/p>\n<p style=\"text-align: justify;\">Pequenos v\u00eddeos de 5 minutos, preparados por catequistas dos regionais da CNBB como o Sul 3, Leste 1,\u00a0 2 e\u00a0 Norte 1, ser\u00e3o exibidos para apresentar experi\u00eancias catequ\u00e9ticas do Brasil. Os audiovisuais abordar\u00e3o os seguintes temas: b\u00edblia e catequese,\u00a0 catequese e liturgia,\u00a0 catequese e culturas com foco no trabalho com ind\u00edgenas, forma\u00e7\u00e3o para catequistas e a cultura digital e catequese e fam\u00edlia.<\/p>\n<p style=\"text-align: justify;\">O bispo auxiliar do Rio de Janeiro e secret\u00e1rio-geral da CNBB, dom Joel Portela Amado, relembrou que o cardeal Eug\u00eanio Salles disse, na primeira edi\u00e7\u00e3o em 1990, que o curso anual oferecido aos bispos \u00e9 um servi\u00e7o que a arquidiocese do Rio de Janeiro presta \u00e0 Igreja no Brasil. Identidade mantida pelo cardeal Eus\u00e9bio Scheid e pelo atual arcebispo, cardeal Orani Tempesta.<\/p>\n<p style=\"text-align: justify;\">S\u00f3 em duas ocasi\u00f5es o curso deixou de acontecer: no ano seguinte \u00e0 sua cria\u00e7\u00e3o porque os bispos indicaram que o melhor per\u00edodo para a sua realiza\u00e7\u00e3o seria em fevereiro, pediram para pular o ano de 1991 e retomar no ano seguinte; a segunda vez foi em fun\u00e7\u00e3o da realiza\u00e7\u00e3o da Confer\u00eancia Episcopal Latino-Americana em Aparecida (SP), em 2007.<\/p>\n<p style=\"text-align: justify;\">Dom Joel explica que a forma\u00e7\u00e3o abrange duas vertentes: uma reflexiva e a outra de conv\u00edvio e conhecimento de experi\u00eancias pastorais relacionadas ao tema do curso. Temas como os documentos do Conc\u00edlio Vaticano 2\u00ba, ecumenismo, miss\u00e3o, juventude, Comunica\u00e7\u00e3o foram abordados em suas 30 edi\u00e7\u00f5es.<\/p>\n<p style=\"text-align: justify;\">A forma\u00e7\u00e3o, que conta sempre com um tema espec\u00edfico e \u00e9 preparada com dois anos de anteced\u00eancia, busca desenvolver uma reflex\u00e3o te\u00f3rica, teol\u00f3gica e pastoral sobre os temas da Igreja. Sua proposta metodol\u00f3gica se assenta na realiza\u00e7\u00e3o de confer\u00eancias e outras atividades como conhecimento de experi\u00eancias concretas ligadas ao aprofundamento. Em geral, os conferencistas s\u00e3o convidados vindos de universidades de Roma, ligados aos dicast\u00e9rios\u00a0 e\u00a0 conselhos pontif\u00edcios da Santa S\u00e9, bispos e professores brasileiros.<\/p>\n<p>As inscri\u00e7\u00f5es dos bispos podem ser feitas pelo e-mail: cursobispos@gmail.com<\/p>\n<p>&nbsp;<\/p>\n","protected":false},"excerpt":{"rendered":"<p>O curso, promovido pela arquidiocese do Rio de Janeiro, ser\u00e1 realizado pela primeira vez em formato digital, em fun\u00e7\u00e3o da pandemia da Covid-19, de 26 a 28 de janeiro, com confer\u00eancias de manh\u00e3 e \u00e0 tarde. Dom Rino Fisichella, presidente do Pontif\u00edcio Conselho para a Nova Evangeliza\u00e7\u00e3o da Santa S\u00e9, ser\u00e1 um dos conferencistas. O link para as inscri\u00e7\u00f5es, que d\u00e1 acesso ao curso, foi enviado a todos bispos do pa\u00eds<\/p>\n","protected":false},"author":83,"featured_media":257667,"comment_status":"open","ping_status":"open","sticky":false,"template":"","format":"standard","meta":{"site-sidebar-layout":"default","site-content-layout":"default","ast-global-header-display":"","ast-banner-title-visibility":"","ast-main-header-display":"","ast-hfb-above-header-display":"","ast-hfb-below-header-display":"","ast-hfb-mobile-header-display":"","site-post-title":"","ast-breadcrumbs-content":"","ast-featured-img":"","footer-sml-layout":"","theme-transparent-header-meta":"default","adv-header-id-meta":"","stick-header-meta":"","header-above-stick-meta":"","header-main-stick-meta":"","header-below-stick-meta":""},"categories":[50,2693],"tags":[3304,3303],"acf":[],"_links":{"self":[{"href":"https:\/\/www.cnbb.org.br\/cnbb-app\/wp\/v2\/posts\/257658"}],"collection":[{"href":"https:\/\/www.cnbb.org.br\/cnbb-app\/wp\/v2\/posts"}],"about":[{"href":"https:\/\/www.cnbb.org.br\/cnbb-app\/wp\/v2\/types\/post"}],"author":[{"embeddable":true,"href":"https:\/\/www.cnbb.org.br\/cnbb-app\/wp\/v2\/users\/83"}],"replies":[{"embeddable":true,"href":"https:\/\/www.cnbb.org.br\/cnbb-app\/wp\/v2\/comments?post=257658"}],"version-history":[{"count":0,"href":"https:\/\/www.cnbb.org.br\/cnbb-app\/wp\/v2\/posts\/257658\/revisions"}],"wp:featuredmedia":[{"embeddable":true,"href":"https:\/\/www.cnbb.org.br\/cnbb-app\/wp\/v2\/media\/257667"}],"wp:attachment":[{"href":"https:\/\/www.cnbb.org.br\/cnbb-app\/wp\/v2\/media?parent=257658"}],"wp:term":[{"taxonomy":"category","embeddable":true,"href":"https:\/\/www.cnbb.org.br\/cnbb-app\/wp\/v2\/categories?post=257658"},{"taxonomy":"post_tag","embeddable":true,"href":"https:\/\/www.cnbb.org.br\/cnbb-app\/wp\/v2\/tags?post=257658"}],"curies":[{"name":"wp","href":"https:\/\/api.w.org\/{rel}","templated":true}]}}