{"id":25767,"date":"2015-08-14T00:00:00","date_gmt":"2015-08-14T03:00:00","guid":{"rendered":"https:\/\/www.cnbb.org.br\/sul-2-realizara-1-mutirao-de-comunicacao-do-regional\/"},"modified":"2015-08-14T00:00:00","modified_gmt":"2015-08-14T03:00:00","slug":"sul-2-realizara-1-mutirao-de-comunicacao-do-regional","status":"publish","type":"post","link":"https:\/\/www.cnbb.org.br\/sul-2-realizara-1-mutirao-de-comunicacao-do-regional\/","title":{"rendered":"Regional Sul 2 organiza Mutir\u00e3o de Comunica\u00e7\u00e3o"},"content":{"rendered":"<p style=\"text-align: justify\"><span style=\"font-size: 12.1599998474121px;line-height: 1.3em\">A diocese de Guarapuava (PR) foi escolhida para sediar o 1\u00ba Mutir\u00e3o Paranaense de Comunica\u00e7\u00e3o (Muticom), promovido pela Comiss\u00e3o Episcopal para a Comunica\u00e7\u00e3o do regional Sul 2 da Confer\u00eancia Nacional dos Bispos do Brasil (CNBB).<\/span><\/p>\n<p>  <!--more-->  <\/p>\n<p style=\"text-align: justify\">\u00c0 luz do Documento 99 da CNBB, &#8220;Diret\u00f3rio de Comunica\u00e7\u00e3o da Igreja no Brasil&#8221;, o tema a ser discutido \u00e9 &#8220;Pascom e os desafios da comunica\u00e7\u00e3o na Igreja&#8221;. O encontro ter\u00e1 como objetivo refletir a respeito da comunica\u00e7\u00e3o na Igreja e na sociedade em geral, e abordar novos caminhos, tend\u00eancias e perspectivas. Entre as atividades haver\u00e1 palestras, debates, mesas redonda e oficinas.<\/p>\n<p style=\"text-align: justify\"><strong>Programa\u00e7\u00e3o<\/strong><\/p>\n<p style=\"text-align: justify\">O evento ocorrer\u00e1 entre 23 e 25 de outubro. Algumas palestras j\u00e1 est\u00e3o confirmadas. Juliano Kimura, premiado como melhor profissional de redes sociais 2015 pela ABComm de Inova\u00e7\u00e3o Digital, falar\u00e1 aos participantes sobre as oportunidades e desafios das redes sociais. \u201cO mundo digital cresce r\u00e1pido desde 1998. Sites, redes sociais e aplicativos est\u00e3o mudando a forma como as pessoas se comunicam. Todos os dias novas formas de comunica\u00e7\u00e3o surgem. O que h\u00e1 de novo nesse meio? Quais s\u00e3o os perigos da tecnologia? E mais importante ainda, quais as oportunidades?\u201d, indagou o palestrante.<\/p>\n<p style=\"text-align: justify\"><img decoding=\"async\" loading=\"lazy\" class=\" alignright size-full wp-image-26823\" src=\"https:\/\/www.cnbb.org.br\/wp-content\/uploads\/2020\/03\/Sul2_1Muticom2-270x152-1.jpg\" border=\"0\" width=\"208\" height=\"117\" style=\"float: right\" \/><\/p>\n<p style=\"text-align: justify\">De acordo com o membro da coordena\u00e7\u00e3o da Pastoral da Comunica\u00e7\u00e3o no regional Sul 2, Jorge Teles, diversas parcerias est\u00e3o sendo acertadas para a realiza\u00e7\u00e3o do encontro. \u201cS\u00e3o profissionais da \u00e1rea de comunica\u00e7\u00e3o, professores, empresas e institui\u00e7\u00f5es. Gente de boa vontade que quer ajudar a proporcionar o debate de um tema t\u00e3o importante que \u00e9 a comunica\u00e7\u00e3o\u201d, explicou.<\/p>\n<p style=\"text-align: justify\">A 9\u00aa edi\u00e7\u00e3o do Muticom nacional foi realizada em julho, em Vit\u00f3ria (ES). Segundo Jorge Teles, a inten\u00e7\u00e3o \u00e9 que o Muticom em Guarapuava se torne um evento relevante em \u00e2mbito estadual.<\/p>\n<p style=\"text-align: justify\">As inscri\u00e7\u00f5es estar\u00e3o dispon\u00edveis em breve, por meio do regional. \u201cNum primeiro momento os participantes ser\u00e3o indicados pelas arquidioceses e dioceses. Caso as 150 vagas dispon\u00edveis n\u00e3o sejam totalmente preenchidas, as inscri\u00e7\u00f5es ser\u00e3o abertas a outros interessados\u201d, informou Jorge.<\/p>\n<p style=\"text-align: justify\">A programa\u00e7\u00e3o completa do evento e as formas de participa\u00e7\u00e3o ser\u00e3o divulgadas nas pr\u00f3ximas semanas.<\/p>\n<h5 style=\"text-align: justify\">Com informa\u00e7\u00f5es do regional Sul 2<\/h5>\n","protected":false},"excerpt":{"rendered":"<p>A diocese de Guarapuava (PR) foi escolhida para sediar o 1\u00ba Mutir\u00e3o Paranaense de Comunica\u00e7\u00e3o (Muticom), promovido pela Comiss\u00e3o Episcopal para a Comunica\u00e7\u00e3o do regional Sul 2 da Confer\u00eancia Nacional dos Bispos do Brasil (CNBB).<\/p>\n","protected":false},"author":83,"featured_media":25768,"comment_status":"open","ping_status":"open","sticky":false,"template":"","format":"standard","meta":{"site-sidebar-layout":"default","site-content-layout":"default","ast-global-header-display":"","ast-banner-title-visibility":"","ast-main-header-display":"","ast-hfb-above-header-display":"","ast-hfb-below-header-display":"","ast-hfb-mobile-header-display":"","site-post-title":"","ast-breadcrumbs-content":"","ast-featured-img":"","footer-sml-layout":"","theme-transparent-header-meta":"","adv-header-id-meta":"","stick-header-meta":"","header-above-stick-meta":"","header-main-stick-meta":"","header-below-stick-meta":""},"categories":[769,781],"tags":[],"acf":[],"_links":{"self":[{"href":"https:\/\/www.cnbb.org.br\/cnbb-app\/wp\/v2\/posts\/25767"}],"collection":[{"href":"https:\/\/www.cnbb.org.br\/cnbb-app\/wp\/v2\/posts"}],"about":[{"href":"https:\/\/www.cnbb.org.br\/cnbb-app\/wp\/v2\/types\/post"}],"author":[{"embeddable":true,"href":"https:\/\/www.cnbb.org.br\/cnbb-app\/wp\/v2\/users\/83"}],"replies":[{"embeddable":true,"href":"https:\/\/www.cnbb.org.br\/cnbb-app\/wp\/v2\/comments?post=25767"}],"version-history":[{"count":0,"href":"https:\/\/www.cnbb.org.br\/cnbb-app\/wp\/v2\/posts\/25767\/revisions"}],"wp:featuredmedia":[{"embeddable":true,"href":"https:\/\/www.cnbb.org.br\/cnbb-app\/wp\/v2\/media\/25768"}],"wp:attachment":[{"href":"https:\/\/www.cnbb.org.br\/cnbb-app\/wp\/v2\/media?parent=25767"}],"wp:term":[{"taxonomy":"category","embeddable":true,"href":"https:\/\/www.cnbb.org.br\/cnbb-app\/wp\/v2\/categories?post=25767"},{"taxonomy":"post_tag","embeddable":true,"href":"https:\/\/www.cnbb.org.br\/cnbb-app\/wp\/v2\/tags?post=25767"}],"curies":[{"name":"wp","href":"https:\/\/api.w.org\/{rel}","templated":true}]}}