{"id":257704,"date":"2021-01-15T09:37:32","date_gmt":"2021-01-15T12:37:32","guid":{"rendered":"https:\/\/www.cnbb.org.br\/?p=257704"},"modified":"2021-01-15T09:37:59","modified_gmt":"2021-01-15T12:37:59","slug":"chamado-resposta-e-missao","status":"publish","type":"post","link":"https:\/\/www.cnbb.org.br\/chamado-resposta-e-missao\/","title":{"rendered":"Chamado, resposta e miss\u00e3o"},"content":{"rendered":"<p style=\"text-align: right;\"><strong>Dom Alberto Taveira Corr\u00eaa<\/strong><br \/>\n<strong>Arcebispo de Bel\u00e9m do Par\u00e1 (PA)<\/strong><\/p>\n<p style=\"text-align: justify;\">\n<p style=\"text-align: justify;\">Terminado o tempo que pode ser chamado das Teofanias \u2013 Manifesta\u00e7\u00f5es de Deus \u2013, quando recordamos a Visita dos S\u00e1bios do Oriente a Bel\u00e9m, o Batismo do Senhor no Rio Jord\u00e3o e as Bodas de Can\u00e1, a Igreja abre os nossos olhos para o chamado de Deus, realidade presente na vida de todos n\u00f3s crist\u00e3os, seja qual for a idade ou estado de vida. S\u00e3o mensagens que nos envolvem com pessoas concretas, chamem-se elas Samuel (1 Sm 3,3-10.19) Jo\u00e3o, Andr\u00e9 ou Sim\u00e3o Pedro, mas nosso nome pode ser inclu\u00eddo nesta lista que vai se ampliando no correr dos tempos.<\/p>\n<p style=\"text-align: justify;\">O chamado de Deus pode ocorrer de v\u00e1rias formas. Em nosso tempo, muitas vezes encontramos jovens que se sentiram atra\u00eddos para a vida sacerdotal atrav\u00e9s da vida lit\u00fargica e as atividades pastorais e formativas nas Par\u00f3quias. Dentro do cora\u00e7\u00e3o, pode surgir o desejo de servi\u00e7o ao Senhor, que pronuncia o nome da pessoa no sil\u00eancio profundo da ora\u00e7\u00e3o. Outros foram \u201cvistos\u201d por Jesus, como ocorreu com a voca\u00e7\u00e3o de Mateus, o publicano (Cf. Mc 2,1-17). As experi\u00eancias mission\u00e1rias e o testemunho de sacerdotes, religiosos, religiosas, membros de Comunidades novas e outras atividades apost\u00f3licas praticamente arrastaram muita gente ao servi\u00e7o de Deus, com prontid\u00e3o para ir at\u00e9 os confins da terra. Nos meses de dezembro e janeiro, Dom Ant\u00f4nio e eu testemunhamos a flora\u00e7\u00e3o de voca\u00e7\u00f5es ao Sacramento da Ordem. Na Arquidiocese, foram ordenados padres: um capuchinho, um redentorista, religiosos nascidos em Bel\u00e9m, e seis padres diocesanos, dois dos quais africanos que fizeram aqui toda a sua forma\u00e7\u00e3o. Al\u00e9m dos padres, foram ordenados vinte e sete di\u00e1conos permanentes. Cada um deles com sua hist\u00f3ria, suas lutas, seu car\u00e1ter e, mais do que tudo, a certeza da gra\u00e7a que os tocou! A maior parte das voca\u00e7\u00f5es sacerdotais e diaconais, nascida e formada aqui, em nossa Arquidiocese.<\/p>\n<p style=\"text-align: justify;\">Tenho encontrado muitas pessoas que foram diretamente chamadas ao servi\u00e7o de Deus, quando, a conselho de S\u00e3o Jo\u00e3o Paulo II, muitos Bispos, Sacerdotes, Religiosos e Religiosas t\u00eam tido a coragem de olhar nos olhos de algu\u00e9m e fazer explicitamente o convite ao servi\u00e7o de Deus! J\u00e1 vi jovens com outros prop\u00f3sitos da vida deixarem tudo para o servi\u00e7o de Deus, de forma corajosa e decidida. Tenho a certeza de que este modo de chamar continuar\u00e1 sempre presente na Igreja.<\/p>\n<p style=\"text-align: justify;\">Muitas pessoas experimentaram o chamado \u00e0 gra\u00e7a do matrim\u00f4nio, voca\u00e7\u00e3o important\u00edssima na vida da Igreja, ao se depararem com aquela \u201cMaria\u201d ou aquele \u201cJos\u00e9\u201d para constru\u00edrem uma futura e aben\u00e7oada fam\u00edlia. Neste m\u00eas de janeiro, s\u00e3o dois recuperados na Fazenda da Esperan\u00e7a que tenho a alegria de testemunhar o matrim\u00f4nio, por terem encontrado a esposa que lhes foi dada de presente pelo pr\u00f3prio Deus. Cada Matrim\u00f4nio celebrado na Capela da Fazenda se transforma numa linda pastoral vocacional para este Sacramento. E l\u00e1 mesmo, nos \u00faltimos dois meses, tr\u00eas dos nossos acolhidos decidiram consagrar sua vida para \u201cdar de gra\u00e7a\u201d o que receberam de gra\u00e7a, indo para outros lugares com esp\u00edrito de servi\u00e7o e alma de consagra\u00e7\u00e3o. Um deles me disse estar disposto a ir a qualquer parte do mundo como consagrado a Deus!<\/p>\n<p style=\"text-align: justify;\">Todo chamado vindo de Deus \u00e9 uma provoca\u00e7\u00e3o positiva \u00e0 nossa liberdade! Samuel, depois de discernir a voz do Senhor, teve a coragem de dizer \u201cFala Senhor, que teu servo escuta!\u201d E dali para frente \u201cn\u00e3o deixava cair por terra nenhuma de suas palavras\u201d. No Evangelho proclamado no pr\u00f3ximo final de semana (Jo 1,35-42), Andr\u00e9 e provavelmente Jo\u00e3o, antes disc\u00edpulos de Jo\u00e3o Batista, aproximam-se do Senhor, que os provoca realmente: \u201cO que estais procurando?\u201d Desejavam saber onde Jesus morava, ficaram com ele aquela tarde e pelo resto da vida. Andr\u00e9 foi instrumento para o chamado de seu irm\u00e3o Sim\u00e3o, que ganhou at\u00e9 um nome novo, Cefas \u2013 Pedra! Deixaram tudo, redes, fam\u00edlia, seguran\u00e7a, ganhames de publicano, como Mateus! Deram um passo, ofereceram sua resposta, na obla\u00e7\u00e3o que agrada mais a Deus, a da pr\u00f3pria liberdade. E isso vale tamb\u00e9m para outras voca\u00e7\u00f5es, como aquela do matrim\u00f4nio, quando o homem e a mulher deixam a pr\u00f3pria fam\u00edlia, arriscando-se num futuro a ser constru\u00eddo a dois, na fidelidade rec\u00edproca, na fecundidade a eles prometida pela gra\u00e7a. Mas se arriscam, sim, deixando tudo! Maravilha das maravilhas a gra\u00e7a da voca\u00e7\u00e3o.<\/p>\n<p style=\"text-align: justify;\">A resposta traz consigo um outro passo, a miss\u00e3o. Para os crist\u00e3os, fam\u00edlia \u00e9 fam\u00edlia em miss\u00e3o, com responsabilidades na Igreja, na Comunidade, na Par\u00f3quia e na Sociedade. Nenhuma das voca\u00e7\u00f5es elencadas existe para as pessoas apenas se espelharem, orgulhosas e vaidosas das pr\u00f3prias conquistas. Ningu\u00e9m gera filhos como propriedade a ser ciosamente guardada, mas os faz para a Igreja e para o mundo, pois um dia estes filhos sair\u00e3o do rega\u00e7o dos pais para formarem provavelmente outras fam\u00edlias. Hoje j\u00e1 existem, tamb\u00e9m em nossa Arquidiocese, fam\u00edlias mission\u00e1rias, nas quais tamb\u00e9m os filhos partem para lugares distantes junto com os pais para evangelizar! Beleza indescrit\u00edvel da vida da Igreja!<\/p>\n<p style=\"text-align: justify;\">E os que se consagram na vida religiosa, mission\u00e1ria ou sacerdotal sabem que o que receberam de gra\u00e7a haver\u00e1 de ser oferecido aos outros, onde quer que Deus os envie, atrav\u00e9s do minist\u00e9rio da Igreja, indo at\u00e9 os confins da terra, pobres, castos e obedientes!<\/p>\n<p style=\"text-align: justify;\">O que sustenta as voca\u00e7\u00f5es? A gra\u00e7a de Deus. Para acolh\u00ea-la, faz-se necess\u00e1rio que todos os crist\u00e3os, homens e mulheres, tenham como ponto de refer\u00eancia o Senhor, o que se expressa na escuta da Palavra, na vida consistente de Ora\u00e7\u00e3o, na pr\u00e1tica Sacramental e na viv\u00eancia em Comunidade, al\u00e9m de uma boa e segura dire\u00e7\u00e3o espiritual. Para identificar, dar a resposta aos apelos de Deus e ser fi\u00e9is, \u00e9 necess\u00e1rio olhar para o alto e para frente, lan\u00e7ando no mar da miseric\u00f3rdia de Deus todas as suas fraquezas e receios, com a disposi\u00e7\u00e3o para fazer o bem do jeito que Deus mostrar, onde quer que seja, com a gloriosa liberdade dos filhos de Deus!<\/p>\n","protected":false},"excerpt":{"rendered":"<p>Dom Alberto Taveira Corr\u00eaa Arcebispo de Bel\u00e9m do Par\u00e1 (PA) Terminado o tempo que pode ser chamado das Teofanias \u2013 Manifesta\u00e7\u00f5es de Deus \u2013, quando recordamos a Visita dos S\u00e1bios do Oriente a Bel\u00e9m, o Batismo do Senhor no Rio Jord\u00e3o e as Bodas de Can\u00e1, a Igreja abre os nossos olhos para o chamado &hellip;<\/p>\n<p class=\"read-more\"> <a class=\"\" href=\"https:\/\/www.cnbb.org.br\/chamado-resposta-e-missao\/\"> <span class=\"screen-reader-text\">Chamado, resposta e miss\u00e3o<\/span> Leia mais &raquo;<\/a><\/p>\n","protected":false},"author":21,"featured_media":0,"comment_status":"open","ping_status":"open","sticky":false,"template":"","format":"standard","meta":{"site-sidebar-layout":"default","site-content-layout":"default","ast-global-header-display":"","ast-banner-title-visibility":"","ast-main-header-display":"","ast-hfb-above-header-display":"","ast-hfb-below-header-display":"","ast-hfb-mobile-header-display":"","site-post-title":"","ast-breadcrumbs-content":"","ast-featured-img":"","footer-sml-layout":"","theme-transparent-header-meta":"default","adv-header-id-meta":"","stick-header-meta":"","header-above-stick-meta":"","header-main-stick-meta":"","header-below-stick-meta":""},"categories":[758],"tags":[],"acf":[],"_links":{"self":[{"href":"https:\/\/www.cnbb.org.br\/cnbb-app\/wp\/v2\/posts\/257704"}],"collection":[{"href":"https:\/\/www.cnbb.org.br\/cnbb-app\/wp\/v2\/posts"}],"about":[{"href":"https:\/\/www.cnbb.org.br\/cnbb-app\/wp\/v2\/types\/post"}],"author":[{"embeddable":true,"href":"https:\/\/www.cnbb.org.br\/cnbb-app\/wp\/v2\/users\/21"}],"replies":[{"embeddable":true,"href":"https:\/\/www.cnbb.org.br\/cnbb-app\/wp\/v2\/comments?post=257704"}],"version-history":[{"count":0,"href":"https:\/\/www.cnbb.org.br\/cnbb-app\/wp\/v2\/posts\/257704\/revisions"}],"wp:attachment":[{"href":"https:\/\/www.cnbb.org.br\/cnbb-app\/wp\/v2\/media?parent=257704"}],"wp:term":[{"taxonomy":"category","embeddable":true,"href":"https:\/\/www.cnbb.org.br\/cnbb-app\/wp\/v2\/categories?post=257704"},{"taxonomy":"post_tag","embeddable":true,"href":"https:\/\/www.cnbb.org.br\/cnbb-app\/wp\/v2\/tags?post=257704"}],"curies":[{"name":"wp","href":"https:\/\/api.w.org\/{rel}","templated":true}]}}