{"id":25775,"date":"2015-09-28T00:00:00","date_gmt":"2015-09-28T03:00:00","guid":{"rendered":"https:\/\/www.cnbb.org.br\/sul-2-aprova-diretrizes-gerais-para-o-proximo-quadrienio-do-regional\/"},"modified":"2015-09-28T00:00:00","modified_gmt":"2015-09-28T03:00:00","slug":"sul-2-aprova-diretrizes-gerais-para-o-proximo-quadrienio-do-regional","status":"publish","type":"post","link":"https:\/\/www.cnbb.org.br\/sul-2-aprova-diretrizes-gerais-para-o-proximo-quadrienio-do-regional\/","title":{"rendered":"Sul 2 aprova Diretrizes Gerais para o pr\u00f3ximo quadri\u00eanio do regional"},"content":{"rendered":"<p style=\"text-align: justify\">Assembleia definiu urg\u00eancias para a Igreja local e sua contempla\u00e7\u00e3o nos Planos de A\u00e7\u00e3o nas dioceses e par\u00f3quias<\/p>\n<p>  <!--more-->  <\/p>\n<p>Representantes do regional Sul 2 da Confer\u00eancia Nacional dos Bispos do Brasil (CNBB), que abrange o estado do Paran\u00e1, reuniram-se,\u00a0de 25 a 27 de setembro, na Casa de Retiros Nossa Senhora do Mossungu\u00ea, em Curitiba (PR), em Assembleia Regional, a fim de atualizar as diretrizes do regional.<\/p>\n<p style=\"text-align: justify\">A\u00a0atualiza\u00e7\u00e3o j\u00e1 havia sido discutida em\u00a0encontros anteriores com coordenadores de pastorais e movimentos, com coordenadores diocesanos da A\u00e7\u00e3o Evangelizadora e reuni\u00f5es do episcopado regional, para que houvesse uma vers\u00e3o pr\u00e9via para a Assembleia.<\/p>\n<p style=\"text-align: justify\">O grupo presente aprovou a atualiza\u00e7\u00e3o das Diretrizes Gerais da A\u00e7\u00e3o Evangelizadora (DGAE) para o quadri\u00eanio 2015-2019, e em breve elas ser\u00e3o publicadas no formato de folder para que sejam encaminhadas a todo o regional. As urg\u00eancias apontadas pelas Diretrizes poder\u00e3o ser contempladas na \u00edntegra ou parcialmente na composi\u00e7\u00e3o dos Planos de A\u00e7\u00e3o Evangelizadora nas dioceses e par\u00f3quias paranaenses. \u00a0<\/p>\n<p style=\"text-align: justify\">Entre as urg\u00eancias locais\u00a0para o per\u00edodo est\u00e3o a valoriza\u00e7\u00e3o da Pastoral da Comunica\u00e7\u00e3o (Pascom) como instrumento de missionariedade; a sustenta\u00e7\u00e3o da \u201cMiss\u00e3o Cat\u00f3lica Beato Paulo VI\u201d; a continuidade ao processo de Inicia\u00e7\u00e3o \u00e0 Vida Crist\u00e3 com crian\u00e7as, adolescentes e adultos, com destaque para a reciprocidade entre catequese e liturgia; a promo\u00e7\u00e3o da Leitura Orante, tornando-a presente em todos os encontros eclesiais; a promo\u00e7\u00e3o da Pastoral do D\u00edzimo como express\u00e3o de f\u00e9 e perten\u00e7a \u00e0 comunidade; a defesa, com olhar misericordioso, da dignidade da vida humana desde a concep\u00e7\u00e3o at\u00e9 o seu fim natural, com aten\u00e7\u00e3o especial \u00e0s situa\u00e7\u00f5es relativas \u00e0 vulnerabilidade social; a continuidade do processo de conscientiza\u00e7\u00e3o dos problemas relativos a festas com bebidas alco\u00f3licas; entre outras.<\/p>\n<p style=\"text-align: justify\">Ao final da Assembleia o arcebispo de Cascavel (PR) e presidente do regional, dom Mauro Aparecido dos Santos, afirmou que as diretrizes \u201cforam muito bem contempladas e que h\u00e1 maturidade na Igreja do Paran\u00e1, uma unidade na diversidade\u201d.<\/p>\n<p style=\"text-align: justify\">Na avalia\u00e7\u00e3o do bispo de S\u00e3o Jos\u00e9 dos Pinhais (PR) e secret\u00e1rio do regional, dom Francisco Carlos Bach, \u201cembora em alguns casos haja perspectivas de trabalhos diferentes, em certas linhas h\u00e1 a vontade de trabalhar unidos, respeitando uns aos outros\u201d.<\/p>\n<h5 style=\"text-align: justify\">Com informa\u00e7\u00f5es e foto do regional Sul 2<\/h5>\n","protected":false},"excerpt":{"rendered":"<p>Assembleia definiu urg\u00eancias para a Igreja local e sua contempla\u00e7\u00e3o nos Planos de A\u00e7\u00e3o nas dioceses e par\u00f3quias<\/p>\n","protected":false},"author":83,"featured_media":25776,"comment_status":"open","ping_status":"open","sticky":false,"template":"","format":"standard","meta":{"site-sidebar-layout":"default","site-content-layout":"default","ast-global-header-display":"","ast-banner-title-visibility":"","ast-main-header-display":"","ast-hfb-above-header-display":"","ast-hfb-below-header-display":"","ast-hfb-mobile-header-display":"","site-post-title":"","ast-breadcrumbs-content":"","ast-featured-img":"","footer-sml-layout":"","theme-transparent-header-meta":"","adv-header-id-meta":"","stick-header-meta":"","header-above-stick-meta":"","header-main-stick-meta":"","header-below-stick-meta":""},"categories":[769,781],"tags":[],"acf":[],"_links":{"self":[{"href":"https:\/\/www.cnbb.org.br\/cnbb-app\/wp\/v2\/posts\/25775"}],"collection":[{"href":"https:\/\/www.cnbb.org.br\/cnbb-app\/wp\/v2\/posts"}],"about":[{"href":"https:\/\/www.cnbb.org.br\/cnbb-app\/wp\/v2\/types\/post"}],"author":[{"embeddable":true,"href":"https:\/\/www.cnbb.org.br\/cnbb-app\/wp\/v2\/users\/83"}],"replies":[{"embeddable":true,"href":"https:\/\/www.cnbb.org.br\/cnbb-app\/wp\/v2\/comments?post=25775"}],"version-history":[{"count":0,"href":"https:\/\/www.cnbb.org.br\/cnbb-app\/wp\/v2\/posts\/25775\/revisions"}],"wp:featuredmedia":[{"embeddable":true,"href":"https:\/\/www.cnbb.org.br\/cnbb-app\/wp\/v2\/media\/25776"}],"wp:attachment":[{"href":"https:\/\/www.cnbb.org.br\/cnbb-app\/wp\/v2\/media?parent=25775"}],"wp:term":[{"taxonomy":"category","embeddable":true,"href":"https:\/\/www.cnbb.org.br\/cnbb-app\/wp\/v2\/categories?post=25775"},{"taxonomy":"post_tag","embeddable":true,"href":"https:\/\/www.cnbb.org.br\/cnbb-app\/wp\/v2\/tags?post=25775"}],"curies":[{"name":"wp","href":"https:\/\/api.w.org\/{rel}","templated":true}]}}